{"id":159039,"date":"2022-07-13T11:19:54","date_gmt":"2022-07-13T08:19:54","guid":{"rendered":"https:\/\/www.enerjigazetesi.ist\/?p=159039"},"modified":"2022-07-13T11:19:54","modified_gmt":"2022-07-13T08:19:54","slug":"yarini-kodlayanlar-bm-surdurulebilir-kalkinma-ust-duzey-siyasi-forumu-nda","status":"publish","type":"post","link":"https:\/\/www.enerjigazetesi.ist\/en\/yarini-kodlayanlar-bm-surdurulebilir-kalkinma-ust-duzey-siyasi-forumu-nda\/","title":{"rendered":"(Turkish) &#8217;Yar\u0131n\u0131 Kodlayanlar&#8217; BM S\u00fcrd\u00fcr\u00fclebilir Kalk\u0131nma \u00dcst D\u00fczey Siyasi Forumu\u2019nda!"},"content":{"rendered":"<p class=\"qtranxs-available-languages-message qtranxs-available-languages-message-en\">Sorry, this entry is only available in <a href=\"https:\/\/www.enerjigazetesi.ist\/tr\/wp-json\/wp\/v2\/posts\/159039\" class=\"qtranxs-available-language-link qtranxs-available-language-link-tr\" title=\"Turkish\">Turkish<\/a>. For the sake of viewer convenience, the content is shown below in the alternative language. You may click the link to switch the active language.<\/p><p><\/p>\n<h2><strong>T\u00fcrkiye Vodafone Vakf\u0131<\/strong>\u00a0ve <strong>Habitat Derne\u011fi\u00a0<\/strong>taraf\u0131ndan \u00e7ocuklar\u0131 dijital gelece\u011fe haz\u0131rlama hedefiyle hayata ge\u00e7irilen <strong>\u201cYar\u0131n\u0131 Kodlayanlar\u201d<\/strong> projesi uluslararas\u0131 ba\u015far\u0131lar\u0131na bir yenisini daha eklerken T\u00fcrkiye\u2019nin d\u00f6rt bir yan\u0131nda <strong>260 bini<\/strong> a\u015fk\u0131n \u00e7ocu\u011fa ula\u015fan proje, ge\u00e7en y\u0131l d\u00fczenlenen Birle\u015fmi\u015f Milletler D\u00fcnya Bilgi Toplumu Zirvesi\u2019nin ard\u0131ndan bu y\u0131l da <strong>Birle\u015fmi\u015f Milletler S\u00fcrd\u00fcr\u00fclebilir Kalk\u0131nma \u00dcst D\u00fczey Siyasi Forumu\u2019nda<\/strong> yer ald\u0131.<\/h2>\n<p>Projeye \u00f6zel olarak <strong>online ortamda<\/strong> ger\u00e7ekle\u015ftirilen oturuma <em>T\u00fcrkiye Vodafone Vakf\u0131 Ba\u015fkan\u0131<\/em> <strong>Hasan S\u00fcel,<\/strong> <em>Habitat Derne\u011fi Y\u00f6netim Kurulu Ba\u015fkan Yard\u0131mc\u0131s\u0131<\/em> <strong>Civan S\u00f6zkesen<\/strong> ve Yar\u0131n\u0131 Kodlayanlar <img loading=\"lazy\" class=\"alignright wp-image-159041\" src=\"https:\/\/www.enerjigazetesi.ist\/wp-content\/uploads\/2022\/07\/yarini-kodlayanlar-bm-surdurulebilir-kalkinma-ust-duzey-siyasi-forumunda.jpg\" alt=\"\" width=\"320\" height=\"202\" srcset=\"https:\/\/www.enerjigazetesi.ist\/wp-content\/uploads\/2022\/07\/yarini-kodlayanlar-bm-surdurulebilir-kalkinma-ust-duzey-siyasi-forumunda.jpg 550w, https:\/\/www.enerjigazetesi.ist\/wp-content\/uploads\/2022\/07\/yarini-kodlayanlar-bm-surdurulebilir-kalkinma-ust-duzey-siyasi-forumunda-300x189.jpg 300w, https:\/\/www.enerjigazetesi.ist\/wp-content\/uploads\/2022\/07\/yarini-kodlayanlar-bm-surdurulebilir-kalkinma-ust-duzey-siyasi-forumunda-500x315.jpg 500w, https:\/\/www.enerjigazetesi.ist\/wp-content\/uploads\/2022\/07\/yarini-kodlayanlar-bm-surdurulebilir-kalkinma-ust-duzey-siyasi-forumunda-80x50.jpg 80w\" sizes=\"(max-width: 320px) 100vw, 320px\" \/>G\u00f6n\u00fcll\u00fc E\u011fitmeni <strong>Melike Su Uzun<\/strong> konu\u015fmac\u0131 olarak kat\u0131ld\u0131. Oturumda, projenin <strong>6 y\u0131ll\u0131k<\/strong> yolculu\u011fu ve elde edilen ba\u015far\u0131 hikayeleri payla\u015f\u0131ld\u0131.<\/p>\n<p><strong>T\u00fcrkiye Vodafone Vakf\u0131 Ba\u015fkan\u0131 Hasan S\u00fcel,\u00a0<\/strong><span style=\"text-decoration: underline;\">\u015funlar\u0131 s\u00f6yledi:<\/span><\/p>\n<p>\u201cT\u00fcrkiye Vodafone Vakf\u0131 ve Habitat Derne\u011fi olarak, dijital gelece\u011fe haz\u0131r nesiller yeti\u015ftirme hedefiyle<strong> 6 y\u0131l \u00f6nce<\/strong> ba\u015flatt\u0131\u011f\u0131m\u0131z <strong>\u2018Yar\u0131n\u0131 Kodlayanlar\u2019 projesini<\/strong> b\u00fcy\u00fck bir kararl\u0131l\u0131kla s\u00fcrd\u00fcr\u00fcyoruz. Teknolojiyi insanl\u0131\u011f\u0131n iyili\u011fi i\u00e7in, <strong>toplumun sosyal bir ihtiyac\u0131na cevap vermek<\/strong> i\u00e7in nas\u0131l kullanabiliriz diye d\u00fc\u015f\u00fcnd\u00fc\u011f\u00fcm\u00fcz bir d\u00f6nemde, dedik ki, biz \u00f6nce insanlar\u0131n<strong> teknoloji okuryazarl\u0131\u011f\u0131n\u0131<\/strong>, <strong>teknolojiye olan yatk\u0131nl\u0131\u011f\u0131n\u0131 art\u0131rmak<\/strong> i\u00e7in bir proje yapal\u0131m ve \u00e7ocuklardan ba\u015flayal\u0131m. B\u00f6ylece, <strong>A\u011fustos 2016<\/strong>\u2019da Habitat Derne\u011fi i\u015fbirli\u011fiyle<strong> 7-14 ya\u015f<\/strong> aras\u0131ndaki \u00e7ocuklar\u0131m\u0131za <strong>dijital d\u00fcnyan\u0131n lisan\u0131n\u0131 kodlamay\u0131<\/strong> \u00f6\u011fretmeye ba\u015flad\u0131k. \u2018Yar\u0131n\u0131 Kodlayanlar\u2019 projemizle, t\u00fcketen de\u011fil, \u00fcreten bir neslin yeti\u015fmesine katk\u0131da bulunmak istiyoruz. Bug\u00fcne kadar <strong>81<\/strong> ilde <strong>260 bini a\u015fk\u0131n<\/strong> \u00e7ocu\u011fumuza kodlama \u00f6\u011frettik. \u00d6n\u00fcm\u00fczdeki y\u0131l <strong>\u00f6\u011frenci, \u00f6\u011fretmen<\/strong> ve <strong>aileler<\/strong> dahil <strong>92 bin ki\u015fiye<\/strong> daha<strong> teknoloji e\u011fitimi<\/strong> vermeyi hedefliyoruz. \u2018Yar\u0131n\u0131 Kodlayanlar\u2019 projemiz <strong>\u00e7ocuklar\u0131m\u0131z, velilerimiz<\/strong> ve <strong>g\u00f6n\u00fcll\u00fclerimiz<\/strong> \u00fczerinde \u00f6nemli ve olumlu y\u00f6nde de\u011fi\u015fimler yaratmaya devam ediyor. Bu y\u0131l <strong>3&#8217;\u00fcnc\u00fc kez<\/strong> yay\u0131nlad\u0131\u011f\u0131m\u0131z sosyal etki raporuna g\u00f6re, proje kapsam\u0131nda <strong>son 1 y\u0131lda<\/strong> elde etti\u011fimiz toplam sosyal de\u011fer yakla\u015f\u0131k <strong>14 milyon TL<\/strong> oldu. Projeye yapt\u0131\u011f\u0131m\u0131z her <strong>1 TL<\/strong>\u2019lik yat\u0131r\u0131m\u0131n<strong> 7,7 TL<\/strong> de\u011ferinde <strong>sosyal getiri yaratt\u0131\u011f\u0131n\u0131<\/strong> g\u00f6rd\u00fck. Ge\u00e7en y\u0131l projemizi <strong>Birle\u015fmi\u015f Milletler D\u00fcnya Bilgi Toplumu Zirvesi<\/strong>\u2019nde t\u00fcm d\u00fcnyaya tan\u0131tma imkan\u0131 bulmu\u015ftuk. Bu y\u0131l da Birle\u015fmi\u015f Milletler S\u00fcrd\u00fcr\u00fclebilir Kalk\u0131nma \u00dcst D\u00fczey Siyasi Forumu\u2019na kat\u0131larak ikinci kez Birle\u015fmi\u015f Milletler sahnesinde yer alman\u0131n gururunu ya\u015f\u0131yoruz. \u2018Yar\u0131n\u0131 Kodlayanlar\u2019 \u00e7at\u0131s\u0131 alt\u0131nda <strong>gen\u00e7 nesilleri dijital gelece\u011fe haz\u0131rlamaya<\/strong> devam edece\u011fiz.\u201d<\/p>\n<p><strong>Habitat Derne\u011fi Y\u00f6netim Kurulu Ba\u015fkan Yard\u0131mc\u0131s\u0131 Civan S\u00f6zkesen<\/strong>\u00a0ise <span style=\"text-decoration: underline;\">\u015f\u00f6yle konu\u015ftu:<\/span><\/p>\n<p>\u201c\u2019Yar\u0131n\u0131 Kodlayanlar\u2019 projesiyle \u00fclkemizdeki dijital u\u00e7urumu kapatmak i\u00e7in \u00e7al\u0131\u015fmalar\u0131m\u0131za devam ediyoruz. T\u00fcrkiye Vodafone Vakf\u0131 ile birlikte <strong>6 y\u0131l \u00f6nce<\/strong> ba\u015flad\u0131\u011f\u0131m\u0131z projemizde \u00e7ocuklar\u0131n sadece t\u00fcketen de\u011fil, <strong>teknolojiyi bilen<\/strong> ve <strong>\u00fcreten<\/strong> bir nesil olmas\u0131 i\u00e7in <strong>t\u00fcm e\u011fitimlerimizi<\/strong> ve <strong>etkinliklerimizi<\/strong> yayg\u0131nla\u015ft\u0131r\u0131yoruz. Proje kapsam\u0131nda ger\u00e7ekle\u015ftirdi\u011fimiz <strong>hackathon<\/strong>\u2019lar ve <strong>fikir maratonlar\u0131<\/strong> ile \u00e7ocuklar\u0131n projede \u00f6\u011frendi\u011fi bilgileri \u00e7ocuklarla birlikte <strong>k\u00fcresel sorunlar\u0131 \u00e7\u00f6zmek<\/strong> i\u00e7in kullanman\u0131n yollar\u0131n\u0131 g\u00f6steriyoruz. <strong>Pandemi d\u00f6nemi<\/strong> bir\u00e7ok alan\u0131 etkiledi\u011fi gibi<strong> \u00f6rg\u00fcn e\u011fitimi<\/strong> de <strong>derinden etkiledi<\/strong> ve<strong> \u00e7evrimi\u00e7i ortamda<\/strong> verilen e\u011fitim faaliyetlerinin ba\u015flamas\u0131 ile e\u011fitimde f\u0131rsat e\u015fitli\u011fini de her zamankinden daha \u00e7ok tart\u0131\u015fmaya ba\u015flad\u0131k. Bu d\u00f6nemde dezavantajl\u0131 b\u00f6lgelerdeki \u00e7ocuklar\u0131m\u0131z\u0131n <strong>e\u011fitim<\/strong> ve<strong> teknolojiye eri\u015fim<\/strong> durumlar\u0131 daha da zorla\u015ft\u0131. T\u00fcm bu sebeplerden dolay\u0131, \u00f6zellikle k\u0131rsal b\u00f6lgelerdeki \u00e7ocuklar\u0131m\u0131za e\u011fitimde <strong>daha fazla f\u0131rsat e\u015fitli\u011fi sa\u011flamak<\/strong> ve <strong>teknolojiye eri\u015fimlerini kolayla\u015ft\u0131rmak<\/strong> ad\u0131na \u2018Yar\u0131n\u0131 Kodlayanlar\u2019 projemizin i\u00e7eri\u011fini geni\u015flettik ve \u00fclkemizin farkl\u0131 noktalar\u0131ndaki<strong> 30 k\u00f6y okuluna<\/strong> tam donan\u0131ml\u0131 teknoloji s\u0131n\u0131flar\u0131 a\u00e7t\u0131k. Bu sene <strong>15 k\u00f6y okuluna<\/strong> daha destek verece\u011fiz. Projemizin etkilerini <strong>sosyal etki analizi<\/strong> ile de g\u00f6rm\u00fc\u015f olduk. Projeye yap\u0131lan yat\u0131r\u0131m\u0131n etkisi <strong>%75<\/strong> artarak <strong>7,7\u2019ye<\/strong> ula\u015fm\u0131\u015f oldu.<strong> E\u011fitimlerin i\u00e7eriklerini geli\u015ftirmek<\/strong> i\u00e7in yer ald\u0131\u011f\u0131m\u0131z uluslararas\u0131 organizasyonlar\u0131n yan\u0131 s\u0131ra bu sene<strong> Birle\u015fmi\u015f Milletler S\u00fcrd\u00fcr\u00fclebilir Kalk\u0131nma \u00dcst D\u00fczey Siyasi Forumu<\/strong>\u2019na da kat\u0131larak kendi bilgi birikimimizi di\u011fer \u00fclkelere aktarma f\u0131rsat\u0131n\u0131 yakalam\u0131\u015f olduk.<strong> \u2018Yar\u0131n\u0131 Kodlayanlar\u2019<\/strong> ile<strong> \u00fclkemizdeki dijital u\u00e7urumu<\/strong> kapatmak i\u00e7in \u00e7al\u0131\u015fmalar\u0131m\u0131za devam edece\u011fiz.\u201d<\/p>\n<h3><strong>260 bini a\u015fk\u0131n \u00e7ocu\u011fa ula\u015f\u0131ld\u0131<\/strong><\/h3>\n<p><strong>\u201cYar\u0131n\u0131 Kodlayanlar\u201d projesi<\/strong>yle, T\u00fcrkiye\u2019nin d\u00f6rt bir yan\u0131nda ya\u015flar\u0131 <strong>07-14<\/strong> aras\u0131nda de\u011fi\u015fen \u00e7ocuklara <strong>g\u00f6n\u00fcll\u00fc e\u011fitmenlerin<\/strong> y\u00f6netiminde <strong>programlamaya giri\u015f, algoritma mant\u0131\u011f\u0131, uygulama yapma, hik\u00e2ye olu\u015fturma<\/strong> ve<strong> oyun yapma<\/strong> gibi konularda<strong> teorik<\/strong> ve <strong>uygulamal\u0131 e\u011fitimler<\/strong> veriliyor. E\u011fitimlerde <strong>\u00e7ocuklara programlama<\/strong> hakk\u0131nda<strong> fikir sahibi olma<\/strong>, <strong>yarat\u0131c\u0131l\u0131klar\u0131n\u0131 ortaya \u00e7\u0131karacak<\/strong> \u00e7al\u0131\u015fmalar yapma, kendi hayal d\u00fcnyalar\u0131n\u0131 olu\u015fturma, kendi oyunlar\u0131n\u0131 \u00fcretme imkan\u0131 sunuluyor. Son<strong> 1<\/strong> y\u0131lda <strong>14 milyon TL\u2019lik<\/strong> sosyal de\u011fer elde edilen proje i\u00e7in yap\u0131lan\u00a0her <strong>1 TL\u2019lik<\/strong> yat\u0131r\u0131m <strong>7,7 TL\u2019lik<\/strong> sosyal getiri sa\u011flad\u0131.<strong>\u00a0<\/strong>Bug\u00fcne kadar <strong>81 ilde 260 bini a\u015fk\u0131n<\/strong> \u00e7ocu\u011fa ula\u015fan\u00a0proje kapsam\u0131nda \u00f6n\u00fcm\u00fczdeki bir y\u0131lda<strong> \u00f6\u011frenci, \u00f6\u011fretmen<\/strong> ve <strong>aileler<\/strong> dahil <strong>92 bin<\/strong> ki\u015fiye daha<strong> teknoloji e\u011fitimi verilmesi<\/strong> hedefleniyor.<\/p>","protected":false},"excerpt":{"rendered":"<p>Sorry, this entry is only available in Turkish. For the sake of viewer convenience, the content is shown below in the alternative language. You may click the link to switch the active language. T\u00fcrkiye Vodafone Vakf\u0131\u00a0ve Habitat Derne\u011fi\u00a0taraf\u0131ndan \u00e7ocuklar\u0131 dijital gelece\u011fe haz\u0131rlama hedefiyle hayata ge\u00e7irilen \u201cYar\u0131n\u0131 Kodlayanlar\u201d projesi uluslararas\u0131 ba\u015far\u0131lar\u0131na bir yenisini daha eklerken T\u00fcrkiye\u2019nin [&hellip;]<\/p>\n","protected":false},"author":1,"featured_media":159042,"comment_status":"open","ping_status":"open","sticky":false,"template":"","format":"standard","meta":[],"categories":[53,157],"tags":[104733,104735,51311,104734,104732,57068,70794],"views":97,"_links":{"self":[{"href":"https:\/\/www.enerjigazetesi.ist\/en\/wp-json\/wp\/v2\/posts\/159039"}],"collection":[{"href":"https:\/\/www.enerjigazetesi.ist\/en\/wp-json\/wp\/v2\/posts"}],"about":[{"href":"https:\/\/www.enerjigazetesi.ist\/en\/wp-json\/wp\/v2\/types\/post"}],"author":[{"embeddable":true,"href":"https:\/\/www.enerjigazetesi.ist\/en\/wp-json\/wp\/v2\/users\/1"}],"replies":[{"embeddable":true,"href":"https:\/\/www.enerjigazetesi.ist\/en\/wp-json\/wp\/v2\/comments?post=159039"}],"version-history":[{"count":0,"href":"https:\/\/www.enerjigazetesi.ist\/en\/wp-json\/wp\/v2\/posts\/159039\/revisions"}],"wp:featuredmedia":[{"embeddable":true,"href":"https:\/\/www.enerjigazetesi.ist\/en\/wp-json\/wp\/v2\/media\/159042"}],"wp:attachment":[{"href":"https:\/\/www.enerjigazetesi.ist\/en\/wp-json\/wp\/v2\/media?parent=159039"}],"wp:term":[{"taxonomy":"category","embeddable":true,"href":"https:\/\/www.enerjigazetesi.ist\/en\/wp-json\/wp\/v2\/categories?post=159039"},{"taxonomy":"post_tag","embeddable":true,"href":"https:\/\/www.enerjigazetesi.ist\/en\/wp-json\/wp\/v2\/tags?post=159039"}],"curies":[{"name":"wp","href":"https:\/\/api.w.org\/{rel}","templated":true}]}}