{"id":158913,"date":"2022-07-10T15:47:49","date_gmt":"2022-07-10T12:47:49","guid":{"rendered":"https:\/\/www.enerjigazetesi.ist\/?p=158913"},"modified":"2022-07-10T15:55:35","modified_gmt":"2022-07-10T12:55:35","slug":"avrupa-birligi-nin-ab-4uncu-fazina-gecis-yaptigi-emisyon-ticaret-sistemi","status":"publish","type":"post","link":"https:\/\/www.enerjigazetesi.ist\/en\/avrupa-birligi-nin-ab-4uncu-fazina-gecis-yaptigi-emisyon-ticaret-sistemi\/","title":{"rendered":"(Turkish) Avrupa Birli\u011fi&#8217;nin (AB) 4&#8217;\u00fcnc\u00fc Faz\u0131na Ge\u00e7i\u015f Yapt\u0131\u011f\u0131 Emisyon Ticaret Sistemi"},"content":{"rendered":"<p class=\"qtranxs-available-languages-message qtranxs-available-languages-message-en\">Sorry, this entry is only available in <a href=\"https:\/\/www.enerjigazetesi.ist\/tr\/wp-json\/wp\/v2\/posts\/158913\" class=\"qtranxs-available-language-link qtranxs-available-language-link-tr\" title=\"Turkish\">Turkish<\/a>. For the sake of viewer convenience, the content is shown below in the alternative language. You may click the link to switch the active language.<\/p><p><\/p>\n<h2>K\u00fcresel \u0131s\u0131nma ve iklim de\u011fi\u015fikli\u011fi ile m\u00fccadele etmenin en etkin yolu sera gaz\u0131 emisyonlar\u0131n\u0131n azalt\u0131lmas\u0131d\u0131r. Bug\u00fcn bakt\u0131\u011f\u0131m\u0131zda bu konuda bireysel ve kurumsal d\u00fczeyde \u00e7ok iyi niyetli giri\u015fimlerin oldu\u011funu g\u00f6rebiliriz. Fakat emisyonlar konusunda geldi\u011fimiz nokta, bu t\u00fcr giri\u015fimlerin asla yeterli olamayaca\u011f\u0131n\u0131 g\u00f6steriyor. Bu nedenle, daha kapsaml\u0131, sistematik ve uzun vadeli hedeflerin belirlenmesi, politikalar\u0131n olu\u015fturulmas\u0131 ve taahh\u00fctlerin verilmesi gerekiyor. Bunun da birey ve kurumlardan ziyade \u00fclkeler baz\u0131nda olmas\u0131 en kritik fakt\u00f6rlerden biri. \u0130\u015fte bu noktada Avrupa Birli\u011fi\u2019nin (AB) 4&#8217;\u00fcnc\u00fc faz\u0131na ge\u00e7i\u015f yapt\u0131\u011f\u0131 Emisyon Ticaret Sistemi\u2019ne (ETS) ayr\u0131 bir parantez a\u00e7mak gerek.<\/h2>\n<p>Temelleri <strong>2005 y\u0131l\u0131nda<\/strong> at\u0131lan <strong>AB ETS<\/strong>, bu konuda d\u00fcnyada bir ilk olma \u00f6zelli\u011fi ta\u015f\u0131yor. Bu konunun yasal zemini AB\u2019nin <strong>2003\/87\/EC<\/strong> say\u0131l\u0131 y\u00f6netmelik ile olu\u015fturuldu. Sistemin \u00e7al\u0131\u015fma mant\u0131\u011f\u0131 olduk\u00e7a basit: Sisteme dahil olan tesislere belirli bir d\u00f6nem boyunca<strong> bir emisyon limiti<\/strong> tan\u0131n\u0131yor. \u0130lgili tesis bu limiti a\u015ft\u0131\u011f\u0131 takdirde belirli bir <strong>\u00fccret \u00f6demek zorunda<\/strong>. Birim emisyon miktar\u0131 (kar\u015f\u0131l\u0131k) i\u00e7in bir <img loading=\"lazy\" class=\"alignright wp-image-158788\" src=\"https:\/\/www.enerjigazetesi.ist\/wp-content\/uploads\/2022\/07\/taksim-danismanlik-dilek-asan-1.jpg\" alt=\"\" width=\"270\" height=\"243\" srcset=\"https:\/\/www.enerjigazetesi.ist\/wp-content\/uploads\/2022\/07\/taksim-danismanlik-dilek-asan-1.jpg 300w, https:\/\/www.enerjigazetesi.ist\/wp-content\/uploads\/2022\/07\/taksim-danismanlik-dilek-asan-1-56x50.jpg 56w\" sizes=\"(max-width: 270px) 100vw, 270px\" \/>de\u011fer belirlenir ve \u015firketler kendi<strong> sera gaz\u0131 emisyon limitlerinin<\/strong> \u00fczerine \u00e7\u0131kabilmek i\u00e7in bu kar\u015f\u0131l\u0131klar\u0131 sat\u0131n alabilir. Sistem i\u00e7erisindeki toplam kar\u015f\u0131l\u0131k miktar\u0131 sabit tutuldu\u011fundan<strong> ETS<\/strong> bir borsa gibi i\u015flem g\u00f6r\u00fcr. Yani her bir kar\u015f\u0131l\u0131\u011f\u0131n de\u011feri <strong>arz<\/strong> ve<strong> talebe<\/strong> g\u00f6re de\u011fi\u015febilir. Burada ama\u00e7,<strong> sera gaz\u0131 emisyonlar\u0131<\/strong> i\u00e7in bir maliyet olu\u015fturarak tesislerin bu maliyetleri azaltmak; haliyle zorunlu olarak emisyonlar\u0131n\u0131 d\u00fc\u015f\u00fcrmek i\u00e7in <strong>uzun vadeli ad\u0131mlar<\/strong> atmas\u0131n\u0131 sa\u011flamakt\u0131r.<\/p>\n<p>Tesisler yapt\u0131klar\u0131 \u00e7al\u0131\u015fmalar ile <strong>emisyon miktarlar\u0131n\u0131<\/strong> belirlenen <strong>\u00fcst limite<\/strong> g\u00f6re azaltabilir. Bu durumda elinde bir <strong>emisyon kar\u015f\u0131l\u0131\u011f\u0131<\/strong> olu\u015fur ve bunu istedi\u011finde ba\u015fka firmalara satabilir ya da bir sonraki hesaplama d\u00f6neminde kullanabilir. Yani yeni d\u00f6nemde bir \u00f6nceki d\u00f6nemde azaltt\u0131\u011f\u0131 miktar kadar ilave bir <strong>emisyon hakk\u0131 elde etmi\u015f<\/strong> olur.<\/p>\n<p><strong>AB ETS<\/strong>, halihaz\u0131rda Birli\u011fe \u00fcye \u00fclkelerin yan\u0131 s\u0131ra <strong>\u0130zlanda, Lihten\u015ftayn<\/strong> ve <strong>Norve\u00e7<\/strong>&#8216;i kaps\u0131yor. Bu \u00fclkelerin toplam <strong>sera gaz\u0131 emisyonlar\u0131<\/strong>n\u0131n yakla\u015f\u0131k <strong>%40<\/strong>\u2019\u0131n\u0131 ilgilendiriyor. En son 2018 y\u0131l\u0131nda revize edilen sistem, <strong>2030 y\u0131l\u0131na<\/strong> gelindi\u011finde AB\u2019nin <strong>1990\u2019daki<\/strong> sera gaz\u0131 emisyonlar\u0131n\u0131 <strong>%40<\/strong> oran\u0131nda azaltm\u0131\u015f olmay\u0131 hedefliyor. AB b\u00f6ylelikle Paris Anla\u015fmas\u0131\u2019n\u0131n hedeflerine ula\u015fmas\u0131 yolunda \u00e7ok \u00f6nemli bir katk\u0131 da sunmu\u015f oluyor. <strong>AB y\u00f6netimi<\/strong>, sisteme dahil olan t\u00fcm payda\u015flar i\u00e7in gerekli <strong>finansman\u0131n olu\u015fturulmas\u0131<\/strong>, <strong>yeni yat\u0131r\u0131mlar\u0131n yap\u0131lmas\u0131<\/strong> ve teknik deste\u011fin sa\u011flanmas\u0131 i\u00e7in de somut ad\u0131mlar at\u0131yor.<\/p>\n<p><strong>AB ETS<\/strong> \u015fimdilik belirli sekt\u00f6rleri kaps\u0131yor. \u00d6zellikle <strong>elektrik \u00fcretimi, petrol rafineleri; demir, al\u00fcminyum, \u00e7imento, ka\u011f\u0131t vb.<\/strong> gibi \u00fcretim safhas\u0131nda \u00e7ok y\u00fcksek bir <strong>karbon emisyonu<\/strong> olan sekt\u00f6rler ve faliyetler kapsama dahil durumda. <strong>Havac\u0131l\u0131k sekt\u00f6r\u00fc<\/strong>n\u00fc de i\u00e7ine alan sistem 2023 sonuna kadar sadece <strong>Avrupa Ekonomik Alan\u0131<\/strong> i\u00e7erisinde ger\u00e7ekle\u015fen u\u00e7u\u015flar\u0131 kaps\u0131yor.<\/p>\n<p><strong>Avrupa Birli\u011fi Emisyon Ticaret Sistemi<\/strong>, kapsam\u0131 ve hedefleri itibariyle di\u011fer \u00fclkeler i\u00e7in de \u00e7ok b\u00fcy\u00fck bir \u00f6rnek te\u015fkil ediyor. Di\u011fer \u00fclkeler de kendi i\u00e7erisinde<strong> bu t\u00fcr sistemler kurabilir<\/strong> ve bunu <strong>AB ETS<\/strong> ile uyumlu hale getirdi\u011fi takdirde <strong>AB \u00fcyesi olmayan \u00fclkeler<\/strong> de sistem i\u00e7erisinde rahatl\u0131kla yer alabilir. B\u00f6ylelikle yak\u0131n gelecekte <strong>k\u00fcresel bir emisyon ticaret sisteminden<\/strong> s\u00f6z etmek m\u00fcmk\u00fcn olabilir.<\/p>\n<p><strong>Dilek A\u015eAN<\/strong>\u00a0\u2013 Taksim Dan\u0131\u015fmanl\u0131k \/\u00a0<a href=\"mailto:dilek@taksimdanismanlik.com\" target=\"_blank\" rel=\"noopener\">dilek@taksimdanismanlik.com<\/a>\u00a0\u2013\u00a0<a href=\"http:\/\/www.dilekasan.com\/\" target=\"_blank\" rel=\"noopener\">www.dilekasan.com<\/a><\/p>","protected":false},"excerpt":{"rendered":"<p>Sorry, this entry is only available in Turkish. For the sake of viewer convenience, the content is shown below in the alternative language. You may click the link to switch the active language. K\u00fcresel \u0131s\u0131nma ve iklim de\u011fi\u015fikli\u011fi ile m\u00fccadele etmenin en etkin yolu sera gaz\u0131 emisyonlar\u0131n\u0131n azalt\u0131lmas\u0131d\u0131r. Bug\u00fcn bakt\u0131\u011f\u0131m\u0131zda bu konuda bireysel ve kurumsal [&hellip;]<\/p>\n","protected":false},"author":19,"featured_media":158916,"comment_status":"open","ping_status":"open","sticky":false,"template":"","format":"standard","meta":[],"categories":[53,52],"tags":[104686,104687,101762,85618,4531,3344,42274,2533,43952,1296,23497,101418],"views":142,"_links":{"self":[{"href":"https:\/\/www.enerjigazetesi.ist\/en\/wp-json\/wp\/v2\/posts\/158913"}],"collection":[{"href":"https:\/\/www.enerjigazetesi.ist\/en\/wp-json\/wp\/v2\/posts"}],"about":[{"href":"https:\/\/www.enerjigazetesi.ist\/en\/wp-json\/wp\/v2\/types\/post"}],"author":[{"embeddable":true,"href":"https:\/\/www.enerjigazetesi.ist\/en\/wp-json\/wp\/v2\/users\/19"}],"replies":[{"embeddable":true,"href":"https:\/\/www.enerjigazetesi.ist\/en\/wp-json\/wp\/v2\/comments?post=158913"}],"version-history":[{"count":0,"href":"https:\/\/www.enerjigazetesi.ist\/en\/wp-json\/wp\/v2\/posts\/158913\/revisions"}],"wp:featuredmedia":[{"embeddable":true,"href":"https:\/\/www.enerjigazetesi.ist\/en\/wp-json\/wp\/v2\/media\/158916"}],"wp:attachment":[{"href":"https:\/\/www.enerjigazetesi.ist\/en\/wp-json\/wp\/v2\/media?parent=158913"}],"wp:term":[{"taxonomy":"category","embeddable":true,"href":"https:\/\/www.enerjigazetesi.ist\/en\/wp-json\/wp\/v2\/categories?post=158913"},{"taxonomy":"post_tag","embeddable":true,"href":"https:\/\/www.enerjigazetesi.ist\/en\/wp-json\/wp\/v2\/tags?post=158913"}],"curies":[{"name":"wp","href":"https:\/\/api.w.org\/{rel}","templated":true}]}}