{"id":158858,"date":"2022-07-08T20:45:55","date_gmt":"2022-07-08T17:45:55","guid":{"rendered":"https:\/\/www.enerjigazetesi.ist\/?p=158858"},"modified":"2022-07-08T20:54:16","modified_gmt":"2022-07-08T17:54:16","slug":"turkiye-nin-umut-nesli-iklim-krizine-karsi-harekete-geciyor","status":"publish","type":"post","link":"https:\/\/www.enerjigazetesi.ist\/en\/turkiye-nin-umut-nesli-iklim-krizine-karsi-harekete-geciyor\/","title":{"rendered":"(Turkish) T\u00fcrkiye\u2019nin &#8216;Umut Nesli&#8217; \u0130klim Krizine Kar\u015f\u0131 Harekete Ge\u00e7iyor"},"content":{"rendered":"<p class=\"qtranxs-available-languages-message qtranxs-available-languages-message-en\">Sorry, this entry is only available in <a href=\"https:\/\/www.enerjigazetesi.ist\/tr\/wp-json\/wp\/v2\/posts\/158858\" class=\"qtranxs-available-language-link qtranxs-available-language-link-tr\" title=\"Turkish\">Turkish<\/a>. For the sake of viewer convenience, the content is shown below in the alternative language. You may click the link to switch the active language.<\/p><p><\/p>\n<h2>Bug\u00fcn d\u00fcnyada milyonlarca \u00e7ocu\u011fun do\u011fru d\u00fczg\u00fcn g\u0131daya, ya\u015fayacak yere, e\u011fitime, korunmaya ve sa\u011fl\u0131k hizmetlerine eri\u015fimleri yok. COVID-19 ve iklim krizinin etkisiyle daha da k\u00f6t\u00fcle\u015fen durum, en \u00e7ok \u00e7ocuklar\u0131 etkiliyor.<\/h2>\n<p><strong>Mart 2022<\/strong>\u2019de <strong>H\u00fck\u00fcmetleraras\u0131 \u0130klim De\u011fi\u015fikli\u011fi Paneli (IPCC)<\/strong> taraf\u0131ndan alt\u0131nc\u0131s\u0131 yay\u0131mlanan <strong>\u201c<\/strong><strong>\u0130klim De\u011fi\u015fikli\u011fi 2022: Etkiler, Uyum ve K\u0131r\u0131lganl\u0131k\u201d<\/strong> raporuna g\u00f6re<strong> y\u00fcksek emisyonlar\u0131n devam etmesi<\/strong> durumunda<strong> ta\u015fk\u0131nlar, kurakl\u0131k, sel<\/strong> ve <strong>toprak kay\u0131plar\u0131<\/strong> ger\u00e7ekle\u015febilece\u011fi \u00f6ng\u00f6r\u00fcl\u00fcyor. \u00d6zellikle <strong>k\u00fcresel \u0131s\u0131nmayla<\/strong> y\u00fczy\u0131l\u0131n sonuna kadar <strong>3 kat artmas\u0131<\/strong> beklenen \u00f6l\u00fcmlerin, <strong>2050 y\u0131l\u0131na kadar<\/strong> Avrupa genelinde<strong> 2 kattan daha da fazla<\/strong> artaca\u011f\u0131 belirtiliyor.<\/p>\n<p style=\"text-align: center;\"><img loading=\"lazy\" class=\"aligncenter wp-image-158863\" src=\"https:\/\/www.enerjigazetesi.ist\/wp-content\/uploads\/2022\/07\/turkiye-nin-umut-nesli-iklim-krizine-karsi-harekete-geciyor-1.jpg\" alt=\"\" width=\"500\" height=\"283\" srcset=\"https:\/\/www.enerjigazetesi.ist\/wp-content\/uploads\/2022\/07\/turkiye-nin-umut-nesli-iklim-krizine-karsi-harekete-geciyor-1.jpg 859w, https:\/\/www.enerjigazetesi.ist\/wp-content\/uploads\/2022\/07\/turkiye-nin-umut-nesli-iklim-krizine-karsi-harekete-geciyor-1-300x170.jpg 300w, https:\/\/www.enerjigazetesi.ist\/wp-content\/uploads\/2022\/07\/turkiye-nin-umut-nesli-iklim-krizine-karsi-harekete-geciyor-1-768x435.jpg 768w, https:\/\/www.enerjigazetesi.ist\/wp-content\/uploads\/2022\/07\/turkiye-nin-umut-nesli-iklim-krizine-karsi-harekete-geciyor-1-500x283.jpg 500w, https:\/\/www.enerjigazetesi.ist\/wp-content\/uploads\/2022\/07\/turkiye-nin-umut-nesli-iklim-krizine-karsi-harekete-geciyor-1-80x45.jpg 80w\" sizes=\"(max-width: 500px) 100vw, 500px\" \/><\/p>\n<p>T\u00fcm bu geli\u015fmelerden en \u00e7ok etkileneceklerin, yine en k\u0131r\u0131lgan co\u011frafyada ya\u015fayan ve ekonomik anlamda <strong>dezavantajl\u0131 \u00e7ocuklar olaca\u011f\u0131na<\/strong> dikkat \u00e7eken<strong> Save the Children<\/strong>, \u00e7ocuklar\u0131n <strong>iklim krizi<\/strong> ve <strong>e\u015fitsizlikle<\/strong> ilgili talep ve \u00f6nerilerini yetkili makamlara duyurabilmelerine destek olmak amac\u0131yla <strong>\u201cUmut Nesli (Generation Hope)\u201d<\/strong> kampanyas\u0131n\u0131 ba\u015flatt\u0131.<\/p>\n<p>Yap\u0131lan \u00e7al\u0131\u015fmalar\u0131 \u00e7ocuklar\u0131n,<strong> ekonomik e\u015fitsizlik<\/strong> ve <strong>iklim krizi<\/strong> hakk\u0131nda kampanya y\u00fcr\u00fctmek i\u00e7in yeti\u015fkinlerin kendilerini desteklemelerini istediklerini g\u00f6stermesinden yola \u00e7\u0131karak, onlar\u0131 merkeze alan ve <strong>\u201cUmut Nesli\u201d<\/strong> olarak tan\u0131mlayan <strong>Save the Children<\/strong>, d\u00fcnyan\u0131n d\u00f6rt bir yan\u0131ndaki \u00e7ocuklar\u0131n <strong>iklim de\u011fi\u015fikli\u011fi<\/strong> ve <strong>ekonomik e\u015fitsizlik<\/strong> hakk\u0131nda g\u00f6r\u00fc\u015flerine kulak veriyor.<\/p>\n<p>Bu kapsamda harekete ge\u00e7en <strong>Save the Children T\u00fcrkiye \u00dclke Ofisi<\/strong> de<strong> \u0130stanbul<\/strong> ve <strong>Antakya<\/strong>\u2019daki toplum merkezlerinde <strong>\u00e7ocuk oturumlar\u0131 d\u00fczenlemeye<\/strong> ba\u015flad\u0131. <strong>\u00c7ocuk koruma uzmanlar\u0131<\/strong>n\u0131n kolayla\u015ft\u0131r\u0131c\u0131l\u0131\u011f\u0131yla d\u00fczenlenen oturumlarda <strong>12-18 ya\u015f<\/strong> aras\u0131ndaki \u00e7ocuklar<strong> iklim krizi<\/strong> ve<strong> ekonomik e\u015fitsizlikle<\/strong> ilgili<strong> fikir, talep, \u00f6neri, \u00e7\u00f6z\u00fcm, umut<\/strong> ve <strong>ihtiya\u00e7lar\u0131n\u0131 dile getirme f\u0131rsat\u0131<\/strong> buldu. \u0130\u015fte <span style=\"text-decoration: underline;\">bunlardan baz\u0131lar\u0131:<\/span><\/p>\n<p><strong><em>\u201c<\/em><\/strong><em>Hava bir anda de\u011fi\u015febiliyor. Ablam Mart ay\u0131nda \u0131s\u0131t\u0131c\u0131y\u0131 kapatt\u0131, ama birka\u00e7 g\u00fcn sonra kar ya\u011f\u0131nca yeniden a\u00e7mak zorunda kald\u0131. \u0130klim de\u011fi\u015fikli\u011fi faturalar\u0131 etkiliyor.\u201d \u2013 Mehmet*, 14<\/em><\/p>\n<p><em>\u201cDenizdeki \u00e7amur ba\u015fka \u00fclkelerin k\u0131y\u0131lar\u0131na ula\u015f\u0131p oralar\u0131 da kirletiyor.\u201d &#8211; Selin*, 14<\/em><\/p>\n<p><em>\u201cYap\u0131lan hatalara kar\u015f\u0131 sessiz kalmayaca\u011f\u0131z. Haklar\u0131m\u0131z\u0131 ve do\u011fam\u0131z\u0131 sonuna kadar savunaca\u011f\u0131z<\/em>.\u201d <em>&#8211; P\u0131nar*, 15<\/em><\/p>\n<p><em>\u201c\u0130nsanlar kendi \u00e7\u00f6plerinin 8 milyar\u0131 etkileyece\u011fini d\u00fc\u015f\u00fcnm\u00fcyorlar.\u201d \u2013 Ahmet*, 15<\/em><\/p>\n<p><em>\u201cEvden \u00e7\u0131karken have g\u00fcne\u015fli oluyor, sonra bir anda ya\u011fmur ba\u015fl\u0131yor. G\u00fcne\u015fe g\u00f6re giyindi\u011fim i\u00e7in hasta olup doktora gitmek zorunda kal\u0131yorum. Okula servisle gidiyorum; ama y\u00fcr\u00fcyerek giden arkada\u015flar\u0131m h\u0131zla de\u011fi\u015fen havadan etkilenip hasta oluyorlar.\u201d \u2013 Ay\u015fe*, 17<\/em><\/p>\n<p><em>\u201cT\u00fcm \u00e7ocuklar\u0131n daha iyi bir hayatlar\u0131 olsun istiyoruz. Ekonomik e\u015fitsizlik y\u00fcz\u00fcnden aileler \u00e7ocuklar\u0131n\u0131n ihtiya\u00e7lar\u0131n\u0131 kar\u015f\u0131layam\u0131\u0131yorlar.\u201d &#8211; Rana* , 16<\/em><\/p>\n<p><em>\u201c\u0130nsanlar\u0131 \u00e7o\u011fu bir \u015fey yapmak i\u00e7in \u00e7ok tembel. \u00d6rne\u011fin, ellerinde bir par\u00e7a ka\u011f\u0131t var ve \u00e7\u00f6p kutusu yolun sonunda. Yolun sonuna y\u00fcr\u00fcy\u00fcp kutuya atmak yerine soka\u011fa at\u0131yorlar\u201d<\/em> <em>\u2013 Mehmet*, 14<\/em><\/p>\n<p><strong>Oturumlarda<\/strong>, de\u011fi\u015fmesi gereken durumlarla, bunlar\u0131 <strong>de\u011fi\u015ftirme yollar\u0131<\/strong> ve yeti\u015fkinlerin nas\u0131l yard\u0131m etmesi gerekti\u011fi konusunda toparlanan g\u00f6r\u00fc\u015fler bir rapor olarak haz\u0131rlan\u0131p <strong>Kas\u0131m\u2019da<\/strong> d\u00fczenlenecek <strong>Birle\u015fmi\u015f Milletler \u0130klim De\u011fi\u015fikli\u011fi Konferans\u0131 (COP) 27<\/strong> ve <strong>G20 <\/strong>toplant\u0131lar\u0131nda karar vericilerle payla\u015f\u0131lacak.<\/p>\n<p>Bunun yan\u0131 s\u0131ra kampanyan\u0131n<strong> \u00e7evrimi\u00e7i anketiyle<\/strong> daha <strong>geni\u015f kitlelerin g\u00f6r\u00fc\u015flerinin al\u0131n\u0131p<\/strong> rapora eklenmesi planlan\u0131yor. <strong>14 soruluk<\/strong> k\u0131sa <strong>anket formuna<\/strong> ula\u015fmak i\u00e7in sizde<strong> <a href=\"https:\/\/forms.microsoft.com\/pages\/responsepage.aspx?id=GT3vN1EWUkS3YdwkFL8EFoARhz13Nb1FlGvjaKXJENpUNkNRRzNBU0ZWR1ZCSDdDRDFJQ0xGWjk3TC4u\" target=\"_blank\" rel=\"nofollow noopener\">T\u0131klay\u0131n &gt;&gt;&gt;<\/a><\/strong><\/p>\n<p><em>*G\u00fcvenlik sebebiyle \u00e7ocuklar\u0131n isimleri de\u011fi\u015ftirilmi\u015ftir.<\/em><\/p>\n<p><strong>BA\u011eLANTILAR<\/strong><\/p>\n<p><a href=\"https:\/\/www.savethechildren.net\/what-we-do\/advocacy-campaigns\/generation-hope\" target=\"_blank\" rel=\"noopener\">Umut Nesli (Generation Hope)<\/a> Kampanyas\u0131<\/p>\n<p><em><strong>\u0130klim De\u011fi\u015fikli\u011fi 2022:<\/strong> Etkiler, Uyum ve K\u0131r\u0131lganl\u0131k Raporu<\/em><\/p>\n<p><a href=\"https:\/\/prposter.faselis-news.com\/CL0\/https:%2F%2Fwww.savethechildren.org.uk%2Fwhat-we-do%2Fchildrens-rights%2Funited-nations-convention-of-the-rights-of-the-child\/1\/01020181dd7dcab3-3f4bb7c8-a377-42d5-bfd3-fe206d8474e3-000000\/rcvlf0CvQyQVyVUozNOTJDpfLjAtqzKYt77Pt11a7jU=256\"><em>Birle\u015fmi\u015f Milletler \u00c7ocuk Haklar\u0131 S\u00f6zle\u015fmesi (UNCRC)<\/em><\/a><\/p>\n<p><a href=\"https:\/\/www.savethechildren.org.uk\/what-we-do\/childrens-rights\/united-nations-convention-of-the-rights-of-the-child\" target=\"_blank\" rel=\"noopener\"><em>Birle\u015fmi\u015f<\/em> Milletler <em>\u0130klim De\u011fi\u015fikli\u011f<\/em>i Konferans\u0131 (COP) 27<\/a><\/p>\n<p><a href=\"https:\/\/g20.org\/bali-summit\/\" target=\"_blank\" rel=\"noopener\">G20<\/a> Zirvesi (2022)<\/p>","protected":false},"excerpt":{"rendered":"<p>Sorry, this entry is only available in Turkish. For the sake of viewer convenience, the content is shown below in the alternative language. You may click the link to switch the active language. Bug\u00fcn d\u00fcnyada milyonlarca \u00e7ocu\u011fun do\u011fru d\u00fczg\u00fcn g\u0131daya, ya\u015fayacak yere, e\u011fitime, korunmaya ve sa\u011fl\u0131k hizmetlerine eri\u015fimleri yok. COVID-19 ve iklim krizinin etkisiyle daha [&hellip;]<\/p>\n","protected":false},"author":1,"featured_media":158861,"comment_status":"open","ping_status":"open","sticky":false,"template":"","format":"standard","meta":[],"categories":[53],"tags":[67254,53412,52510,104650,104651],"views":64,"_links":{"self":[{"href":"https:\/\/www.enerjigazetesi.ist\/en\/wp-json\/wp\/v2\/posts\/158858"}],"collection":[{"href":"https:\/\/www.enerjigazetesi.ist\/en\/wp-json\/wp\/v2\/posts"}],"about":[{"href":"https:\/\/www.enerjigazetesi.ist\/en\/wp-json\/wp\/v2\/types\/post"}],"author":[{"embeddable":true,"href":"https:\/\/www.enerjigazetesi.ist\/en\/wp-json\/wp\/v2\/users\/1"}],"replies":[{"embeddable":true,"href":"https:\/\/www.enerjigazetesi.ist\/en\/wp-json\/wp\/v2\/comments?post=158858"}],"version-history":[{"count":0,"href":"https:\/\/www.enerjigazetesi.ist\/en\/wp-json\/wp\/v2\/posts\/158858\/revisions"}],"wp:featuredmedia":[{"embeddable":true,"href":"https:\/\/www.enerjigazetesi.ist\/en\/wp-json\/wp\/v2\/media\/158861"}],"wp:attachment":[{"href":"https:\/\/www.enerjigazetesi.ist\/en\/wp-json\/wp\/v2\/media?parent=158858"}],"wp:term":[{"taxonomy":"category","embeddable":true,"href":"https:\/\/www.enerjigazetesi.ist\/en\/wp-json\/wp\/v2\/categories?post=158858"},{"taxonomy":"post_tag","embeddable":true,"href":"https:\/\/www.enerjigazetesi.ist\/en\/wp-json\/wp\/v2\/tags?post=158858"}],"curies":[{"name":"wp","href":"https:\/\/api.w.org\/{rel}","templated":true}]}}