{"id":158852,"date":"2022-07-08T20:19:31","date_gmt":"2022-07-08T17:19:31","guid":{"rendered":"https:\/\/www.enerjigazetesi.ist\/?p=158852"},"modified":"2022-07-08T20:19:31","modified_gmt":"2022-07-08T17:19:31","slug":"enerji-kullaniminda-verimliligin-artirilmasi-icin-yonetmelikte-degisiklik-yapildi","status":"publish","type":"post","link":"https:\/\/www.enerjigazetesi.ist\/en\/enerji-kullaniminda-verimliligin-artirilmasi-icin-yonetmelikte-degisiklik-yapildi\/","title":{"rendered":"(Turkish) Enerji Kullan\u0131m\u0131nda Verimlili\u011fin Art\u0131r\u0131lmas\u0131 \u0130\u00e7in Y\u00f6netmelikte De\u011fi\u015fiklik Yap\u0131ld\u0131"},"content":{"rendered":"<p class=\"qtranxs-available-languages-message qtranxs-available-languages-message-en\">Sorry, this entry is only available in <a href=\"https:\/\/www.enerjigazetesi.ist\/tr\/wp-json\/wp\/v2\/posts\/158852\" class=\"qtranxs-available-language-link qtranxs-available-language-link-tr\" title=\"Turkish\">Turkish<\/a>. For the sake of viewer convenience, the content is shown below in the alternative language. You may click the link to switch the active language.<\/p><p><\/p>\n<h2><strong>Enerji ve Tabii Kaynaklar Bakanl\u0131\u011f\u0131 taraf\u0131ndan yay\u0131mlanan &#8216;Enerji Kaynaklar\u0131n\u0131n ve Enerjinin Kullan\u0131m\u0131nda Verimlili\u011fin Art\u0131r\u0131lmas\u0131na Dair Y\u00f6netmelikte De\u011fi\u015fiklik Yap\u0131lmas\u0131na Dair Y\u00f6netmelik&#8217; Resmi Gazete\u2019nin 06 Temmuz 2022 tarihli say\u0131s\u0131nda yay\u0131mland\u0131.<\/strong><\/h2>\n<p>Y\u00f6netmelik, <strong>enerji verimlili\u011fine y\u00f6nelik hizmetler<\/strong> ile <strong>\u00e7al\u0131\u015fmalar\u0131n y\u00f6nlendirilmesi,<\/strong> <strong>yayg\u0131nla\u015ft\u0131r\u0131lmas\u0131<\/strong>,<strong> at\u0131k \u0131s\u0131lardan<\/strong> yararlanarak a\u00e7\u0131k alan ayd\u0131nlatmalar\u0131nda <strong>verimlili\u011fin art\u0131r\u0131lmas\u0131, biyoyak\u0131t<\/strong> ve <strong>hidrojen<\/strong> gibi <strong>alternatif yak\u0131t kullan\u0131m\u0131n\u0131n<\/strong> \u00f6zendirilmesi gibi pek \u00e7ok <img loading=\"lazy\" class=\"alignright wp-image-158856\" src=\"https:\/\/www.enerjigazetesi.ist\/wp-content\/uploads\/2022\/07\/enerji-kullaniminda-verimliligin-artirilmasi-icin-yonetmelikte-degisiklik-yapildi.jpg\" alt=\"\" width=\"320\" height=\"198\" srcset=\"https:\/\/www.enerjigazetesi.ist\/wp-content\/uploads\/2022\/07\/enerji-kullaniminda-verimliligin-artirilmasi-icin-yonetmelikte-degisiklik-yapildi.jpg 507w, https:\/\/www.enerjigazetesi.ist\/wp-content\/uploads\/2022\/07\/enerji-kullaniminda-verimliligin-artirilmasi-icin-yonetmelikte-degisiklik-yapildi-300x185.jpg 300w, https:\/\/www.enerjigazetesi.ist\/wp-content\/uploads\/2022\/07\/enerji-kullaniminda-verimliligin-artirilmasi-icin-yonetmelikte-degisiklik-yapildi-500x309.jpg 500w, https:\/\/www.enerjigazetesi.ist\/wp-content\/uploads\/2022\/07\/enerji-kullaniminda-verimliligin-artirilmasi-icin-yonetmelikte-degisiklik-yapildi-80x50.jpg 80w\" sizes=\"(max-width: 320px) 100vw, 320px\" \/>alanda <strong>enerjinin verimli kullan\u0131m\u0131n\u0131<\/strong> sa\u011flamaya y\u00f6nelik<strong> usul<\/strong> ve<strong> esaslar\u0131<\/strong> i\u00e7eriyor.<\/p>\n<p>Y\u00f6netmeli\u011fe g\u00f6re, kurulu g\u00fcc\u00fc<strong> 20 MW<\/strong> ve \u00fczeri olan<strong> termik santrallerde at\u0131k \u0131s\u0131lar\u0131n<\/strong> \u00f6ncelikle binalarda <strong>\u0131s\u0131tma<\/strong> ve<strong> so\u011futma ama\u00e7l\u0131<\/strong> kullan\u0131m\u0131n\u0131n yan\u0131 s\u0131ra<strong> sanayi, tar\u0131msal \u00fcretim, su \u00fcr\u00fcnleri yeti\u015ftiricili\u011fi, so\u011fuk hava depolar\u0131<\/strong> ve <strong>tatl\u0131 su \u00fcretimi<\/strong> gibi sekt\u00f6rlerde de de\u011ferlendirilmesine y\u00f6nelik <strong>enerji et\u00fctleri<\/strong> yap\u0131lacak ve(ya) \u015firketlere yapt\u0131r\u0131lacak.<\/p>\n<p><strong>20 MW<\/strong> ve \u00fczeri<strong> \u0131s\u0131l enerji ihtiyac\u0131<\/strong> olan yeni kurulacak veya <strong>b\u00fcy\u00fck rehabilitasyon<\/strong> <strong>ge\u00e7irecek<\/strong> olan end\u00fcstriyel i\u015fletmelerde <strong>kojenerasyon sistemlerinin uygulanmas\u0131na<\/strong> y\u00f6nelik<strong> fizibilite et\u00fctleri<\/strong> yap\u0131lacak veya <strong>\u015firketlere<\/strong> yapt\u0131r\u0131lacak. Haz\u0131rlanan <strong>nihai fizibilite et\u00fct raporlar\u0131<\/strong> ise \u00e7al\u0131\u015fman\u0131n yap\u0131ld\u0131\u011f\u0131 y\u0131l\u0131 takip eden y\u0131l\u0131n<strong> Mart ay\u0131<\/strong> sonuna kadar <strong>Bakanl\u0131\u011fa<\/strong> iletilecek.<\/p>\n<p>Y\u0131ll\u0131k toplam enerji t\u00fcketimi <strong>500 Ton e\u015fde\u011fer petrol (TEP)<\/strong> ve \u00fczeri olan, bir veya birden fazla merkezde<strong> \u0131s\u0131 \u00fcretimi<\/strong> ger\u00e7ekle\u015ftirerek <strong>birden fazla binaya \u0131s\u0131 da\u011f\u0131t\u0131m\u0131<\/strong>n\u0131 sa\u011flayan <strong>\u0131s\u0131tma\/so\u011futma \u015febeke y\u00f6netimleri<\/strong> ise <strong>Bakanl\u0131k<\/strong> taraf\u0131ndan belirlenen formata uygun olarak her y\u0131l <strong>Mart<\/strong>\u00a0sonuna kadar <strong>Bakanl\u0131\u011fa bildirim <\/strong>yap\u0131lacak.<\/p>\n<p><strong>\u201cEnerji Kaynaklar\u0131n\u0131n ve Enerjinin Kullan\u0131m\u0131nda Verimlili\u011fin Art\u0131r\u0131lmas\u0131na Dair Y\u00f6netmelikte De\u011fi\u015fiklik Yap\u0131lmas\u0131na Dair Y\u00f6netmelik\u201d i\u00e7in <a href=\"https:\/\/www.resmigazete.gov.tr\/eskiler\/2022\/07\/20220706-3.htm\" target=\"_blank\" rel=\"noopener\">TIKLAYIN&gt;&gt;&gt;<\/a><\/strong><\/p>","protected":false},"excerpt":{"rendered":"<p>Sorry, this entry is only available in Turkish. For the sake of viewer convenience, the content is shown below in the alternative language. You may click the link to switch the active language. Enerji ve Tabii Kaynaklar Bakanl\u0131\u011f\u0131 taraf\u0131ndan yay\u0131mlanan &#8216;Enerji Kaynaklar\u0131n\u0131n ve Enerjinin Kullan\u0131m\u0131nda Verimlili\u011fin Art\u0131r\u0131lmas\u0131na Dair Y\u00f6netmelikte De\u011fi\u015fiklik Yap\u0131lmas\u0131na Dair Y\u00f6netmelik&#8217; Resmi Gazete\u2019nin [&hellip;]<\/p>\n","protected":false},"author":1,"featured_media":158856,"comment_status":"open","ping_status":"open","sticky":false,"template":"","format":"standard","meta":[],"categories":[51,53,52],"tags":[40379,646,104647,3662,104649,5637,104648,1388,8991],"views":123,"_links":{"self":[{"href":"https:\/\/www.enerjigazetesi.ist\/en\/wp-json\/wp\/v2\/posts\/158852"}],"collection":[{"href":"https:\/\/www.enerjigazetesi.ist\/en\/wp-json\/wp\/v2\/posts"}],"about":[{"href":"https:\/\/www.enerjigazetesi.ist\/en\/wp-json\/wp\/v2\/types\/post"}],"author":[{"embeddable":true,"href":"https:\/\/www.enerjigazetesi.ist\/en\/wp-json\/wp\/v2\/users\/1"}],"replies":[{"embeddable":true,"href":"https:\/\/www.enerjigazetesi.ist\/en\/wp-json\/wp\/v2\/comments?post=158852"}],"version-history":[{"count":0,"href":"https:\/\/www.enerjigazetesi.ist\/en\/wp-json\/wp\/v2\/posts\/158852\/revisions"}],"wp:featuredmedia":[{"embeddable":true,"href":"https:\/\/www.enerjigazetesi.ist\/en\/wp-json\/wp\/v2\/media\/158856"}],"wp:attachment":[{"href":"https:\/\/www.enerjigazetesi.ist\/en\/wp-json\/wp\/v2\/media?parent=158852"}],"wp:term":[{"taxonomy":"category","embeddable":true,"href":"https:\/\/www.enerjigazetesi.ist\/en\/wp-json\/wp\/v2\/categories?post=158852"},{"taxonomy":"post_tag","embeddable":true,"href":"https:\/\/www.enerjigazetesi.ist\/en\/wp-json\/wp\/v2\/tags?post=158852"}],"curies":[{"name":"wp","href":"https:\/\/api.w.org\/{rel}","templated":true}]}}