{"id":158754,"date":"2022-07-07T13:12:54","date_gmt":"2022-07-07T10:12:54","guid":{"rendered":"https:\/\/www.enerjigazetesi.ist\/?p=158754"},"modified":"2022-07-07T13:13:27","modified_gmt":"2022-07-07T10:13:27","slug":"cimsa-dan-52-milyon-tl-yatirimla-sektorunun-en-buyuk-gunes-santrali","status":"publish","type":"post","link":"https:\/\/www.enerjigazetesi.ist\/en\/cimsa-dan-52-milyon-tl-yatirimla-sektorunun-en-buyuk-gunes-santrali\/","title":{"rendered":"(Turkish) &#8217;\u00c7imsa&#8217;dan 52 Milyon TL Yat\u0131r\u0131mla Sekt\u00f6r\u00fcn\u00fcn En B\u00fcy\u00fck G\u00fcne\u015f Santrali"},"content":{"rendered":"<p class=\"qtranxs-available-languages-message qtranxs-available-languages-message-en\">Sorry, this entry is only available in <a href=\"https:\/\/www.enerjigazetesi.ist\/tr\/wp-json\/wp\/v2\/posts\/158754\" class=\"qtranxs-available-language-link qtranxs-available-language-link-tr\" title=\"Turkish\">Turkish<\/a>. For the sake of viewer convenience, the content is shown below in the alternative language. You may click the link to switch the active language.<\/p><p><\/p>\n<h2>Sabanc\u0131 Holding\u2019in markalar\u0131ndan \u00c7imsa, Afyon Fabrikas\u0131\u2019nda T\u00fcrkiye \u00e7imento sekt\u00f6r\u00fcn\u00fcn en b\u00fcy\u00fck g\u00fcne\u015f enerjisi santrallerinden birini Enerjisa Enerji i\u015f birli\u011finde kurmaya haz\u0131rlan\u0131yor.<\/h2>\n<p><strong>\u0130\u015fimin Enerjisi<\/strong> \u00e7at\u0131s\u0131 alt\u0131nda\u00a0\u00e7\u00f6z\u00fcmler geli\u015ftiren Enerjisa Enerji, \u00c7imsa\u2019n\u0131n <strong>Afyon Fabrika arazisi<\/strong>ne<strong> 7.479 adet<\/strong> g\u00fcne\u015f paneli kurulumuyla santrali hayata ge\u00e7irecek.<\/p>\n<h3><strong>Projenin toplam yat\u0131r\u0131m bedeli 52 Milyon TL<\/strong><\/h3>\n<p><img loading=\"lazy\" class=\"alignright wp-image-158759\" src=\"https:\/\/www.enerjigazetesi.ist\/wp-content\/uploads\/2022\/07\/cimsa-dan-52-milyon-tl-yatirimla-sektorunun-en-buyuk-gunes-santrali.jpg\" alt=\"\" width=\"320\" height=\"231\" srcset=\"https:\/\/www.enerjigazetesi.ist\/wp-content\/uploads\/2022\/07\/cimsa-dan-52-milyon-tl-yatirimla-sektorunun-en-buyuk-gunes-santrali.jpg 550w, https:\/\/www.enerjigazetesi.ist\/wp-content\/uploads\/2022\/07\/cimsa-dan-52-milyon-tl-yatirimla-sektorunun-en-buyuk-gunes-santrali-300x217.jpg 300w, https:\/\/www.enerjigazetesi.ist\/wp-content\/uploads\/2022\/07\/cimsa-dan-52-milyon-tl-yatirimla-sektorunun-en-buyuk-gunes-santrali-500x361.jpg 500w, https:\/\/www.enerjigazetesi.ist\/wp-content\/uploads\/2022\/07\/cimsa-dan-52-milyon-tl-yatirimla-sektorunun-en-buyuk-gunes-santrali-69x50.jpg 69w\" sizes=\"(max-width: 320px) 100vw, 320px\" \/>\u00c7imsa\u2019n\u0131n <strong>Afyon Fabrikas\u0131<\/strong>\u2019na <strong>52 Milyon TL<\/strong>\u2019lik yat\u0131r\u0131m bedeliyle kuraca\u011f\u0131 santral <strong>3.4 MWp<\/strong> kurulu g\u00fcce sahip olacak ve y\u0131ll\u0131k <strong>4,2 milyon kWh<\/strong> enerji \u00fcretecek.<\/p>\n<p><strong>60.000 m\u00b2<\/strong> alanda <strong>7.479 adet<\/strong> g\u00fcne\u015f panelinin kullan\u0131laca\u011f\u0131 ve 2023 y\u0131l\u0131n\u0131n<strong> 2. \u00e7eyre\u011finde<\/strong> aktif olacak<strong> G\u00fcne\u015f Enerjisi Santrali (GES)<\/strong> projesinde, y\u0131ll\u0131k yakla\u015f\u0131k <strong>2.750 ton<\/strong> karbondioksit (CO\u2082) sal\u0131m\u0131 engellenecek. <strong>Enerjisa Enerji, \u00c7imsa<\/strong>&#8216;n\u0131n <strong>yenilenebilir kaynaklardan<\/strong> kendi elektri\u011fini \u00fcreterek <strong>enerji tasarrufu<\/strong> konusunda<strong> \u00e7imento sekt\u00f6r\u00fcne<\/strong> rol model olmas\u0131na katk\u0131 sa\u011flayacak.<strong>\u00a0<\/strong><\/p>\n<h3><strong>G\u00fcne\u015f Enerji Santralinden elektrik \u00fcretimi 7\/24 izleniyor ve do\u011fal afetlere kar\u015f\u0131 da sigortalan\u0131yor<\/strong><\/h3>\n<p>\u0130\u015fimin Enerjisi \u00e7at\u0131s\u0131 alt\u0131nda sundu\u011fu do\u011fa dostu \u00fcr\u00fcnlerle m\u00fc\u015fterilerinin <strong>enerji t\u00fcketiminde tasarruf<\/strong> sa\u011flayan ve <strong>yenilenebilir enerji kullan\u0131m\u0131n\u0131<\/strong> art\u0131rarak, yenilik\u00e7i \u00e7\u00f6z\u00fcmler sunan Enerjisa Enerji\u2019nin <strong>G\u00fcne\u015f Enerjisi Santrali<\/strong>,<strong> 7<\/strong> g\u00fcn<strong> 24 saat<\/strong> uzaktan eri\u015fim sistemiyle takip edilerek y\u00fcksek performansla \u00e7al\u0131\u015fabilmesi i\u00e7in<strong> t\u00fcm bak\u0131m<\/strong> ve<strong> onar\u0131mlar\u0131<\/strong> yine <strong>Enerjisa Enerji<\/strong> taraf\u0131ndan yap\u0131lacak. Santral ayn\u0131 zamanda<em> deprem, di\u011fer do\u011fal afetler ve olas\u0131 di\u011fer d\u0131\u015f etmenlere kar\u015f\u0131<\/em> t\u00fcm senaryolar g\u00f6zetilerek Enerjisa taraf\u0131ndan sigortalan\u0131yor. <strong>G\u00fcne\u015f panelleri<\/strong> ayn\u0131 zamanda d\u00fc\u015f\u00fck \u0131s\u0131da y\u00fcksek verimli \u00e7al\u0131\u015fmay\u0131 sa\u011flayan ve d\u0131\u015f etkenlere kar\u015f\u0131 m\u00fckemmel dayan\u0131m kapasitesi sunan <strong>Halfcut Monoperc teknolojisi<\/strong>ne sahip olup bu i\u015f birli\u011fiyle toplam kurulu g\u00fc\u00e7 kapasitesini <strong>26 MWp<\/strong>\u2019e y\u00fckseltmi\u015f olacak.<\/p>\n<p>D\u00fcnya \u00e7ap\u0131nda s\u00fcrd\u00fcr\u00fclebilir kalk\u0131nmay\u0131 sa\u011flayabilmek i\u00e7in <strong>d\u00fc\u015f\u00fck karbonlu bir ekonomiye ge\u00e7i\u015f<\/strong>in gereklili\u011fini vurgulayan ve bu m\u00fccadelede de <strong>g\u00fcne\u015f<\/strong> ve <strong>r\u00fczg\u00e2r enerjisi<\/strong> gibi <strong>s\u00fcrd\u00fcr\u00fclebilir kaynaklar\u0131n kullan\u0131m\u0131na<\/strong> dikkat \u00e7eken\u00a0<strong>Enerjisa Enerji CEO\u2019su Murat P\u0131nar:<\/strong><em> &#8220;H\u0131zl\u0131 bir <strong>sanayile\u015fme<\/strong> ve<strong> kentle\u015fme s\u00fcrecinden<\/strong> ge\u00e7en \u00fclkemizin enerji ihtiyac\u0131 g\u00fcn ge\u00e7tik\u00e7e art\u0131yor. Ancak bu ihtiyac\u0131 hangi kaynaklardan \u00fcreterek giderece\u011fimiz konusu bug\u00fcn<strong> karbon n\u00f6tr gelece\u011fe yat\u0131r\u0131m<\/strong> yapan bizim gibi \u015firketler i\u00e7in \u00e7ok kritik. Ekonomik a\u00e7\u0131dan bakt\u0131\u011f\u0131m\u0131zda ise <strong>son 5 y\u0131lda<\/strong> yakla\u015f\u0131k enerji ithalat\u0131m\u0131z <strong>200 milyar dolar<\/strong> seviyesinde. Enerjide<strong> yerli<\/strong> ve<strong> yenilenebilir kaynaklar\u0131<\/strong> kullanarak bu a\u00e7\u0131\u011f\u0131 kapatmam\u0131z hatta pozitife ge\u00e7memiz m\u00fcmk\u00fcn. Dolay\u0131s\u0131yla bu alanda at\u0131lacak her ad\u0131m elbette \u00fclkemiz i\u00e7in b\u00fcy\u00fck kazan\u00e7 sa\u011fl\u0131yor.<\/em><\/p>\n<p><em>Tam bu noktada Enerjisa olarak <strong>\u0130\u015fimin Enerjisi<\/strong> \u00e7at\u0131s\u0131 alt\u0131nda ger\u00e7ekle\u015ftirdi\u011fimiz yat\u0131r\u0131mlarla <strong>yenilenebilir<\/strong> ve<strong> verimli<\/strong> bir kaynak olan<strong> g\u00fcne\u015f enerjisi santrallerini<\/strong> m\u00fc\u015fterilerimiz ile bulu\u015fturmaya devam ediyoruz.<\/em><\/p>\n<p><em>S\u00fcrd\u00fcr\u00fclebilir bir ya\u015fama katk\u0131 sa\u011flamay\u0131 yol haritas\u0131 olarak benimsemi\u015f olan <strong>\u00c7imsa<\/strong>\u2019n\u0131n <strong>Afyon Fabrikas\u0131<\/strong> arazisinde devreye alaca\u011f\u0131m\u0131z <strong>g\u00fcne\u015f enerjisi santrali<\/strong> ile hem \u00fclkemizin hem de d\u00fcnyan\u0131n daha iyi bir gelecek i\u00e7in ula\u015fmak istedi\u011fi hedeflere katk\u0131 sa\u011flam\u0131\u015f olmaktan ayr\u0131ca memnuniyet duyuyoruz.&#8221;<\/em><\/p>\n<p><strong>\u00c7imsa CEO\u2019su Umut Zenar<\/strong><strong>,<\/strong>\u00a0\u00c7imsa\u2019da ye\u015fil d\u00f6n\u00fc\u015f\u00fcm\u00fcn gerekliliklerini yerine getirmek i\u00e7in \u00e7al\u0131\u015ft\u0131klar\u0131n\u0131 belirterek<strong> Afyon yat\u0131r\u0131m\u0131na<\/strong> ili\u015fkin ise; <em>&#8220;\u00d6ncelikle<strong> iklim de\u011fi\u015fikli\u011fi<\/strong> ile m\u00fccadelede <strong>g\u00fcne\u015f<\/strong> ve<strong> r\u00fczg\u00e2r enerjisi<\/strong> gibi <strong>s\u00fcrd\u00fcr\u00fclebilir kaynaklar\u0131n kullan\u0131m\u0131<\/strong> \u00fclkelerin <strong>enerji stratejilerinde<\/strong> \u00f6nemli yer tutuyor. K\u00fcresel emisyonlar\u0131n <strong>2030&#8217;a kadar<\/strong> yar\u0131 yar\u0131ya azalt\u0131lmas\u0131 i\u00e7in <strong>yenilenebilir enerji kullan\u0131m\u0131na<\/strong> y\u00f6nelik b\u00fcy\u00fck \u00e7apl\u0131 bir <strong>d\u00f6n\u00fc\u015f\u00fcm ya\u015fanmas\u0131<\/strong> gerekiyor. Bu s\u00fcre\u00e7te <strong>\u00c7imsa<\/strong> olarak <strong>d\u00f6ng\u00fcsel ekonominin<\/strong> bir par\u00e7as\u0131 olmaya devam etme hedefiyle, <strong>ye\u015fil d\u00f6n\u00fc\u015f\u00fcm\u00fcn gerekliliklerini<\/strong> yerine getirmek ve <strong>s\u00fcrd\u00fcr\u00fclebilir kalk\u0131nmaya ula\u015fmak<\/strong> i\u00e7in \u00e7ok \u00e7al\u0131\u015f\u0131yoruz. S\u00fcrd\u00fcr\u00fclebilirlik stratejimiz kapsam\u0131nda, <strong>karbon ayak izinin azalt\u0131lmas\u0131, enerji verimlili\u011fi, \u00e7evre dostu \u00fcr\u00fcnler<\/strong> gibi konulara odaklanmaya devam ediyoruz. Bu kapsamda hayata ge\u00e7irece\u011fimiz <strong>g\u00fcne\u015f enerjisi yat\u0131r\u0131m\u0131<\/strong>m\u0131z\u0131n t\u00fcm d\u00fcnyan\u0131n ortak sorunu olan emisyonlar\u0131n azalt\u0131lmas\u0131 konusuna b\u00fcy\u00fck katk\u0131 sa\u011flayaca\u011f\u0131n\u0131 d\u00fc\u015f\u00fcn\u00fcyoruz.&#8221; ifadelerini kulland\u0131.<\/em><\/p>","protected":false},"excerpt":{"rendered":"<p>Sorry, this entry is only available in Turkish. For the sake of viewer convenience, the content is shown below in the alternative language. You may click the link to switch the active language. Sabanc\u0131 Holding\u2019in markalar\u0131ndan \u00c7imsa, Afyon Fabrikas\u0131\u2019nda T\u00fcrkiye \u00e7imento sekt\u00f6r\u00fcn\u00fcn en b\u00fcy\u00fck g\u00fcne\u015f enerjisi santrallerinden birini Enerjisa Enerji i\u015f birli\u011finde kurmaya haz\u0131rlan\u0131yor. \u0130\u015fimin [&hellip;]<\/p>\n","protected":false},"author":1,"featured_media":158760,"comment_status":"open","ping_status":"open","sticky":false,"template":"","format":"standard","meta":[],"categories":[51,53,49],"tags":[104168,849,104598,103,18,37825,431,104597,34977],"views":233,"_links":{"self":[{"href":"https:\/\/www.enerjigazetesi.ist\/en\/wp-json\/wp\/v2\/posts\/158754"}],"collection":[{"href":"https:\/\/www.enerjigazetesi.ist\/en\/wp-json\/wp\/v2\/posts"}],"about":[{"href":"https:\/\/www.enerjigazetesi.ist\/en\/wp-json\/wp\/v2\/types\/post"}],"author":[{"embeddable":true,"href":"https:\/\/www.enerjigazetesi.ist\/en\/wp-json\/wp\/v2\/users\/1"}],"replies":[{"embeddable":true,"href":"https:\/\/www.enerjigazetesi.ist\/en\/wp-json\/wp\/v2\/comments?post=158754"}],"version-history":[{"count":0,"href":"https:\/\/www.enerjigazetesi.ist\/en\/wp-json\/wp\/v2\/posts\/158754\/revisions"}],"wp:featuredmedia":[{"embeddable":true,"href":"https:\/\/www.enerjigazetesi.ist\/en\/wp-json\/wp\/v2\/media\/158760"}],"wp:attachment":[{"href":"https:\/\/www.enerjigazetesi.ist\/en\/wp-json\/wp\/v2\/media?parent=158754"}],"wp:term":[{"taxonomy":"category","embeddable":true,"href":"https:\/\/www.enerjigazetesi.ist\/en\/wp-json\/wp\/v2\/categories?post=158754"},{"taxonomy":"post_tag","embeddable":true,"href":"https:\/\/www.enerjigazetesi.ist\/en\/wp-json\/wp\/v2\/tags?post=158754"}],"curies":[{"name":"wp","href":"https:\/\/api.w.org\/{rel}","templated":true}]}}