{"id":158620,"date":"2022-07-05T17:40:29","date_gmt":"2022-07-05T14:40:29","guid":{"rendered":"https:\/\/www.enerjigazetesi.ist\/?p=158620"},"modified":"2022-07-05T17:52:21","modified_gmt":"2022-07-05T14:52:21","slug":"kalyon-karapinar-ges-ingiltere-nin-finansman-sagladigi-en-buyuk-ges-oldu","status":"publish","type":"post","link":"https:\/\/www.enerjigazetesi.ist\/en\/kalyon-karapinar-ges-ingiltere-nin-finansman-sagladigi-en-buyuk-ges-oldu\/","title":{"rendered":"(Turkish) &#8217;Kalyon Karap\u0131nar GES&#8217; \u0130ngiltere&#8217;nin Finansman Sa\u011flad\u0131\u011f\u0131 En B\u00fcy\u00fck GES Oldu"},"content":{"rendered":"<p class=\"qtranxs-available-languages-message qtranxs-available-languages-message-en\">Sorry, this entry is only available in <a href=\"https:\/\/www.enerjigazetesi.ist\/tr\/wp-json\/wp\/v2\/posts\/158620\" class=\"qtranxs-available-language-link qtranxs-available-language-link-tr\" title=\"Turkish\">Turkish<\/a>. For the sake of viewer convenience, the content is shown below in the alternative language. You may click the link to switch the active language.<\/p><p><\/p>\n<h2>Kalyon Enerji\u2019nin Konya\u2019da kurmu\u015f oldu\u011fu Karap\u0131nar GES, T\u00fcrkiye\u2019nin en b\u00fcy\u00fck g\u00fcne\u015f enerji santrali olmakla birlikte, i\u015fletmeye al\u0131nm\u0131\u015f olan 900 MW panel kurulu g\u00fcc\u00fc ile Avrupa\u2019n\u0131n en b\u00fcy\u00fck g\u00fcne\u015f enerji santrali unvan\u0131na da sahip oldu.<\/h2>\n<p><strong>Karap\u0131nar GES<\/strong>\u2019in <strong>12 y\u0131l<\/strong> vadeli toplam <strong>812 milyon dolarl\u0131k<\/strong> finansman\u0131n<strong> imza t\u00f6reni<\/strong> ge\u00e7ti\u011fimiz aylarda <strong>\u0130stanbul\u2019da<\/strong> ger\u00e7ekle\u015ftirilirken Karap\u0131nar GES, <strong>05 Temmuz 2022<\/strong> Sal\u0131 g\u00fcn\u00fc \u00f6nemli bir ziyarete ev sahipli\u011fi yapt\u0131. <em>26. Birle\u015fmi\u015f Milletler \u0130klim De\u011fi\u015fikli\u011fi Konferans\u0131 (COP26) Ba\u015fkan\u0131<\/em> <strong>Alok Sharma<\/strong> santrali ziyaret ederken, <strong>Sharma\u2019ya<\/strong> <em>Kalyon Holding Y\u00f6netim Kurulu Ba\u015fkan\u0131<\/em> <strong>Cemal <img loading=\"lazy\" class=\"alignright wp-image-158623\" src=\"https:\/\/www.enerjigazetesi.ist\/wp-content\/uploads\/2022\/07\/kalyon-karapinar-ges-ingiltere-nin-finansman-sagladigi-en-buyuk-ges-oldu-1.jpg\" alt=\"\" width=\"320\" height=\"214\" srcset=\"https:\/\/www.enerjigazetesi.ist\/wp-content\/uploads\/2022\/07\/kalyon-karapinar-ges-ingiltere-nin-finansman-sagladigi-en-buyuk-ges-oldu-1.jpg 550w, https:\/\/www.enerjigazetesi.ist\/wp-content\/uploads\/2022\/07\/kalyon-karapinar-ges-ingiltere-nin-finansman-sagladigi-en-buyuk-ges-oldu-1-300x200.jpg 300w, https:\/\/www.enerjigazetesi.ist\/wp-content\/uploads\/2022\/07\/kalyon-karapinar-ges-ingiltere-nin-finansman-sagladigi-en-buyuk-ges-oldu-1-500x334.jpg 500w, https:\/\/www.enerjigazetesi.ist\/wp-content\/uploads\/2022\/07\/kalyon-karapinar-ges-ingiltere-nin-finansman-sagladigi-en-buyuk-ges-oldu-1-75x50.jpg 75w, https:\/\/www.enerjigazetesi.ist\/wp-content\/uploads\/2022\/07\/kalyon-karapinar-ges-ingiltere-nin-finansman-sagladigi-en-buyuk-ges-oldu-1-450x300.jpg 450w\" sizes=\"(max-width: 320px) 100vw, 320px\" \/>Kalyoncu<\/strong> e\u015flik etti.<\/p>\n<h3><strong>\u201cEn \u00f6nemli meselemiz enerjiyi temiz k\u0131lmak\u201d<\/strong><\/h3>\n<p>Yetkililerden santral hakk\u0131nda detayl\u0131 bilgiler alan <strong>Alok Sharma<\/strong> \u015fu de\u011ferlendirmeleri yapt\u0131: <em>\u201c<strong>COP26 Ba\u015fkanl\u0131\u011f\u0131<\/strong> g\u00f6revim kapsam\u0131nda ba\u015fl\u0131ca ama\u00e7lar\u0131mdan biri, k\u00f6m\u00fcrden elde edilen enerjiyi gerimizde b\u0131rakmak oldu.<strong> K\u00fcresel emisyonun<\/strong> yakla\u015f\u0131k d\u00f6rtte birinden sorumlu olan enerji sekt\u00f6r\u00fc ad\u0131na<strong> net s\u0131f\u0131r hedefine<\/strong> do\u011fru ilerleyebilmek i\u00e7in <strong>enerjiyi temizleme meselesi<\/strong> kritik bir hal ald\u0131. Bu noktada<strong> COP26<\/strong>\u2019da, <strong>200\u2019e yak\u0131n<\/strong> \u00fclkenin \u00fczerinde mutab\u0131k kald\u0131\u011f\u0131 <strong>Glasgow \u0130klim S\u00f6zle\u015fmesi<\/strong> de <strong>k\u00f6m\u00fcrden<\/strong> elde edilen enerjiyi a\u015famal\u0131 olarak <strong>azaltmay\u0131<\/strong> ve <strong>verimsiz fosil yak\u0131t s\u00fcbvansiyonlar\u0131n\u0131<\/strong> yava\u015f yava\u015f ortadan kald\u0131rmay\u0131 taahh\u00fct ediyor.<\/em><\/p>\n<p><em>Bug\u00fcn burada olmaktan ve tamamland\u0131\u011f\u0131nda <strong>T\u00fcrkiye\u2019nin en b\u00fcy\u00fck g\u00fcne\u015f enerjisi tesisi<\/strong> olacak; ayn\u0131 zamanda <strong>2 milyon haneye<\/strong> temiz elektrik enerjisi sa\u011flayacak e\u015fsiz Kalyon Karap\u0131nar G\u00fcne\u015f Enerjisi Santrali\u2019ni yerinde g\u00f6rmekten b\u00fcy\u00fck memnuniyet duyuyorum. Bu tesis hem temiz enerjinin gelece\u011finin hem de <strong>Birle\u015fik Krall\u0131k<\/strong> ve<strong> T\u00fcrkiye<\/strong> i\u015f birli\u011finde, Birle\u015fik Krall\u0131k\u2019\u0131n <strong>217 milyon Sterlin<\/strong> ile bug\u00fcne kadar \u00fclke d\u0131\u015f\u0131nda bir <strong>g\u00fcne\u015f enerjisi projesine<\/strong> sa\u011flad\u0131\u011f\u0131 en b\u00fcy\u00fck finansman garantisinin sembol\u00fc niteli\u011findedir.\u201d<\/em><\/p>\n<h3><strong>Y\u0131ll\u0131k 400 milyon dolarl\u0131k d\u00f6viz ikamesi sa\u011fl\u0131yor;\u00a0<\/strong> <strong>Avrupa\u2019n\u0131n en b\u00fcy\u00fck g\u00fcne\u015f enerjisi santrali<\/strong><\/h3>\n<p><strong>812 milyon dolarl\u0131k<\/strong> finansman\u0131<strong> \u0130ngiliz \u0130hracat Kredi Ajans\u0131 UK Export Finance (UKEF), JP Morgan Chase &amp; Co., DenizBank, Garanti BBVA, T\u00fcrkiye \u0130\u015f Bankas\u0131, TKYB, TSKB <\/strong>ve<strong> Vak\u0131fBank<\/strong> konsorsiyumu taraf\u0131ndan sa\u011flanan ve T\u00fcrkiye\u2019nin yeni nesil <strong>temiz enerji yat\u0131r\u0131mlar\u0131ndan<\/strong> olan Karap\u0131nar GES; <strong>1350 MW<\/strong> kurulu g\u00fcc\u00fc ve y\u00fcksek yerlilik oran\u0131 ile<strong> T\u00fcrkiye<\/strong> ve <strong>Avrupa\u2019n\u0131n<\/strong> en b\u00fcy\u00fck, d\u00fcnyan\u0131n ise <strong>say\u0131l\u0131 b\u00fcy\u00fck santralleri aras\u0131nda<\/strong> yer al\u0131yor.<\/p>\n<p>\u00c7evreci bir yat\u0131r\u0131m olmas\u0131n\u0131n yan\u0131nda <strong>yerli<\/strong> ve <strong>milli\u011fiyle de<\/strong> enerjide d\u0131\u015fa ba\u011f\u0131ml\u0131l\u0131\u011f\u0131n azalt\u0131lmas\u0131 y\u00f6n\u00fcndeki \u00f6nemli at\u0131l\u0131mlar\u0131n ba\u015f\u0131n\u0131 \u00e7eken proje, T\u00fcrkiye\u2019ye y\u0131ll\u0131k<strong> 400 milyon dolar<\/strong> tutar\u0131nda<strong> d\u00f6viz ikamesi sa\u011flamaya<\/strong> ba\u015flad\u0131 bile.<\/p>\n<p>Karap\u0131nar GES\u2019in<strong> g\u00fcne\u015f panelleri<\/strong> de yine bir Kalyon Enerji \u015firketi olan <strong>Kalyon PV<\/strong> taraf\u0131ndan \u00fcretilip temin ediliyor. Kalyon PV\u2019nin <strong>% 80 yerlilik oran\u0131yla<\/strong> ger\u00e7ekle\u015ftirdi\u011fi<strong> panel \u00fcretimi,<\/strong> bu alandaki <strong>Ar-Ge\u2019nin geli\u015fmesi, cari a\u00e7\u0131\u011f\u0131n azalt\u0131lmas\u0131<\/strong> ve <strong>nitelikli istihdam sa\u011flanmas\u0131<\/strong> a\u00e7\u0131s\u0131ndan da stratejik \u00f6nem ta\u015f\u0131yor.<strong> Kalyon PV fabrikas\u0131<\/strong>, T\u00fcrk ekonomisine<strong> y\u0131ll\u0131k 250 milyon dolar<\/strong> d\u00f6viz ikamesi sa\u011fl\u0131yor. <strong>Kalyon Karap\u0131nar G\u00fcne\u015f Santrali<\/strong> ve <strong>Kalyon PV G\u00fcne\u015f Paneli Fabrikas\u0131<\/strong>, ikisi birlikte T\u00fcrk ekonomisine y\u0131ll\u0131k <strong>650 milyon dolar<\/strong> katk\u0131 sa\u011flamaya ba\u015flad\u0131.<\/p>\n<h3><strong>2022\u2019nin sonuna gelmeden kurulu g\u00fc\u00e7 1350 MW\u2019a eri\u015fecek<\/strong><\/h3>\n<p><strong>19 A\u011fustos 2020\u2019de<\/strong> Cumhurba\u015fkan\u0131 Recep Tayyip Erdo\u011fan\u2019\u0131n te\u015frifleriyle, Ankara\u2019da Kalyon G\u00fcne\u015f Teknolojileri fabrikalar\u0131n\u0131 a\u00e7t\u0131klar\u0131n\u0131 hat\u0131rlatan<strong> Kalyon Holding Y\u00f6netim Kurulu Ba\u015fkan\u0131 Cemal Kalyoncu, <\/strong>ayn\u0131 g\u00fcn Konya\u2019da Karap\u0131nar GES\u2019in<strong> ilk panel montaj\u0131na<\/strong> <span style=\"text-decoration: underline;\">ba\u015flad\u0131klar\u0131n\u0131 belirterek:<\/span><\/p>\n<p><em>&#8220;Aradan ge\u00e7en sadece <strong>23 ay<\/strong> gibi k\u0131sa bir s\u00fcrede geldi\u011fimiz noktada, <strong>Kalyon Karap\u0131nar G\u00fcne\u015f Enerjisi Santrali<\/strong>\u2019nin \u015fimdiden <strong>900 MW<\/strong>\u2019\u0131 i\u015fletmeye al\u0131nm\u0131\u015f durumda. Ayr\u0131ca fabrikam\u0131z\u0131n \u00fcretim kapasitesini <strong>1000 MW\u2019<\/strong>a \u00e7\u0131kartarak, santralimizin tam kapasiteyle faaliyete ge\u00e7me tarihini bir y\u0131l \u00f6ne \u00e7ektik. Dolay\u0131s\u0131yla; <strong>1 milyar dolar yat\u0131r\u0131m<\/strong> bedeli bulunan santralimiz, <strong>2022\u2019nin<\/strong> sonunda <strong>1350 MW\u2019lik<\/strong> kurulu g\u00fcc\u00fc ile tam kapasiteye eri\u015fecek\u201d diyerek<strong>\u00a0\u0130ngiliz H\u00fck\u00fcmeti<\/strong>\u2019nin bug\u00fcne kadar s\u00fcrd\u00fcr\u00fclebilirlik konusunda <strong>en b\u00fcy\u00fck proje finansman\u0131n\u0131<\/strong> Kalyon Karap\u0131nar GES\u2019e sa\u011flamas\u0131n\u0131n, salg\u0131n sebebiyle k\u00fcresel d\u00fczeyde piyasalar\u0131n zorland\u0131\u011f\u0131 bir s\u00fcre\u00e7te bile T\u00fcrkiye\u2019ye ve Kalyon Holding\u2019in <strong>s\u00fcrd\u00fcr\u00fclebilir finansal yap\u0131s\u0131na<\/strong> duyulan g\u00fcvene i\u015faret etti\u011fine dikkat \u00e7ekti. Cemal Kalyoncu ayr\u0131ca, \u201c<strong>\u0130klim de\u011fi\u015fikli\u011fi<\/strong> \u00e7a\u011f\u0131m\u0131z\u0131n belirleyici zorlu\u011fu oldu\u011fu i\u00e7in, d\u00fcnyay\u0131 s\u00fcrd\u00fcr\u00fclebilir bir <strong>ye\u015fil ekonomiye d\u00f6n\u00fc\u015ft\u00fcrme<\/strong> \u00e7abalar\u0131m\u0131za devam edece\u011fiz\u201d<\/em> ifadelerini kulland\u0131.<\/p>\n<h3><strong>Karap\u0131nar GES, T\u00fcrkiye\u2019de g\u00fcne\u015f enerjisinin yenilenebilir enerji i\u00e7indeki pay\u0131n\u0131 % 20 art\u0131racak<\/strong><\/h3>\n<p><em>\u201c<strong>20 milyon metrekare<\/strong>, yani tam\u0131 tam\u0131na <strong>2.600<\/strong> futbol sahas\u0131 b\u00fcy\u00fckl\u00fc\u011f\u00fcndeki tek bir alana kurulu olan <strong>Karap\u0131nar GES<\/strong>\u2019imiz tamamland\u0131\u011f\u0131nda, Avrupa\u2019n\u0131n en b\u00fcy\u00fck g\u00fcne\u015f enerjisi santrali olmas\u0131n\u0131n yan\u0131nda d\u00fcnyan\u0131n say\u0131l\u0131 b\u00fcy\u00fckl\u00fckteki <strong>g\u00fcne\u015f enerjisi santralleri<\/strong> aras\u0131nda yerini alacak. Santralimizde kullan\u0131lan panellerin tamam\u0131n\u0131n, d\u00fcnyan\u0131n <strong>ilk<\/strong> ve <strong>tek tam entegre g\u00fcne\u015f paneli \u00fcretim fabrikas\u0131<\/strong> olan <strong>Kalyon PV<\/strong> taraf\u0131ndan<strong> % 80<\/strong> yerlilikle \u00fcretilmesinden de b\u00fcy\u00fck gurur duyuyoruz\u201d<\/em> diyen Kalyoncu, tam kapasiteye ula\u015ft\u0131klar\u0131nda T\u00fcrkiye\u2019nin g\u00fcne\u015f enerjisinin yenilenebilir enerjideki pay\u0131n\u0131 <strong>% 20<\/strong> oran\u0131nda art\u0131r\u0131larak<strong> 2 milyon ki\u015finin<\/strong> evsel enerjisine denk \u00fcretim ger\u00e7ekle\u015ftirilece\u011finin alt\u0131n\u0131 da \u00e7izdi. <strong>Kalyon Karap\u0131nar GES<\/strong> ve<strong> Kalyon G\u00fcne\u015f Teknolojileri Fabrikas\u0131<\/strong> ile birlikte toplam <strong>3.000<\/strong> y\u00fcksek nitelikli<strong> m\u00fchendis<\/strong> ve<strong> teknikere <\/strong>istihdam imkan\u0131 sa\u011flad\u0131klar\u0131n\u0131 dile getiren Kalyoncu; <strong>temiz<\/strong> ve <strong>yenilenebilir enerjiyi<\/strong> daha ula\u015f\u0131labilir k\u0131lma hedefiyle, yat\u0131r\u0131mlar\u0131na devam etme kararl\u0131l\u0131\u011f\u0131 i\u00e7inde olduklar\u0131n\u0131 da dile getirdi.<\/p>","protected":false},"excerpt":{"rendered":"<p>Sorry, this entry is only available in Turkish. For the sake of viewer convenience, the content is shown below in the alternative language. You may click the link to switch the active language. Kalyon Enerji\u2019nin Konya\u2019da kurmu\u015f oldu\u011fu Karap\u0131nar GES, T\u00fcrkiye\u2019nin en b\u00fcy\u00fck g\u00fcne\u015f enerji santrali olmakla birlikte, i\u015fletmeye al\u0131nm\u0131\u015f olan 900 MW panel kurulu [&hellip;]<\/p>\n","protected":false},"author":1,"featured_media":158624,"comment_status":"open","ping_status":"open","sticky":false,"template":"","format":"standard","meta":[],"categories":[51,53,49],"tags":[1265,6014,2206,1092,34920,77809,98957,74829,86018,2629],"views":175,"_links":{"self":[{"href":"https:\/\/www.enerjigazetesi.ist\/en\/wp-json\/wp\/v2\/posts\/158620"}],"collection":[{"href":"https:\/\/www.enerjigazetesi.ist\/en\/wp-json\/wp\/v2\/posts"}],"about":[{"href":"https:\/\/www.enerjigazetesi.ist\/en\/wp-json\/wp\/v2\/types\/post"}],"author":[{"embeddable":true,"href":"https:\/\/www.enerjigazetesi.ist\/en\/wp-json\/wp\/v2\/users\/1"}],"replies":[{"embeddable":true,"href":"https:\/\/www.enerjigazetesi.ist\/en\/wp-json\/wp\/v2\/comments?post=158620"}],"version-history":[{"count":0,"href":"https:\/\/www.enerjigazetesi.ist\/en\/wp-json\/wp\/v2\/posts\/158620\/revisions"}],"wp:featuredmedia":[{"embeddable":true,"href":"https:\/\/www.enerjigazetesi.ist\/en\/wp-json\/wp\/v2\/media\/158624"}],"wp:attachment":[{"href":"https:\/\/www.enerjigazetesi.ist\/en\/wp-json\/wp\/v2\/media?parent=158620"}],"wp:term":[{"taxonomy":"category","embeddable":true,"href":"https:\/\/www.enerjigazetesi.ist\/en\/wp-json\/wp\/v2\/categories?post=158620"},{"taxonomy":"post_tag","embeddable":true,"href":"https:\/\/www.enerjigazetesi.ist\/en\/wp-json\/wp\/v2\/tags?post=158620"}],"curies":[{"name":"wp","href":"https:\/\/api.w.org\/{rel}","templated":true}]}}