{"id":158615,"date":"2022-07-05T17:18:22","date_gmt":"2022-07-05T14:18:22","guid":{"rendered":"https:\/\/www.enerjigazetesi.ist\/?p=158615"},"modified":"2022-07-05T17:18:39","modified_gmt":"2022-07-05T14:18:39","slug":"sedas-in-next-projesi-nde-ogrenciler-enerji-santrali-ni-ziyaret-etti","status":"publish","type":"post","link":"https:\/\/www.enerjigazetesi.ist\/en\/sedas-in-next-projesi-nde-ogrenciler-enerji-santrali-ni-ziyaret-etti\/","title":{"rendered":"(Turkish) SEDA\u015e\u2019\u0131n Next Projesinde \u00d6\u011frenciler Enerji Santralini Ziyaret Etti"},"content":{"rendered":"<p class=\"qtranxs-available-languages-message qtranxs-available-languages-message-en\">Sorry, this entry is only available in <a href=\"https:\/\/www.enerjigazetesi.ist\/tr\/wp-json\/wp\/v2\/posts\/158615\" class=\"qtranxs-available-language-link qtranxs-available-language-link-tr\" title=\"Turkish\">Turkish<\/a>. For the sake of viewer convenience, the content is shown below in the alternative language. You may click the link to switch the active language.<\/p><p><\/p>\n<h2>Sakarya Elektrik Da\u011f\u0131t\u0131m&#8217;\u0131n (SEDA\u015e) \u201cKad\u0131n Enerjisi \u2013 Next\u201d projesinin 2&#8217;inci bulu\u015fmas\u0131 sahada ger\u00e7ekle\u015firken projeye kat\u0131lan 35 k\u0131z \u00f6\u011frenci, Akenerji\u2019nin Bursa\u2019da bulunan Uluabat Hidroelektrik Santrali\u2019ni ziyaret etti.<\/h2>\n<p>Saha turu boyunca enerji \u00fcretimi s\u00fcre\u00e7lerini yerinden takip eden \u00f6\u011frenciler,<strong> sunumlar e\u015fli\u011finde<\/strong> kad\u0131nlar\u0131n enerji sekt\u00f6r\u00fcndeki <strong>kariyer f\u0131rsatlar\u0131n\u0131 da \u00f6\u011frenme<\/strong> \u015fans\u0131na sahip olurken farkl\u0131 konularda bilgilendirildiler.<\/p>\n<p style=\"text-align: center;\"><img loading=\"lazy\" class=\"aligncenter wp-image-158617\" src=\"https:\/\/www.enerjigazetesi.ist\/wp-content\/uploads\/2022\/07\/sedas-in-next-projesi-nde-ogrenciler-enerji-santrali-ni-ziyaret-etti-1.jpg\" alt=\"\" width=\"500\" height=\"270\" srcset=\"https:\/\/www.enerjigazetesi.ist\/wp-content\/uploads\/2022\/07\/sedas-in-next-projesi-nde-ogrenciler-enerji-santrali-ni-ziyaret-etti-1.jpg 550w, https:\/\/www.enerjigazetesi.ist\/wp-content\/uploads\/2022\/07\/sedas-in-next-projesi-nde-ogrenciler-enerji-santrali-ni-ziyaret-etti-1-300x162.jpg 300w, https:\/\/www.enerjigazetesi.ist\/wp-content\/uploads\/2022\/07\/sedas-in-next-projesi-nde-ogrenciler-enerji-santrali-ni-ziyaret-etti-1-500x270.jpg 500w, https:\/\/www.enerjigazetesi.ist\/wp-content\/uploads\/2022\/07\/sedas-in-next-projesi-nde-ogrenciler-enerji-santrali-ni-ziyaret-etti-1-80x43.jpg 80w\" sizes=\"(max-width: 500px) 100vw, 500px\" \/><\/p>\n<h3><strong>\u201cBug\u00fcn ekti\u011fimiz tohumlarla enerjide yeni bir gelecek in\u015fa edece\u011fiz\u201d<\/strong><\/h3>\n<p>Programda konu\u015fan <em>SEDA\u015e \u0130nsan Kaynaklar\u0131 ve Kurumsal Yetkinlikler Direkt\u00f6r\u00fc<\/em> <strong>Sinem Yorulmaz<\/strong>, gelece\u011fin <strong>i\u015f kad\u0131nlar\u0131na enerji sekt\u00f6r\u00fcn\u00fc<\/strong> en yak\u0131ndan tan\u0131tman\u0131n \u00f6nemine de\u011findi. Sekt\u00f6re dair kal\u0131p yarg\u0131lar\u0131n k\u00fc\u00e7\u00fck ya\u015flarda ba\u015flad\u0131\u011f\u0131n\u0131 s\u00f6yleyen Yorulmaz, <span style=\"text-decoration: underline;\">\u015funlar\u0131 kaydetti;<\/span> <em>\u201cEnerjideki kad\u0131n temsili ile <strong>kad\u0131n lider say\u0131s\u0131n\u0131 art\u0131rma<\/strong> hedefimiz do\u011frultusunda, <strong>Next projesiyle<\/strong> k\u0131z \u00f6\u011frencilerin sekt\u00f6re dair ufkunu geni\u015fletiyoruz. <strong>Akenerji<\/strong>\u2019nin<strong> santralini<\/strong> ziyaret ederek evlerimize gelen elektri\u011fin ba\u015flang\u0131c\u0131n\u0131 \u00f6\u011frencilerimize yerinde anlatt\u0131k. Ayr\u0131ca <strong>kad\u0131n y\u00f6neticilerimiz<\/strong> ve <strong>kad\u0131n \u00e7al\u0131\u015fanlar\u0131m\u0131z\u0131n<\/strong> ilham verici konu\u015fmalar\u0131yla enerjinin <strong>sundu\u011fu<\/strong> <strong>kariyer f\u0131rsatlar\u0131n\u0131<\/strong> tan\u0131t\u0131p \u00f6\u011frencilerimizi bu y\u00f6nde <strong>e\u011fitim almaya<\/strong> te\u015fvik ettik. B\u00f6ylesi g\u00fczel ve anlaml\u0131 bir etkinlikte ekti\u011fimiz tohumlar sayesinde enerji sekt\u00f6r\u00fcnde bilinen ezberlerin d\u0131\u015f\u0131nda yepyeni bir gelecek in\u015fa edece\u011fiz. \u00d6n\u00fcm\u00fczdeki ay ise <strong>Sepa\u015f Enerji<\/strong> ziyareti ile <strong>perakende sat\u0131\u015f<\/strong> taraf\u0131n\u0131 ele al\u0131p g\u00f6zlemleyece\u011fiz. Son program\u0131m\u0131z\u0131n ard\u0131ndan <strong>elektrik b\u00f6l\u00fcm\u00fcndeki m\u00fchendislikleri<\/strong> ve <strong>teknik liseyi<\/strong> d\u00fc\u015f\u00fcnen arkada\u015flar\u0131m\u0131zla s\u00fcrecimizi devam ettirece\u011fiz\u201d<\/em> \u00eefadelerini kulland\u0131.<\/p>\n<p>Geziye kat\u0131lan \u00f6\u011frencilere <strong>Uluabat Hidroelektrik Santrali<\/strong>nde \u00fcretilen enerjinin yolculu\u011fundan s\u00f6z eden <em>Akk\u00f6k Holding ve Akenerji \u0130nsan Kaynaklar\u0131 Direkt\u00f6r\u00fc<\/em> <strong>Duygu Erzurumlu<\/strong> ise projeye destek veren \u00f6\u011frencilere kariyer hayatlar\u0131nda ba\u015far\u0131lar diledi.<\/p>\n<h3><strong>Projeye kat\u0131lanlara i\u015fe al\u0131mlarda \u00f6ncelik hakk\u0131<\/strong><\/h3>\n<p><strong>SEDA\u015e\u2019\u0131n Next projesi<\/strong>, te\u015fvik edici uygulamalarla k\u0131z \u00f6\u011frencilerini <strong>lise<\/strong> ve <strong>\u00fcniversite e\u011fitimlerinde<\/strong> <strong>elektrik b\u00f6l\u00fcmlerine<\/strong> y\u00f6nlendirmeyi ama\u00e7l\u0131yor. Her y\u0131l <strong>150 k\u0131z \u00f6\u011frenciye<\/strong> ula\u015fmay\u0131 hedefleyen <strong>proje<\/strong> ile <strong>saha gezileri, uygulamal\u0131 teknik e\u011fitimler<\/strong> ve<strong> mentorluk yoluyla<\/strong> <strong>geli\u015fim, staj <\/strong>ve<strong> burs imkanlar\u0131<\/strong> sunuluyor. Ayr\u0131ca kat\u0131l\u0131mc\u0131lara <strong>Akk\u00f6k Holding<\/strong> <strong>enerji grubu<\/strong> \u015firketlerindeki <strong>i\u015fe al\u0131mlarda \u00f6ncelik<\/strong> hakk\u0131 tan\u0131nacak.<\/p>","protected":false},"excerpt":{"rendered":"<p>Sorry, this entry is only available in Turkish. For the sake of viewer convenience, the content is shown below in the alternative language. You may click the link to switch the active language. Sakarya Elektrik Da\u011f\u0131t\u0131m&#8217;\u0131n (SEDA\u015e) \u201cKad\u0131n Enerjisi \u2013 Next\u201d projesinin 2&#8217;inci bulu\u015fmas\u0131 sahada ger\u00e7ekle\u015firken projeye kat\u0131lan 35 k\u0131z \u00f6\u011frenci, Akenerji\u2019nin Bursa\u2019da bulunan Uluabat [&hellip;]<\/p>\n","protected":false},"author":1,"featured_media":158618,"comment_status":"open","ping_status":"open","sticky":false,"template":"","format":"standard","meta":[],"categories":[51,53,47],"tags":[3762,21991,104556,26353,100541,2444,21296,104555],"views":886,"_links":{"self":[{"href":"https:\/\/www.enerjigazetesi.ist\/en\/wp-json\/wp\/v2\/posts\/158615"}],"collection":[{"href":"https:\/\/www.enerjigazetesi.ist\/en\/wp-json\/wp\/v2\/posts"}],"about":[{"href":"https:\/\/www.enerjigazetesi.ist\/en\/wp-json\/wp\/v2\/types\/post"}],"author":[{"embeddable":true,"href":"https:\/\/www.enerjigazetesi.ist\/en\/wp-json\/wp\/v2\/users\/1"}],"replies":[{"embeddable":true,"href":"https:\/\/www.enerjigazetesi.ist\/en\/wp-json\/wp\/v2\/comments?post=158615"}],"version-history":[{"count":0,"href":"https:\/\/www.enerjigazetesi.ist\/en\/wp-json\/wp\/v2\/posts\/158615\/revisions"}],"wp:featuredmedia":[{"embeddable":true,"href":"https:\/\/www.enerjigazetesi.ist\/en\/wp-json\/wp\/v2\/media\/158618"}],"wp:attachment":[{"href":"https:\/\/www.enerjigazetesi.ist\/en\/wp-json\/wp\/v2\/media?parent=158615"}],"wp:term":[{"taxonomy":"category","embeddable":true,"href":"https:\/\/www.enerjigazetesi.ist\/en\/wp-json\/wp\/v2\/categories?post=158615"},{"taxonomy":"post_tag","embeddable":true,"href":"https:\/\/www.enerjigazetesi.ist\/en\/wp-json\/wp\/v2\/tags?post=158615"}],"curies":[{"name":"wp","href":"https:\/\/api.w.org\/{rel}","templated":true}]}}