{"id":158592,"date":"2022-07-05T12:37:28","date_gmt":"2022-07-05T09:37:28","guid":{"rendered":"https:\/\/www.enerjigazetesi.ist\/?p=158592"},"modified":"2022-07-05T12:40:13","modified_gmt":"2022-07-05T09:40:13","slug":"100-bin-euroluk-cevre-dostu-yatirimla-atik-su-sarfiyati-azaltilacak","status":"publish","type":"post","link":"https:\/\/www.enerjigazetesi.ist\/en\/100-bin-euroluk-cevre-dostu-yatirimla-atik-su-sarfiyati-azaltilacak\/","title":{"rendered":"(Turkish) 100 Bin Euro\u2019luk \u00c7evre Dostu Yat\u0131r\u0131mla At\u0131k Su Sarfiyat\u0131 Azalt\u0131lacak"},"content":{"rendered":"<p class=\"qtranxs-available-languages-message qtranxs-available-languages-message-en\">Sorry, this entry is only available in <a href=\"https:\/\/www.enerjigazetesi.ist\/tr\/wp-json\/wp\/v2\/posts\/158592\" class=\"qtranxs-available-language-link qtranxs-available-language-link-tr\" title=\"Turkish\">Turkish<\/a>. For the sake of viewer convenience, the content is shown below in the alternative language. You may click the link to switch the active language.<\/p><p><\/p>\n<h2><em>Borusan Grup \u015firketlerinden<\/em> <strong>Supsan<\/strong>, farkl\u0131 \u00fcretim s\u00fcre\u00e7lerinde olu\u015fan <strong>at\u0131k su ar\u0131t\u0131m\u0131<\/strong>n\u0131 ger\u00e7ekle\u015ftirmek, daha <strong>s\u00fcrd\u00fcr\u00fclebilir bir \u00fcretim<\/strong> sa\u011flamak i\u00e7in <strong>2000 lt\/g\u00fcn<\/strong> kapasiteli <strong>evaporat\u00f6r yat\u0131r\u0131m\u0131n\u0131<\/strong> tamamlad\u0131. Yakla\u015f\u0131k <strong>100 bin euro<\/strong>\u2019luk <strong>yat\u0131r\u0131m<\/strong> ile <strong>at\u0131k su miktar\u0131n\u0131<\/strong> asgari seviyeye indirmeyi hedefliyor.<\/h2>\n<h3><strong>\u00c7evreci teknoloji ile sarfiyat\u0131 azaltacak<\/strong><\/h3>\n<p><em>Supsan Genel M\u00fcd\u00fcr\u00fc<\/em> <strong>At\u0131n\u00e7 Ocak<\/strong>, \u00fcretim s\u00fcre\u00e7lerini <strong>s\u00fcrd\u00fcr\u00fclebilirlik do\u011frultusunda<\/strong> yeniden ele ald\u0131klar\u0131n\u0131 ve<strong> at\u0131k su y\u00f6netimi<\/strong>ne y\u00f6nelik yat\u0131r\u0131m ger\u00e7ekle\u015ftirdiklerini s\u00f6yledi. At\u0131n\u00e7 Ocak, yeni<em><img loading=\"lazy\" class=\"alignright wp-image-158599\" src=\"https:\/\/www.enerjigazetesi.ist\/wp-content\/uploads\/2022\/07\/100-bin-euroluk-cevre-dostu-yatirimla-atik-su-sarfiyati-azaltilacak-02.jpg\" alt=\"\" width=\"300\" height=\"261\" srcset=\"https:\/\/www.enerjigazetesi.ist\/wp-content\/uploads\/2022\/07\/100-bin-euroluk-cevre-dostu-yatirimla-atik-su-sarfiyati-azaltilacak-02.jpg 490w, https:\/\/www.enerjigazetesi.ist\/wp-content\/uploads\/2022\/07\/100-bin-euroluk-cevre-dostu-yatirimla-atik-su-sarfiyati-azaltilacak-02-300x261.jpg 300w, https:\/\/www.enerjigazetesi.ist\/wp-content\/uploads\/2022\/07\/100-bin-euroluk-cevre-dostu-yatirimla-atik-su-sarfiyati-azaltilacak-02-460x400.jpg 460w, https:\/\/www.enerjigazetesi.ist\/wp-content\/uploads\/2022\/07\/100-bin-euroluk-cevre-dostu-yatirimla-atik-su-sarfiyati-azaltilacak-02-58x50.jpg 58w\" sizes=\"(max-width: 300px) 100vw, 300px\" \/><\/em> yat\u0131r\u0131m ile ilgili <span style=\"text-decoration: underline;\">\u015fu de\u011ferlendirmede bulundu:<\/span><\/p>\n<p><em>\u201c<strong>Supsan<\/strong> olarak sekt\u00f6rde \u00f6nc\u00fc \u015firket olma sorumlulu\u011fumuz do\u011frultusunda <strong>s\u00fcrd\u00fcr\u00fclebilir \u00fcretime<\/strong> odaklan\u0131yoruz. \u0130\u015f s\u00fcre\u00e7lerimizi daha s\u00fcrd\u00fcr\u00fclebilir k\u0131lmak ad\u0131na projeler geli\u015ftiriyor, bu konuda sekt\u00f6r\u00fcm\u00fcze liderlik eden firmalar aras\u0131nda yer al\u0131yoruz. <strong>S\u00fcrd\u00fcr\u00fclebilirlik<\/strong> kapsam\u0131nda, <strong>D\u00f6ng\u00fcsel Ekonomi, Karbonsuzla\u015fma<\/strong> ve<strong> Ye\u015fil Finans<\/strong> konular\u0131nda ara\u015ft\u0131rmalar yapan ve projeler \u00fcreten <strong>S\u00fcrd\u00fcr\u00fclebilirlik Komitesi<\/strong>, yapt\u0131\u011f\u0131 <strong>incelemeler<\/strong> ve<strong> de\u011ferlendirmeler<\/strong> sonucunda bu projeyi hayata ge\u00e7irmeye karar verdi.<\/em><\/p>\n<p><em>Tesislerimize entegre etti\u011fimiz <strong>vakum evaporat\u00f6r\u00fc<\/strong> ile ortaya \u00e7\u0131kan at\u0131\u011f\u0131 <strong>geri kazan\u0131m lisans\u0131na<\/strong> sahip i\u015f orta\u011f\u0131m\u0131za g\u00f6nderiyor ve <strong>bertaraf\u0131n\u0131<\/strong> sa\u011fl\u0131yoruz. Bu sayede <strong>at\u0131k miktarlar\u0131n\u0131<\/strong> \u00f6nemli \u00f6l\u00e7\u00fcde azalt\u0131rken, bu at\u0131\u011f\u0131 ar\u0131tarak<strong> y\u0131lda 300 metrek\u00fcp<\/strong> de <strong>su tasarrufu<\/strong> sa\u011flayaca\u011f\u0131z.\u201d<\/em><\/p>\n<h3><strong>Do\u011fadan ilham al\u0131p, gelece\u011fe ilham veriyor<\/strong><\/h3>\n<p><strong>Borusan Holding<\/strong> ve<strong> Grup \u015firketleri<\/strong> s\u00fcrd\u00fcr\u00fclebilirli\u011fi i\u015f s\u00fcre\u00e7lerinin temel ta\u015f\u0131 olarak g\u00f6r\u00fcp kapsay\u0131c\u0131 bir \u015fekilde ele al\u0131rken <strong>iklim, insan<\/strong> ve <strong>inovasyon<\/strong> odak alanlar\u0131nda \u00e7al\u0131\u015fmalar\u0131n\u0131 y\u00fcr\u00fct\u00fcyor. S\u00fcrd\u00fcr\u00fclebilirli\u011fi, payda\u015f temelli bir yap\u0131lanma olarak g\u00f6ren ve do\u011fay\u0131 i\u015f s\u00fcre\u00e7lerine katarak, t\u00fcm ya\u015fam i\u00e7in \u201cfayda\u201d \u00fcretmek ad\u0131na \u00e7al\u0131\u015fan Borusan, d\u00fcnyadan ilham al\u0131yor, gelece\u011fe ilham veriyor.<\/p>","protected":false},"excerpt":{"rendered":"<p>Sorry, this entry is only available in Turkish. For the sake of viewer convenience, the content is shown below in the alternative language. You may click the link to switch the active language. Borusan Grup \u015firketlerinden Supsan, farkl\u0131 \u00fcretim s\u00fcre\u00e7lerinde olu\u015fan at\u0131k su ar\u0131t\u0131m\u0131n\u0131 ger\u00e7ekle\u015ftirmek, daha s\u00fcrd\u00fcr\u00fclebilir bir \u00fcretim sa\u011flamak i\u00e7in 2000 lt\/g\u00fcn kapasiteli evaporat\u00f6r [&hellip;]<\/p>\n","protected":false},"author":1,"featured_media":158596,"comment_status":"open","ping_status":"open","sticky":false,"template":"","format":"standard","meta":[],"categories":[53],"tags":[104543,39699,63506,104546,45956,104544,31929,3992,104542,104545,98507],"views":54,"_links":{"self":[{"href":"https:\/\/www.enerjigazetesi.ist\/en\/wp-json\/wp\/v2\/posts\/158592"}],"collection":[{"href":"https:\/\/www.enerjigazetesi.ist\/en\/wp-json\/wp\/v2\/posts"}],"about":[{"href":"https:\/\/www.enerjigazetesi.ist\/en\/wp-json\/wp\/v2\/types\/post"}],"author":[{"embeddable":true,"href":"https:\/\/www.enerjigazetesi.ist\/en\/wp-json\/wp\/v2\/users\/1"}],"replies":[{"embeddable":true,"href":"https:\/\/www.enerjigazetesi.ist\/en\/wp-json\/wp\/v2\/comments?post=158592"}],"version-history":[{"count":0,"href":"https:\/\/www.enerjigazetesi.ist\/en\/wp-json\/wp\/v2\/posts\/158592\/revisions"}],"wp:featuredmedia":[{"embeddable":true,"href":"https:\/\/www.enerjigazetesi.ist\/en\/wp-json\/wp\/v2\/media\/158596"}],"wp:attachment":[{"href":"https:\/\/www.enerjigazetesi.ist\/en\/wp-json\/wp\/v2\/media?parent=158592"}],"wp:term":[{"taxonomy":"category","embeddable":true,"href":"https:\/\/www.enerjigazetesi.ist\/en\/wp-json\/wp\/v2\/categories?post=158592"},{"taxonomy":"post_tag","embeddable":true,"href":"https:\/\/www.enerjigazetesi.ist\/en\/wp-json\/wp\/v2\/tags?post=158592"}],"curies":[{"name":"wp","href":"https:\/\/api.w.org\/{rel}","templated":true}]}}