{"id":158538,"date":"2022-07-04T13:06:59","date_gmt":"2022-07-04T10:06:59","guid":{"rendered":"https:\/\/www.enerjigazetesi.ist\/?p=158538"},"modified":"2022-07-04T13:18:50","modified_gmt":"2022-07-04T10:18:50","slug":"esas-gayrimenkul-un-3-mwp-lik-ges-projesi-39-burda-avm-de-faaliyete-gecti","status":"publish","type":"post","link":"https:\/\/www.enerjigazetesi.ist\/en\/esas-gayrimenkul-un-3-mwp-lik-ges-projesi-39-burda-avm-de-faaliyete-gecti\/","title":{"rendered":"(Turkish) Esas Gayrimenkul\u2019\u00fcn 3 mWp&#8217;lik GES&#8217;i 39 Burda AVM\u2019de Faaliyete Ge\u00e7ti"},"content":{"rendered":"<p class=\"qtranxs-available-languages-message qtranxs-available-languages-message-en\">Sorry, this entry is only available in <a href=\"https:\/\/www.enerjigazetesi.ist\/tr\/wp-json\/wp\/v2\/posts\/158538\" class=\"qtranxs-available-language-link qtranxs-available-language-link-tr\" title=\"Turkish\">Turkish<\/a>. For the sake of viewer convenience, the content is shown below in the alternative language. You may click the link to switch the active language.<\/p><p><\/p>\n<h2><strong>Esas Gayrimenkul, 39 Burda AVM\u2019nin \u00e7at\u0131s\u0131na kurdu\u011fu G\u00fcne\u015f Enerjisi Santrali\u2019ni (GES) tamamlad\u0131. 10.000 m<sup>2<\/sup>\u2019lik bir alanda 2.555 adet g\u00fcne\u015f paneliyle kurulan 3 mWp g\u00fcce sahip santralle, <\/strong><strong>\u00fcretti\u011fi enerjiyle 39 Burda AVM\u2019nin toplam elektrik t\u00fcketiminin % 40\u2019\u0131n\u0131 kar\u015f\u0131layabiliyor.<\/strong><\/h2>\n<p>T\u00fcrkiye\u2019nin \u00f6nde gelen gayrimenkul yat\u0131r\u0131m \u015firketlerinden <strong>Esas Gayrimenkul, L\u00fcleburgaz\u2019da<\/strong> yer <img loading=\"lazy\" class=\"alignright wp-image-158540\" src=\"https:\/\/www.enerjigazetesi.ist\/wp-content\/uploads\/2022\/07\/esas-gayrimenkul-un-3-mwp-lik-ges-projesi-39-burda-avm-de-faaliyete-gecti-4.jpg\" alt=\"\" width=\"320\" height=\"182\" srcset=\"https:\/\/www.enerjigazetesi.ist\/wp-content\/uploads\/2022\/07\/esas-gayrimenkul-un-3-mwp-lik-ges-projesi-39-burda-avm-de-faaliyete-gecti-4.jpg 550w, https:\/\/www.enerjigazetesi.ist\/wp-content\/uploads\/2022\/07\/esas-gayrimenkul-un-3-mwp-lik-ges-projesi-39-burda-avm-de-faaliyete-gecti-4-300x170.jpg 300w, https:\/\/www.enerjigazetesi.ist\/wp-content\/uploads\/2022\/07\/esas-gayrimenkul-un-3-mwp-lik-ges-projesi-39-burda-avm-de-faaliyete-gecti-4-500x284.jpg 500w, https:\/\/www.enerjigazetesi.ist\/wp-content\/uploads\/2022\/07\/esas-gayrimenkul-un-3-mwp-lik-ges-projesi-39-burda-avm-de-faaliyete-gecti-4-80x45.jpg 80w\" sizes=\"(max-width: 320px) 100vw, 320px\" \/>alan<strong> 39 Burda AVM<\/strong>\u2019nin \u00e7at\u0131s\u0131na <strong>\u201cYap \u0130\u015flet\u201d modeliyle<\/strong> kurdu\u011fu <strong>G\u00fcne\u015f Enerjisi Santrali\u2019ni (GES)<\/strong> devreye ald\u0131. \u015eirketin <strong>s\u00fcrd\u00fcr\u00fclebilirlik hedefleri<\/strong> do\u011frultusunda ger\u00e7ekle\u015ftirilen proje kapsam\u0131nda, 39 Burda AVM\u2019nin \u00e7at\u0131s\u0131nda <strong>10.000 m2<\/strong>\u2019lik bir alanda<strong> 2.555 adet<\/strong> g\u00fcne\u015f paneli kullan\u0131larak <strong>3 mWp<\/strong> g\u00fcce sahip bir sistem kuruldu. Kurulan sistemin \u00fcretti\u011fi enerjiyle, <strong>al\u0131\u015fveri\u015f merkezinin<\/strong> toplam elektrik t\u00fcketiminin <strong>% 40<\/strong>\u2019\u0131 kar\u015f\u0131lanabiliyor.<\/p>\n<p>S\u00fcrd\u00fcr\u00fclebilir bir gelece\u011fe katk\u0131 sa\u011flarken sekt\u00f6re ilham vermeyi de hedefleyen Esas Gayrimenkul; <strong>17 Burda<\/strong> ve <strong>39 Burda<\/strong>\u2019n\u0131n ard\u0131ndan, <strong>2022 y\u0131l\u0131<\/strong> i\u00e7erisinde <strong>01 Burda<\/strong> ve <strong>41 Burda AVM<\/strong>\u2019de de <strong>GES sistemleri kurmak<\/strong> \u00fczere \u00e7al\u0131\u015fmalar\u0131n\u0131 s\u00fcrd\u00fcr\u00fcyor. Ad\u0131 ge\u00e7en d\u00f6rt Burda AVM\u2019sinin toplam ortak alan t\u00fcketiminin <strong>% 72<\/strong>\u2019sini <strong>IREC sertifikal\u0131 yenilenebilir kaynaklardan<\/strong> sa\u011flayacak olan Esas Gayrimenkul, 2030 y\u0131l\u0131na kadar bu oran\u0131 portf\u00f6y genelinde <strong>%100\u2019e \u00e7\u0131karmay\u0131<\/strong> hedefliyor. Ad\u0131 ge\u00e7en d\u00f6rt AVM\u2019nin tamam\u0131nda <strong>GES sistemi faal oldu\u011funda<\/strong>, \u00fcretilen enerji yakla\u015f\u0131k<strong> 2.140<\/strong> evin t\u00fcketti\u011fi enerjiye kar\u015f\u0131l\u0131k gelecek olup <strong>5.128 ton<\/strong> karbonun da do\u011faya sal\u0131m\u0131n\u0131 engellenmi\u015f olacak.<\/p>","protected":false},"excerpt":{"rendered":"<p>Sorry, this entry is only available in Turkish. For the sake of viewer convenience, the content is shown below in the alternative language. You may click the link to switch the active language. Esas Gayrimenkul, 39 Burda AVM\u2019nin \u00e7at\u0131s\u0131na kurdu\u011fu G\u00fcne\u015f Enerjisi Santrali\u2019ni (GES) tamamlad\u0131. 10.000 m2\u2019lik bir alanda 2.555 adet g\u00fcne\u015f paneliyle kurulan 3 [&hellip;]<\/p>\n","protected":false},"author":1,"featured_media":158541,"comment_status":"open","ping_status":"open","sticky":false,"template":"","format":"standard","meta":[],"categories":[51,53,49],"tags":[104516,71689,36606,102798,45418,100169],"views":294,"_links":{"self":[{"href":"https:\/\/www.enerjigazetesi.ist\/en\/wp-json\/wp\/v2\/posts\/158538"}],"collection":[{"href":"https:\/\/www.enerjigazetesi.ist\/en\/wp-json\/wp\/v2\/posts"}],"about":[{"href":"https:\/\/www.enerjigazetesi.ist\/en\/wp-json\/wp\/v2\/types\/post"}],"author":[{"embeddable":true,"href":"https:\/\/www.enerjigazetesi.ist\/en\/wp-json\/wp\/v2\/users\/1"}],"replies":[{"embeddable":true,"href":"https:\/\/www.enerjigazetesi.ist\/en\/wp-json\/wp\/v2\/comments?post=158538"}],"version-history":[{"count":0,"href":"https:\/\/www.enerjigazetesi.ist\/en\/wp-json\/wp\/v2\/posts\/158538\/revisions"}],"wp:featuredmedia":[{"embeddable":true,"href":"https:\/\/www.enerjigazetesi.ist\/en\/wp-json\/wp\/v2\/media\/158541"}],"wp:attachment":[{"href":"https:\/\/www.enerjigazetesi.ist\/en\/wp-json\/wp\/v2\/media?parent=158538"}],"wp:term":[{"taxonomy":"category","embeddable":true,"href":"https:\/\/www.enerjigazetesi.ist\/en\/wp-json\/wp\/v2\/categories?post=158538"},{"taxonomy":"post_tag","embeddable":true,"href":"https:\/\/www.enerjigazetesi.ist\/en\/wp-json\/wp\/v2\/tags?post=158538"}],"curies":[{"name":"wp","href":"https:\/\/api.w.org\/{rel}","templated":true}]}}