{"id":158526,"date":"2022-07-04T12:36:49","date_gmt":"2022-07-04T09:36:49","guid":{"rendered":"https:\/\/www.enerjigazetesi.ist\/?p=158526"},"modified":"2022-07-04T12:36:49","modified_gmt":"2022-07-04T09:36:49","slug":"koc-toplulugu-sirketi-wat-mobilite-elektrikli-arac-sarj-agi-isletmeciligi-yapacak","status":"publish","type":"post","link":"https:\/\/www.enerjigazetesi.ist\/en\/koc-toplulugu-sirketi-wat-mobilite-elektrikli-arac-sarj-agi-isletmeciligi-yapacak\/","title":{"rendered":"(Turkish) Ko\u00e7 Toplulu\u011fu \u015eirketi WAT Mobilite Elektrikli Ara\u00e7 \u015earj A\u011f\u0131 \u0130\u015fletmecili\u011fi Yapacak"},"content":{"rendered":"<p class=\"qtranxs-available-languages-message qtranxs-available-languages-message-en\">Sorry, this entry is only available in <a href=\"https:\/\/www.enerjigazetesi.ist\/tr\/wp-json\/wp\/v2\/posts\/158526\" class=\"qtranxs-available-language-link qtranxs-available-language-link-tr\" title=\"Turkish\">Turkish<\/a>. For the sake of viewer convenience, the content is shown below in the alternative language. You may click the link to switch the active language.<\/p><p><\/p>\n<h2>\u015eubat 2022 tarihinde kurulan ve Enerji Piyasas\u0131 D\u00fczenleme Kurulu\u2019nun \u015earj A\u011f\u0131 \u0130\u015fletmecili\u011fi Y\u00f6netmeli\u011fi kapsam\u0131nda \u015earj A\u011f\u0131 \u0130\u015fletmecisi olmak \u00fczere lisans\u0131n\u0131 alan\u00a0WAT Mobilite,\u00a0elektrikli ara\u00e7 \u015farj istasyonlar\u0131 ve servisleri ile s\u00fcr\u00fcc\u00fclerin hayat\u0131n\u0131 kolayla\u015ft\u0131rmaya haz\u0131rlan\u0131yor.\u00a0WAT Mobilite, Ko\u00e7 Holding Nakka\u015ftepe Kamp\u00fcs\u00fc\u2019nde de elektrikli ara\u00e7 \u015farj istasyonunu devreye ald\u0131.<\/h2>\n<h3><strong>\u201cWAT Mobilite Ko\u00e7 Holding Nakka\u015ftepe Kamp\u00fcs\u00fc\u2019ne Elektrikli Ara\u00e7 \u015earj \u0130stasyonu Kurdu<\/strong><\/h3>\n<div id=\"attachment_158528\" style=\"width: 330px\" class=\"wp-caption alignright\"><img aria-describedby=\"caption-attachment-158528\" loading=\"lazy\" class=\"wp-image-158528\" src=\"https:\/\/www.enerjigazetesi.ist\/wp-content\/uploads\/2022\/07\/koc-toplulugu-sirketi-wat-mobilite-elektrikli-arac-sarj-agi-isletmeciligi-yapacak-2.jpg\" alt=\"\" width=\"320\" height=\"202\" srcset=\"https:\/\/www.enerjigazetesi.ist\/wp-content\/uploads\/2022\/07\/koc-toplulugu-sirketi-wat-mobilite-elektrikli-arac-sarj-agi-isletmeciligi-yapacak-2.jpg 550w, https:\/\/www.enerjigazetesi.ist\/wp-content\/uploads\/2022\/07\/koc-toplulugu-sirketi-wat-mobilite-elektrikli-arac-sarj-agi-isletmeciligi-yapacak-2-300x190.jpg 300w, https:\/\/www.enerjigazetesi.ist\/wp-content\/uploads\/2022\/07\/koc-toplulugu-sirketi-wat-mobilite-elektrikli-arac-sarj-agi-isletmeciligi-yapacak-2-500x316.jpg 500w, https:\/\/www.enerjigazetesi.ist\/wp-content\/uploads\/2022\/07\/koc-toplulugu-sirketi-wat-mobilite-elektrikli-arac-sarj-agi-isletmeciligi-yapacak-2-80x50.jpg 80w\" sizes=\"(max-width: 320px) 100vw, 320px\" \/><p id=\"caption-attachment-158528\" class=\"wp-caption-text\">Ko\u00e7 Holding Dayan\u0131kl\u0131 T\u00fcketim Grubu Ba\u015fkan\u0131 Fatih Kemal Ebi\u00e7lio\u011flu, WAT Genel M\u00fcd\u00fcr\u00fc O\u011fuzhan \u00d6zt\u00fcrk<\/p><\/div>\n<p>Konuya ili\u015fkin de\u011ferlendirmede bulunan <strong>Ko\u00e7 Holding Dayan\u0131kl\u0131 T\u00fcketim Grubu Ba\u015fkan\u0131 Fatih Kemal Ebi\u00e7lio\u011flu,<\/strong> <em>\u201cKo\u00e7 Holding olarak iklim kriziyle m\u00fccadele yolunda ve 2050 y\u0131l\u0131nda karbon n\u00f6tr olma hedefimiz kapsam\u0131nda, i\u015f modellerimizi, \u00fcr\u00fcnlerimizi ve hizmetlerimizi kararl\u0131l\u0131kla d\u00f6n\u00fc\u015ft\u00fcrmeye devam ediyoruz. Topluluk \u015firketlerimizden<strong> WAT<\/strong>; bu anlay\u0131\u015f\u0131m\u0131zla paralel olarak elektrifikasyon alan\u0131n\u0131 kendisine bir hedef olarak se\u00e7ti. \u015eirketimiz; <strong>elektrikli ara\u00e7 \u015farj istasyonlar\u0131<\/strong> \u00fcr\u00fcn ailesinin tasarlanmas\u0131, \u00fcretilmesi ve hem \u00fclkemizde hem de yurt d\u0131\u015f\u0131nda hizmete sunulmas\u0131 konusunda belirlenen hedeflere y\u00f6nelik \u00e7al\u0131\u015facak.<strong> Binek ara\u00e7lardan otob\u00fcslere, hafif ticari ara\u00e7lardan uzun yol y\u00fck ta\u015f\u0131ma ara\u00e7lar\u0131na<\/strong> kadar geni\u015f kapsamda ihtiyaca hizmet edecek. Kalite ve g\u00fcvenilirlik gereksinimlerinin y\u00fcksek oldu\u011fu bu cihazlar\u0131 \u00fclkemizdeki kullan\u0131m ko\u015fullar\u0131na uygun olarak tasarlay\u0131p \u00fcretmeyi hedefliyoruz. Buradan hareketle, <strong>elektrikli ara\u00e7 \u015farj a\u011f\u0131 i\u015fletmecili\u011fi<\/strong> alan\u0131nda da stratejik bir ad\u0131m att\u0131k ve<strong> teknoloji<\/strong> ile <strong>operasyon yat\u0131r\u0131mlar\u0131m\u0131z\u0131<\/strong> y\u00f6netecek WAT Mobilite \u015firketimizi <strong>\u015eubat ay\u0131nda<\/strong> kurduk.<strong>\u00a0<\/strong>Elektrikli ara\u00e7lar\u0131n \u00fclkemizdeki yayg\u0131nla\u015fmas\u0131na<strong> Ko\u00e7 Toplulu\u011fu<\/strong>\u2019nun bu sayede \u00f6nemli katk\u0131 sa\u011flayaca\u011f\u0131na inan\u0131yoruz. <strong>WAT, Opet, Otoko\u00e7 Otomotiv <\/strong>ve<strong> Entek Elektrik<\/strong>\u2019in ortakl\u0131\u011f\u0131yla kendi alanlar\u0131nda<strong> lider 4 Topluluk \u015firketimizin<\/strong> sinerjisi ile yola \u00e7\u0131kan WAT Mobilite\u2019nin Ko\u00e7 Holding <strong>Nakka\u015ftepe Kamp\u00fcs\u00fc<\/strong>\u2019ne de <strong>elektrikli ara\u00e7 \u015farj istasyonu<\/strong> kurmas\u0131ndan b\u00fcy\u00fck mutluluk duyduk\u201d<\/em> ifadelerini kulland\u0131.<\/p>\n<h3><strong>O\u011fuzhan \u00d6zt\u00fcrk: \u201c\u015eubat ay\u0131nda kurdu\u011fumuz WAT Mobilite \u015firketimiz ile elektrikli ara\u00e7 \u015farj a\u011f\u0131 i\u015fletmecili\u011fi alan\u0131na giri\u015f yapmaktan b\u00fcy\u00fck heyecan duyuyoruz.\u201d<\/strong><\/h3>\n<p>K\u00fcresel d\u00fczeydeki <strong>elektrifikasyon d\u00f6n\u00fc\u015f\u00fcm\u00fcn\u00fcn<\/strong> \u00fclkemiz sanayisinin lokomotiflerinden olan otomotiv end\u00fcstrisine y\u00f6nelik riskleri ve f\u0131rsatlar\u0131 beraberinde getirdi\u011fini belirten <strong>WAT Genel M\u00fcd\u00fcr\u00fc O\u011fuzhan \u00d6zt\u00fcrk<\/strong> ise \u015funlar\u0131 s\u00f6yledi:<em> \u201cWAT olarak deneyimli Ar-Ge g\u00fcc\u00fcm\u00fcz, teknolojilerimiz ve \u00fcretim altyap\u0131m\u0131z ile <strong>elektrifikasyonun<\/strong> en \u00f6nemli bile\u015fenlerinden<strong> enerji verimli elektrik motorlar\u0131, elektronik kontrol sistemleri, ak\u0131ll\u0131 kontrol algoritmalar\u0131, filo y\u00f6netim yaz\u0131l\u0131mlar\u0131<\/strong> ve<strong> yapay zek\u00e2 uygulamalar\u0131 geli\u015ftirmek<\/strong> ve<strong> pazara sunmak<\/strong> \u00fczere ad\u0131mlar att\u0131k. T\u00fcrkiye\u2019nin elektrikli ara\u00e7 d\u00f6n\u00fc\u015f\u00fcm\u00fcndeki hedefleri, halk\u0131m\u0131z taraf\u0131ndan heyecan ile takip ediliyor. Bu hedeflere ula\u015f\u0131lmas\u0131 i\u00e7in <strong>elektrikli ara\u00e7 \u015farj cihazlar\u0131n\u0131n<\/strong> \u00fclkemizde yerli olarak tasarlanmas\u0131n\u0131 ve \u00fcretilmesini kritik g\u00f6r\u00fcyoruz. \u00dclkemizin m\u00fchendislik birikimine, <strong>\u00fcretim altyap\u0131s\u0131na<\/strong> ve<strong> lojistik y\u00f6netimi<\/strong> kapasitesine \u00e7ok g\u00fcveniyoruz. <strong>G\u00fc\u00e7 elektroni\u011fi<\/strong> ve <strong>yaz\u0131l\u0131m temelli elektrikli ara\u00e7 \u015farj teknolojileri<\/strong> konusunda global \u00f6l\u00e7ekte etki yaratmay\u0131 hedefliyoruz. 2022 y\u0131l\u0131 sonu itibar\u0131 ile WAT fabrikam\u0131zda \u00fcretimine ba\u015flayaca\u011f\u0131m\u0131z \u015farj cihazlar\u0131n\u0131n, 2023 y\u0131l\u0131 itibariyle <strong>yerlile\u015ftirme \u00e7al\u0131\u015fmalar\u0131<\/strong>n\u0131 h\u0131zland\u0131racak ve gelece\u011fe damga vuracak teknolojileri \u00fclkemize kazand\u0131rmak i\u00e7in var g\u00fcc\u00fcm\u00fczle \u00e7al\u0131\u015faca\u011f\u0131z. <strong>Elektrikli ara\u00e7 \u015farj a\u011f\u0131 i\u015fletmecili\u011fi<\/strong> alan\u0131na da <strong>WAT Mobilite<\/strong> \u015firketimiz ile giri\u015f yapmaktan b\u00fcy\u00fck heyecan duyuyoruz. Elektrikli ara\u00e7lar i\u00e7in kritik \u00f6neme sahip<strong> \u015farj istasyonlar\u0131<\/strong> konusunda T\u00fcrkiye \u00e7ap\u0131nda h\u0131zl\u0131 bir yayg\u0131nla\u015fma hedefimiz var. Bu konuda Ko\u00e7 Toplulu\u011fu \u015firketlerinin kendi lokasyonlar\u0131 ile T\u00fcrkiye geneline yay\u0131lan g\u00fc\u00e7l\u00fc bayi ve servis altyap\u0131s\u0131 en b\u00fcy\u00fck itici g\u00fcc\u00fcm\u00fcz olacak. Bu yayg\u0131nla\u015fmay\u0131 kendi g\u00fcc\u00fcm\u00fcz ve bayilerimiz ile birlikte hayata ge\u00e7irece\u011fimiz yat\u0131r\u0131mlarla sa\u011flayaca\u011f\u0131z. <strong>WAT Mobilite<\/strong> olarak <strong>elektrikli ara\u00e7 \u015farj a\u011f\u0131n\u0131n<\/strong> yan\u0131nda katma de\u011ferli servisler ile de <strong>m\u00fc\u015fterilerimiz<\/strong> ve <strong>i\u015f ortaklar\u0131m\u0131za<\/strong> dijital d\u00fcnyan\u0131n f\u0131rsatlar\u0131n\u0131 sunmay\u0131 hedefliyoruz.\u201d<\/em><\/p>","protected":false},"excerpt":{"rendered":"<p>Sorry, this entry is only available in Turkish. For the sake of viewer convenience, the content is shown below in the alternative language. You may click the link to switch the active language. \u015eubat 2022 tarihinde kurulan ve Enerji Piyasas\u0131 D\u00fczenleme Kurulu\u2019nun \u015earj A\u011f\u0131 \u0130\u015fletmecili\u011fi Y\u00f6netmeli\u011fi kapsam\u0131nda \u015earj A\u011f\u0131 \u0130\u015fletmecisi olmak \u00fczere lisans\u0131n\u0131 alan\u00a0WAT Mobilite,\u00a0elektrikli [&hellip;]<\/p>\n","protected":false},"author":1,"featured_media":158529,"comment_status":"open","ping_status":"open","sticky":false,"template":"","format":"standard","meta":[],"categories":[51,53],"tags":[96289,38159,17750,64981,1609,20032,102316,1273,104512],"views":76,"_links":{"self":[{"href":"https:\/\/www.enerjigazetesi.ist\/en\/wp-json\/wp\/v2\/posts\/158526"}],"collection":[{"href":"https:\/\/www.enerjigazetesi.ist\/en\/wp-json\/wp\/v2\/posts"}],"about":[{"href":"https:\/\/www.enerjigazetesi.ist\/en\/wp-json\/wp\/v2\/types\/post"}],"author":[{"embeddable":true,"href":"https:\/\/www.enerjigazetesi.ist\/en\/wp-json\/wp\/v2\/users\/1"}],"replies":[{"embeddable":true,"href":"https:\/\/www.enerjigazetesi.ist\/en\/wp-json\/wp\/v2\/comments?post=158526"}],"version-history":[{"count":0,"href":"https:\/\/www.enerjigazetesi.ist\/en\/wp-json\/wp\/v2\/posts\/158526\/revisions"}],"wp:featuredmedia":[{"embeddable":true,"href":"https:\/\/www.enerjigazetesi.ist\/en\/wp-json\/wp\/v2\/media\/158529"}],"wp:attachment":[{"href":"https:\/\/www.enerjigazetesi.ist\/en\/wp-json\/wp\/v2\/media?parent=158526"}],"wp:term":[{"taxonomy":"category","embeddable":true,"href":"https:\/\/www.enerjigazetesi.ist\/en\/wp-json\/wp\/v2\/categories?post=158526"},{"taxonomy":"post_tag","embeddable":true,"href":"https:\/\/www.enerjigazetesi.ist\/en\/wp-json\/wp\/v2\/tags?post=158526"}],"curies":[{"name":"wp","href":"https:\/\/api.w.org\/{rel}","templated":true}]}}