{"id":158506,"date":"2022-07-04T09:11:55","date_gmt":"2022-07-04T06:11:55","guid":{"rendered":"https:\/\/www.enerjigazetesi.ist\/?p=158506"},"modified":"2022-07-04T09:11:55","modified_gmt":"2022-07-04T06:11:55","slug":"asgari-ucretteki-artis-yuksek-enflasyon-ortaminda-nefes-aldiracak-bir-oran","status":"publish","type":"post","link":"https:\/\/www.enerjigazetesi.ist\/en\/asgari-ucretteki-artis-yuksek-enflasyon-ortaminda-nefes-aldiracak-bir-oran\/","title":{"rendered":"(Turkish) \u201cAsgari \u00dccretteki Art\u0131\u015f Y\u00fcksek Enflasyon Ortam\u0131nda Nefes Ald\u0131racak bir Oran&#8221;"},"content":{"rendered":"<p class=\"qtranxs-available-languages-message qtranxs-available-languages-message-en\">Sorry, this entry is only available in <a href=\"https:\/\/www.enerjigazetesi.ist\/tr\/wp-json\/wp\/v2\/posts\/158506\" class=\"qtranxs-available-language-link qtranxs-available-language-link-tr\" title=\"Turkish\">Turkish<\/a>. For the sake of viewer convenience, the content is shown below in the alternative language. You may click the link to switch the active language.<\/p><p><\/p>\n<h2>T\u00fcrkiye\u2019nin adeta nefesini tutarak bekledi\u011fi asgari \u00fccrete yap\u0131lacak ara zam oran\u0131 Cumhurba\u015fkan\u0131 Recep Tayyip Erdo\u011fan taraf\u0131ndan <strong>% 30<\/strong> art\u0131\u015f oran\u0131yla <strong>5.500 TL<\/strong> olarak a\u00e7\u0131klan\u0131rken T\u00fcrkiye&#8217;deki i\u015f g\u00fcc\u00fcn\u00fcn % 40\u2019\u0131ndan fazlas\u0131n\u0131n asgari \u00fccretle \u00e7al\u0131\u015f\u0131yor olmas\u0131 nedeniyle n\u00fcfusun b\u00fcy\u00fck b\u00f6l\u00fcm\u00fcn\u00fc ilgilendiren art\u0131\u015f hakk\u0131nda <em><strong>eleman.net<\/strong> <\/em><strong><em>CMO<\/em>\u2019su Arif K\u00f6se<\/strong> \u00f6nemli a\u00e7\u0131klamalarda bulundu.<\/h2>\n<p><strong>eleman.net<\/strong> olarak <strong>\u201cmavi yaka\u201d<\/strong> \u00e7al\u0131\u015fan istihdam\u0131n\u0131n artmas\u0131nda b\u00fcy\u00fck rol oynad\u0131klar\u0131n\u0131 ve bu nedenle <strong>asgari \u00fccretle \u00e7al\u0131\u015fan kesimin<\/strong> nabz\u0131n\u0131 tuttuklar\u0131n\u0131 belirten <strong>Arif K\u00f6se<\/strong> \u201c<strong>Y\u00fcksek enflasyon<\/strong> kar\u015f\u0131s\u0131nda b\u00f6yle bir art\u0131\u015f, \u00e7al\u0131\u015fanlara ve dolay\u0131s\u0131yla toplumun tamam\u0131na <strong>pozitif etkide<\/strong> bulunacak\u201d ifadelerini kulland\u0131.<\/p>\n<h3><strong>\u201c\u0130\u015f\u00e7iyi de i\u015fvereni de rahatlatacak bir d\u00fczenleme\u201d<img loading=\"lazy\" class=\"alignright wp-image-158508\" src=\"https:\/\/www.enerjigazetesi.ist\/wp-content\/uploads\/2022\/07\/asgari-ucretteki-artis-yuksek-enflasyon-ortaminda-nefes-aldiracak-bir-oran.jpg\" alt=\"\" width=\"320\" height=\"236\" srcset=\"https:\/\/www.enerjigazetesi.ist\/wp-content\/uploads\/2022\/07\/asgari-ucretteki-artis-yuksek-enflasyon-ortaminda-nefes-aldiracak-bir-oran.jpg 496w, https:\/\/www.enerjigazetesi.ist\/wp-content\/uploads\/2022\/07\/asgari-ucretteki-artis-yuksek-enflasyon-ortaminda-nefes-aldiracak-bir-oran-300x221.jpg 300w, https:\/\/www.enerjigazetesi.ist\/wp-content\/uploads\/2022\/07\/asgari-ucretteki-artis-yuksek-enflasyon-ortaminda-nefes-aldiracak-bir-oran-68x50.jpg 68w\" sizes=\"(max-width: 320px) 100vw, 320px\" \/><\/strong><\/h3>\n<p><strong>Arif K\u00f6se<\/strong> asgari \u00fccretin <strong>% 30<\/strong>\u2019luk art\u0131\u015fla net <strong>5.500 TL<\/strong>\u2019ye y\u00fckselmesinin, s\u00fcreklilik arz etmeye ba\u015flayan <strong>fiyat art\u0131\u015flar\u0131<\/strong> kar\u015f\u0131s\u0131nda<strong> \u201cmavi yaka\u201d<\/strong> \u00e7al\u0131\u015fanlara nefes ald\u0131raca\u011f\u0131n\u0131 ifade etti. K\u00f6se <strong>asgari \u00fccretteki art\u0131\u015f dolay\u0131s\u0131yla<\/strong> ki\u015fi ba\u015f\u0131na <strong>100 TL destek<\/strong> verilmesinin de <strong>i\u015fverenin y\u00fck\u00fcn\u00fc<\/strong> hafifletece\u011finin alt\u0131n\u0131 \u00e7izdi. K\u00f6se, <strong>% 30<\/strong> art\u0131\u015f\u0131n<strong> istihdamda daralmaya yol a\u00e7aca\u011f\u0131n\u0131<\/strong> d\u00fc\u015f\u00fcnmediklerini de dile getirdi.<\/p>\n<h3><strong>\u201cYap\u0131lan zam, talep ve beklentilerin orta noktas\u0131 oldu\u201d<\/strong><\/h3>\n<p><strong>15 milyon<\/strong>dan fazla aday,<strong> 350 binden fazla<\/strong> \u00fcye firmayla hizmet sunan <strong>eleman.net <\/strong>platformuna <strong>\u00fcye firmalar\u0131n<\/strong> \u00e7o\u011funlu\u011funu<strong> KOB\u0130<\/strong>\u2019lerin, \u00e7al\u0131\u015fan adaylar\u0131n \u00e7o\u011funlu\u011funu da <strong>mavi yaka <\/strong>\u00e7al\u0131\u015fanlar\u0131n olu\u015fturdu\u011funu belirten <strong>Arif K\u00f6se<\/strong> <span style=\"text-decoration: underline;\">\u015funlar\u0131 s\u00f6yledi:<\/span> <em>\u201cBaz\u0131 firmalar <strong>ara zamlarla<\/strong> maa\u015flarda <strong>d\u00fczenleme yapm\u0131\u015f<\/strong> olsa da <strong>\u00e7o\u011funlu\u011fu asgari \u00fccretin a\u00e7\u0131klanmas\u0131n\u0131<\/strong> bekliyordu. Adaylar\u0131m\u0131z\u0131n da <strong>i\u015f ba\u015fvurular\u0131<\/strong> i\u00e7in <strong>ayn\u0131 a\u00e7\u0131klamay\u0131 beklediklerini<\/strong> g\u00f6zlemledik. Y\u0131l\u0131n ilk 6 ay\u0131n\u0131n <strong>enflasyon oran\u0131<\/strong> baz al\u0131n\u0131rsa<strong> 5.250, 5.600 ve 6.250 TL<\/strong> olmak \u00fczere<strong> 3 farkl\u0131 beklenti<\/strong> oldu\u011funu tespit etmi\u015ftik.\u201d<\/em> Ayr\u0131ca <strong>K\u00f6se,<\/strong> Cumhurba\u015fkan\u0131 Erdo\u011fan <strong>5.500 TL<\/strong> olarak duyurdu\u011fu <strong>yeni asgari \u00fccretin<\/strong> beklentilerin ortalamas\u0131 olarak nitelendirilebilece\u011fini de belirtti.<\/p>","protected":false},"excerpt":{"rendered":"<p>Sorry, this entry is only available in Turkish. For the sake of viewer convenience, the content is shown below in the alternative language. You may click the link to switch the active language. T\u00fcrkiye\u2019nin adeta nefesini tutarak bekledi\u011fi asgari \u00fccrete yap\u0131lacak ara zam oran\u0131 Cumhurba\u015fkan\u0131 Recep Tayyip Erdo\u011fan taraf\u0131ndan % 30 art\u0131\u015f oran\u0131yla 5.500 TL [&hellip;]<\/p>\n","protected":false},"author":1,"featured_media":158509,"comment_status":"open","ping_status":"open","sticky":false,"template":"","format":"standard","meta":[],"categories":[53],"tags":[104487,99422,46661,103065,14494,46662,101579,2833,101158],"views":61,"_links":{"self":[{"href":"https:\/\/www.enerjigazetesi.ist\/en\/wp-json\/wp\/v2\/posts\/158506"}],"collection":[{"href":"https:\/\/www.enerjigazetesi.ist\/en\/wp-json\/wp\/v2\/posts"}],"about":[{"href":"https:\/\/www.enerjigazetesi.ist\/en\/wp-json\/wp\/v2\/types\/post"}],"author":[{"embeddable":true,"href":"https:\/\/www.enerjigazetesi.ist\/en\/wp-json\/wp\/v2\/users\/1"}],"replies":[{"embeddable":true,"href":"https:\/\/www.enerjigazetesi.ist\/en\/wp-json\/wp\/v2\/comments?post=158506"}],"version-history":[{"count":0,"href":"https:\/\/www.enerjigazetesi.ist\/en\/wp-json\/wp\/v2\/posts\/158506\/revisions"}],"wp:featuredmedia":[{"embeddable":true,"href":"https:\/\/www.enerjigazetesi.ist\/en\/wp-json\/wp\/v2\/media\/158509"}],"wp:attachment":[{"href":"https:\/\/www.enerjigazetesi.ist\/en\/wp-json\/wp\/v2\/media?parent=158506"}],"wp:term":[{"taxonomy":"category","embeddable":true,"href":"https:\/\/www.enerjigazetesi.ist\/en\/wp-json\/wp\/v2\/categories?post=158506"},{"taxonomy":"post_tag","embeddable":true,"href":"https:\/\/www.enerjigazetesi.ist\/en\/wp-json\/wp\/v2\/tags?post=158506"}],"curies":[{"name":"wp","href":"https:\/\/api.w.org\/{rel}","templated":true}]}}