{"id":158448,"date":"2022-07-03T02:50:32","date_gmt":"2022-07-02T23:50:32","guid":{"rendered":"https:\/\/www.enerjigazetesi.ist\/?p=158448"},"modified":"2022-07-03T02:56:47","modified_gmt":"2022-07-02T23:56:47","slug":"elektrik-depolama-tesisi-ne-dahil-edilecek-res-ve-gesler-icin-kanun-teklifi","status":"publish","type":"post","link":"https:\/\/www.enerjigazetesi.ist\/en\/elektrik-depolama-tesisi-ne-dahil-edilecek-res-ve-gesler-icin-kanun-teklifi\/","title":{"rendered":"(Turkish) Elektrik Depolama Tesisine Kurulacak RES ve GES&#8217;ler \u0130\u00e7in Kanun Teklifi Sunuldu"},"content":{"rendered":"<p class=\"qtranxs-available-languages-message qtranxs-available-languages-message-en\">Sorry, this entry is only available in <a href=\"https:\/\/www.enerjigazetesi.ist\/tr\/wp-json\/wp\/v2\/posts\/158448\" class=\"qtranxs-available-language-link qtranxs-available-language-link-tr\" title=\"Turkish\">Turkish<\/a>. For the sake of viewer convenience, the content is shown below in the alternative language. You may click the link to switch the active language.<\/p><p><\/p>\n<h2>Elektrik depolama tesisi kurmay\u0131 taahh\u00fct eden kurulu\u015flara yar\u0131\u015fma yap\u0131lmadan r\u00fczgar ve(ya) g\u00fcne\u015f enerjisine dayal\u0131 elektrik \u00fcretim tesisi \u00f6nlisans\u0131 sa\u011flanabilmesine y\u00f6nelik <img loading=\"lazy\" class=\"alignright wp-image-158450\" src=\"https:\/\/www.enerjigazetesi.ist\/wp-content\/uploads\/2022\/07\/elektrik-depolama-tesisi-ne-dahil-edilecek-res-ve-gesler-icin-kanun-teklifi.jpg\" alt=\"\" width=\"320\" height=\"211\" srcset=\"https:\/\/www.enerjigazetesi.ist\/wp-content\/uploads\/2022\/07\/elektrik-depolama-tesisi-ne-dahil-edilecek-res-ve-gesler-icin-kanun-teklifi.jpg 550w, https:\/\/www.enerjigazetesi.ist\/wp-content\/uploads\/2022\/07\/elektrik-depolama-tesisi-ne-dahil-edilecek-res-ve-gesler-icin-kanun-teklifi-300x198.jpg 300w, https:\/\/www.enerjigazetesi.ist\/wp-content\/uploads\/2022\/07\/elektrik-depolama-tesisi-ne-dahil-edilecek-res-ve-gesler-icin-kanun-teklifi-500x330.jpg 500w, https:\/\/www.enerjigazetesi.ist\/wp-content\/uploads\/2022\/07\/elektrik-depolama-tesisi-ne-dahil-edilecek-res-ve-gesler-icin-kanun-teklifi-76x50.jpg 76w\" sizes=\"(max-width: 320px) 100vw, 320px\" \/>kanun teklifi TBMM Ba\u015fkanl\u0131\u011f\u0131&#8217;na sunuldu.<\/h2>\n<p>Sunulan kanun teklifi kapsam\u0131nda, ilgili santrallerin ayn\u0131 zamanda<strong> YEK Destekleme Mekanizmas\u0131&#8217;<\/strong>ndan da yararlanabilmesi planlan\u0131yor.<\/p>\n<p>Teklife g\u00f6re <strong>k\u0131smen<\/strong> \/<strong> tamamen<\/strong> devrede olan <strong>elektrik \u00fcretim tesisleri<\/strong>nde, <strong>depolama yat\u0131r\u0131m\u0131<\/strong> yap\u0131lmas\u0131 durumunda ilgili santrallere <strong>kurulacak depolama tesisinin<\/strong> g\u00fcc\u00fcne kadar <strong>kapasite art\u0131\u015f izni<\/strong> sa\u011flanabilecek olup <strong>mevcut santraller<\/strong> i\u00e7in de benzer bir <strong>te\u015fvik getirilmesi \u00f6nerisi<\/strong> de sunuldu.<\/p>\n<p><strong>Kanun Teklifine Y\u00f6nelik Detayl\u0131 Bilgi \u0130\u00e7in <a href=\"https:\/\/www2.tbmm.gov.tr\/d27\/2\/2-4527.pdf\" target=\"_blank\" rel=\"noopener\">TIKLAYIN &gt;&gt;&gt;<\/a><\/strong><\/p>","protected":false},"excerpt":{"rendered":"<p>Sorry, this entry is only available in Turkish. For the sake of viewer convenience, the content is shown below in the alternative language. You may click the link to switch the active language. Elektrik depolama tesisi kurmay\u0131 taahh\u00fct eden kurulu\u015flara yar\u0131\u015fma yap\u0131lmadan r\u00fczgar ve(ya) g\u00fcne\u015f enerjisine dayal\u0131 elektrik \u00fcretim tesisi \u00f6nlisans\u0131 sa\u011flanabilmesine y\u00f6nelik kanun teklifi [&hellip;]<\/p>\n","protected":false},"author":1,"featured_media":158450,"comment_status":"open","ping_status":"open","sticky":false,"template":"","format":"standard","meta":[],"categories":[51,53,49,50],"tags":[44584,8184,18,2401,53903,312,54152],"views":438,"_links":{"self":[{"href":"https:\/\/www.enerjigazetesi.ist\/en\/wp-json\/wp\/v2\/posts\/158448"}],"collection":[{"href":"https:\/\/www.enerjigazetesi.ist\/en\/wp-json\/wp\/v2\/posts"}],"about":[{"href":"https:\/\/www.enerjigazetesi.ist\/en\/wp-json\/wp\/v2\/types\/post"}],"author":[{"embeddable":true,"href":"https:\/\/www.enerjigazetesi.ist\/en\/wp-json\/wp\/v2\/users\/1"}],"replies":[{"embeddable":true,"href":"https:\/\/www.enerjigazetesi.ist\/en\/wp-json\/wp\/v2\/comments?post=158448"}],"version-history":[{"count":0,"href":"https:\/\/www.enerjigazetesi.ist\/en\/wp-json\/wp\/v2\/posts\/158448\/revisions"}],"wp:featuredmedia":[{"embeddable":true,"href":"https:\/\/www.enerjigazetesi.ist\/en\/wp-json\/wp\/v2\/media\/158450"}],"wp:attachment":[{"href":"https:\/\/www.enerjigazetesi.ist\/en\/wp-json\/wp\/v2\/media?parent=158448"}],"wp:term":[{"taxonomy":"category","embeddable":true,"href":"https:\/\/www.enerjigazetesi.ist\/en\/wp-json\/wp\/v2\/categories?post=158448"},{"taxonomy":"post_tag","embeddable":true,"href":"https:\/\/www.enerjigazetesi.ist\/en\/wp-json\/wp\/v2\/tags?post=158448"}],"curies":[{"name":"wp","href":"https:\/\/api.w.org\/{rel}","templated":true}]}}