{"id":158308,"date":"2022-06-30T16:40:36","date_gmt":"2022-06-30T13:40:36","guid":{"rendered":"https:\/\/www.enerjigazetesi.ist\/?p=158308"},"modified":"2022-06-30T16:47:12","modified_gmt":"2022-06-30T13:47:12","slug":"stk-lar-surdurulebilirlik-icin-guclerini-birlestirdi","status":"publish","type":"post","link":"https:\/\/www.enerjigazetesi.ist\/en\/stk-lar-surdurulebilirlik-icin-guclerini-birlestirdi\/","title":{"rendered":"(Turkish) STK&#8217;lar S\u00fcrd\u00fcr\u00fclebilirlik \u0130\u00e7in G\u00fc\u00e7lerini Birle\u015ftirdi"},"content":{"rendered":"<p class=\"qtranxs-available-languages-message qtranxs-available-languages-message-en\">Sorry, this entry is only available in <a href=\"https:\/\/www.enerjigazetesi.ist\/tr\/wp-json\/wp\/v2\/posts\/158308\" class=\"qtranxs-available-language-link qtranxs-available-language-link-tr\" title=\"Turkish\">Turkish<\/a>. For the sake of viewer convenience, the content is shown below in the alternative language. You may click the link to switch the active language.<\/p><p><\/p>\n<h2><strong>T\u00fcrkiye \u0130MSAD<\/strong> (T\u00fcrkiye \u0130n\u015faat Malzemesi Sanayicileri Derne\u011fi) ve <strong>\u00c7EDB\u0130K<\/strong> (\u00c7evre Dostu Ye\u015fil Binalar Derne\u011fi) ortakl\u0131\u011f\u0131nda ba\u015fvurusu ger\u00e7ekle\u015ftirilen \u2018<strong>S\u00fcrd\u00fcr\u00fclebilir Kalk\u0131nma i\u00e7in STK\u2019lar\u2019<\/strong> projesi,<strong>\u00a0T.C. D\u0131\u015fi\u015fleri Bakanl\u0131\u011f\u0131 Avrupa Birli\u011fi Ba\u015fkanl\u0131\u011f\u0131<\/strong> taraf\u0131ndan <strong>Avrupa Birli\u011fi<\/strong> mali deste\u011fiyle uygulanan <strong>Sivil Toplum Destek Program\u0131\u2019<\/strong>n\u0131n 3&#8217;\u00fcnc\u00fc d\u00f6nemi kapsam\u0131nda 1 Nisan 2021 tarihinde hibe deste\u011fi almaya hak kazand\u0131.<\/h2>\n<p>Projede,<strong> sekt\u00f6r payda\u015flar\u0131n\u0131n bir araya gelmesi, S\u00fcrd\u00fcr\u00fclebilir Kalk\u0131nma Ama\u00e7lar\u0131 (SKA) hakk\u0131nda daha iyi bir anlay\u0131\u015f geli\u015ftirmesi<\/strong> ve SKA\u2019ya ula\u015fmada <strong>aktif kat\u0131l\u0131mlar\u0131n\u0131 te\u015fvik etmek<\/strong> hedeflendi. <strong>15 ay<\/strong> olarak programlanan proje<strong> Haziran 2022\u2019de<\/strong> tamamland\u0131 ve proje kapsam\u0131nda \u00fclkemizdeki sivil toplum kurulu\u015flar\u0131n\u0131n daha aktif olmalar\u0131, karar alma s\u00fcre\u00e7lerine daha kolay etki etmelerinin yolunun a\u00e7\u0131lmas\u0131, sekt\u00f6rler aras\u0131 <strong>i\u015f birli\u011finin art\u0131r\u0131lmas\u0131<\/strong> ve<strong> geli\u015fimin <img loading=\"lazy\" class=\"alignright wp-image-158310\" src=\"https:\/\/www.enerjigazetesi.ist\/wp-content\/uploads\/2022\/06\/stk-lar-surdurulebilirlik-icin-guclerini-birlestirdi-2.jpg\" alt=\"\" width=\"320\" height=\"214\" srcset=\"https:\/\/www.enerjigazetesi.ist\/wp-content\/uploads\/2022\/06\/stk-lar-surdurulebilirlik-icin-guclerini-birlestirdi-2.jpg 550w, https:\/\/www.enerjigazetesi.ist\/wp-content\/uploads\/2022\/06\/stk-lar-surdurulebilirlik-icin-guclerini-birlestirdi-2-300x200.jpg 300w, https:\/\/www.enerjigazetesi.ist\/wp-content\/uploads\/2022\/06\/stk-lar-surdurulebilirlik-icin-guclerini-birlestirdi-2-500x334.jpg 500w, https:\/\/www.enerjigazetesi.ist\/wp-content\/uploads\/2022\/06\/stk-lar-surdurulebilirlik-icin-guclerini-birlestirdi-2-75x50.jpg 75w, https:\/\/www.enerjigazetesi.ist\/wp-content\/uploads\/2022\/06\/stk-lar-surdurulebilirlik-icin-guclerini-birlestirdi-2-450x300.jpg 450w\" sizes=\"(max-width: 320px) 100vw, 320px\" \/>desteklenmesi<\/strong>ne y\u00f6nelik \u00e7al\u0131\u015fmalar yap\u0131ld\u0131.<\/p>\n<p>Farkl\u0131 illerde \u00f6nce fiziksel sonra da \u00e7evrimi\u00e7i olarak d\u00fczenlenen \u201c<strong>S\u00fcrd\u00fcr\u00fclebilir Kalk\u0131nma Ama\u00e7lar\u0131<\/strong>\u201d ba\u015fl\u0131kl\u0131 e\u011fitimlerde, kaynaklar\u0131n \u00f6nemi vurgulanarak, kurumlar\u0131n topluma sadece ekonomik fayda sa\u011flama konusunda de\u011fil, ayn\u0131 zamanda <strong>sosyal<\/strong> ve <strong>\u00e7evresel<\/strong> a\u00e7\u0131dan da sorumluluklar\u0131 oldu\u011funa dikkat \u00e7ekildi. <strong>S\u00fcrd\u00fcr\u00fclebilirlik<\/strong> ve <strong>iklim g\u00fcndemi<\/strong>nin; <strong>in\u015faat, \u00e7evre, mimarl\u0131k, enerji verimlili\u011fi<\/strong> ve<strong> s\u00fcrd\u00fcr\u00fclebilir kalk\u0131nma alanlar\u0131na etkileri<\/strong> de bu toplant\u0131larda t\u00fcm y\u00f6nleriyle de\u011ferlendirildi. Farkl\u0131 sekt\u00f6r ve meslek temsilcilerinin kat\u0131ld\u0131\u011f\u0131 \u201c<strong>Savunuculuk<\/strong>\u201d ba\u015fl\u0131kl\u0131 e\u011fitimlerde ise b\u00f6lgesel ve sekt\u00f6rel sorunlar, sekt\u00f6rler aras\u0131 diyalog olu\u015fturulmas\u0131yla ilgili g\u00f6r\u00fc\u015fler payla\u015f\u0131ld\u0131. SKA\u2019lar, in\u015faat alt sekt\u00f6rleri a\u00e7\u0131s\u0131ndan de\u011ferlendirilerek, neler yap\u0131labilece\u011fi, bu hedeflere ula\u015fmada ya\u015fanan zorluklar ve iyi uygulamalar ele al\u0131nd\u0131.<\/p>\n<p><strong>01 Nisan 2022<\/strong> tarihinde \u0130stanbul\u2019da d\u00fczenlenen\u00a0<strong>\u201c<\/strong><strong>Diyalog G\u00fcn\u00fc\u201d<\/strong>nde ise y\u0131l boyunca yap\u0131lan t\u00fcm \u00e7al\u0131\u015fmalar ve e\u011fitimler sonras\u0131 elde edilen bilgiler, SKA\u2019lar\u0131n \u00f6n\u00fcndeki <strong>engelleri belirleme<\/strong> ve<strong> \u00e7\u00f6z\u00fcm \u00f6nerileri geli\u015ftirilmesi<\/strong> amac\u0131yla de\u011ferlendirildi. E\u011fitim ve toplant\u0131lar\u0131n sonras\u0131nda ortaya \u00e7\u0131kan \u00a0 \u201c<strong>\u0130n\u015faat Sekt\u00f6r\u00fc ve \u0130li\u015fkili Sekt\u00f6rler i\u00e7in SKA De\u011ferlendirmesi<\/strong>\u201d ile \u201c<strong>Diyalog G\u00fcn\u00fc Bildirisi<\/strong>\u201d yay\u0131mlanarak \u00e7al\u0131\u015fmalar\u0131n kal\u0131c\u0131 olmas\u0131 sa\u011fland\u0131.<\/p>\n<p>Proje kapsam\u0131nda ayr\u0131ca bir web sayfas\u0131 ve proje hakk\u0131nda detayl\u0131 bilgilerin yer ald\u0131\u011f\u0131 bir bro\u015f\u00fcr haz\u0131rland\u0131. <strong>T\u00fcrkiye \u0130MSAD<\/strong> ve <strong>\u00c7EDB\u0130K<\/strong>\u2019in<strong> eylem plan\u0131<\/strong> yay\u0131mland\u0131. <strong>\u0130n\u015faat sekt\u00f6r\u00fc<\/strong>n\u00fcn akt\u00f6r ve payda\u015flar\u0131 aras\u0131nda,<strong> iklim krizi, S\u00fcrd\u00fcr\u00fclebilir Kalk\u0131nma Ama\u00e7lar\u0131<\/strong> ve <strong>at\u0131labilecek ad\u0131mlarla ilgili<\/strong> bir fark\u0131ndal\u0131k olu\u015fturmay\u0131, e\u011fitimlere kat\u0131lan kitlede ise hat\u0131rlatma i\u015flevi g\u00f6rmesini hedeflenen bir sosyal medya kampanyas\u0131 ba\u015flat\u0131ld\u0131. Bu kampanya ile her SKA i\u00e7in bir bro\u015f\u00fcr ve hareketli video haz\u0131rlanarak sekt\u00f6r\u00fcn bu konuda yapmas\u0131 ve uymas\u0131 gereken noktalara dikkat \u00e7ekildi. Bu \u00e7al\u0131\u015fmalar yan\u0131 s\u0131ra \u00e7ift y\u0131llarda d\u00fczenlenen <strong>Gelece\u011fe Yat\u0131r\u0131m \u00d6d\u00fclleri<\/strong>\u2019ne,<strong> 2021 y\u0131l\u0131ndan<\/strong> itibaren tek y\u0131llarda d\u00fczenlenecek <strong>Gelece\u011fe Yat\u0131r\u0131m \u00d6d\u00fclleri \u2013 Sivil Toplum<\/strong> eklendi. Ayr\u0131ca<strong> in\u015faat, \u00e7evre, s\u00fcrd\u00fcr\u00fclebilir kalk\u0131nma, mimarl\u0131k <\/strong>ve<strong> enerji verimlili\u011fi<\/strong> alanlar\u0131nda faaliyet g\u00f6steren <strong>STK\u2019lar\u0131n<\/strong> <strong>g\u00f6r\u00fcn\u00fcrl\u00fcklerini art\u0131rmak,<\/strong> aralar\u0131nda i\u015fbirliklerinin geli\u015ftirilmesine destek olmak, SKA\u2019lar hakk\u0131nda bilgilerini peki\u015ftirmek ve ortak \u00e7al\u0131\u015fmalara imza atabilmek i\u00e7in \u201c<strong>S\u00fcrd\u00fcr\u00fclebilir Kalk\u0131nma i\u00e7in STK\u2019lar A\u011f\u0131<\/strong>\u201d kuruldu.<\/p>\n<h3><strong>\u201c<\/strong><strong>D\u00fcnyam\u0131z i\u00e7in harekete ge\u00e7menin zaman\u0131 geldi\u201d<\/strong><\/h3>\n<p>Gecede bir konu\u015fma yapan <strong>T\u00fcrkiye \u0130MSAD Y\u00f6netim Kurulu Ba\u015fkan\u0131 Tayfun K\u00fc\u00e7\u00fcko\u011flu,<em>\u00a0<\/em><\/strong><em>\u201cYakla\u015f\u0131k 15 ay \u00f6nce\u00a0\u00c7EDB\u0130K ile birlikte ba\u015flatt\u0131\u011f\u0131m\u0131z \u201cS\u00fcrd\u00fcr\u00fclebilir Kalk\u0131nma i\u00e7in STK\u2019lar\u201d isimli <strong>AB projemizi<\/strong> bug\u00fcn, b\u00fcy\u00fck kazan\u0131mlarla ve hedeflere ula\u015farak tamamlaman\u0131n mutlulu\u011funu ya\u015f\u0131yoruz. Bu proje i\u00e7in yola \u00e7\u0131karken, s\u00fcrd\u00fcr\u00fclebilirli\u011fin sekt\u00f6r\u00fcm\u00fcz a\u00e7\u0131s\u0131ndan olmazsa olmaz y\u00f6nlerini vurgulamak, i\u015f yap\u0131\u015f \u015feklini de\u011fi\u015ftirecek ad\u0131mlar\u0131 tabana yaymak ve fark\u0131ndal\u0131\u011f\u0131 art\u0131rmak ana oda\u011f\u0131m\u0131z\u0131 olu\u015fturdu. <strong>S\u00fcrd\u00fcr\u00fclebilir Kalk\u0131nma Ama\u00e7lar\u0131<\/strong> do\u011frultusunda<strong> STK\u2019lar<\/strong> <strong>kamu kurumlar\u0131<\/strong> ve<strong> yerel y\u00f6netimlerle<\/strong> daha verimli i\u015f birlikleri geli\u015ftirmeyi hedefledik. S\u00fcrd\u00fcr\u00fclebilirlik \u00e7al\u0131\u015fmalar\u0131 aras\u0131nda fark yaratan, bu k\u0131ymetli \u00e7al\u0131\u015fma i\u00e7in emek veren herkese, bize bu \u00e7al\u0131\u015fmada e\u015flik eden proje orta\u011f\u0131m\u0131z \u00c7EDB\u0130K&#8217;e ve katk\u0131 sa\u011flayan t\u00fcm kurumlar\u0131m\u0131za te\u015fekk\u00fcrlerimi sunuyorum. Ge\u00e7en<strong> 15 ayl\u0131k s\u00fcre\u00e7te<\/strong> yarat\u0131lan <strong>fark\u0131ndal\u0131k, s\u00fcrd\u00fcr\u00fclebilirlik<\/strong> ad\u0131na umut veren geli\u015fmelerin i\u015fareti ve motivasyonumuz oldu. D\u00fcnyam\u0131z i\u00e7in harekete ge\u00e7menin zaman\u0131 geldi, ge\u00e7iyor. \u00d6nlem almaz ve hayati de\u011fi\u015fimleri ger\u00e7ekle\u015ftirmezsek, gezegenimizin, \u00e7ocuklar\u0131m\u0131z\u0131n gelece\u011fini t\u00fcketmi\u015f oluyoruz\u201d<\/em> ifadelerini kulland\u0131.<\/p>\n<h3><strong>\u201c\u0130yi \u00f6rnekler ilham kayna\u011f\u0131m\u0131z olacak\u201d<\/strong><\/h3>\n<p><strong>Gelece\u011fe Yat\u0131r\u0131m \u00d6d\u00fclleri Sivil Toplum 2021<\/strong>\u2019de dereceye giren projeleri kutlayan\u00a0<strong>Tayfun K\u00fc\u00e7\u00fcko\u011flu<\/strong>,\u00a0<em>\u201cS\u00fcrd\u00fcr\u00fclebilirli\u011fin \u00f6nemini daha iyi anlad\u0131\u011f\u0131m\u0131z s\u00fcre\u00e7te <strong>Gelece\u011fe Yat\u0131r\u0131m \u00d6d\u00fclleri<\/strong>\u2019ne ba\u015fvuru say\u0131s\u0131n\u0131n giderek artmas\u0131, gelece\u011fimize y\u00f6nelik umutlar\u0131m\u0131z\u0131 da y\u00fckseltiyor. Her y\u0131l <strong>daha geli\u015fmi\u015f<\/strong> ve <strong>etkisi y\u00fcksek<\/strong> projelerle tan\u0131\u015fmak, bu y\u00f6nde artan bilin\u00e7 ve gayret hepimizi sevindiriyor. Ba\u011f\u0131ms\u0131z j\u00fcrimizin i\u015finin giderek zorla\u015ft\u0131\u011f\u0131n\u0131 s\u00f6yleyebilirim. T\u00fcm d\u00fcnyada b\u00fcy\u00fck de\u011fi\u015fimler ya\u015fan\u0131rken, \u00fclke ve sekt\u00f6r olarak bizler de bunun olumlu ve olumsuz etkilerini hissediyoruz. Olumsuz etkileri tersine \u00e7evirmenin tek yolu ise gelece\u011fe yat\u0131r\u0131m yapmak,<strong> k\u0131sa vadeli de\u011fil<\/strong>,<strong> orta<\/strong> ve <strong>uzun vadeli projelere<\/strong> daha fazla \u00f6nem vermekten ge\u00e7iyor. S\u00fcrd\u00fcr\u00fclebilir olman\u0131n esas\u0131n\u0131 kavramak; <strong>gelecek ko\u015fullar\u0131 \u00f6ng\u00f6rmek, bu ko\u015fullara y\u00fcksek irade <\/strong>ve<strong> kararl\u0131l\u0131k<\/strong> ile haz\u0131rlanmakt\u0131r. <strong>T\u00fcrkiye \u0130n\u015faat Malzemesi Sanayicileri<\/strong> olarak hedefimiz; S\u00fcrd\u00fcr\u00fclebilir Kalk\u0131nma Ama\u00e7lar\u0131\u2019na mutlak uyumla geli\u015fmek,<strong> enerji verimli, \u00e7evre dostu ve yenilik\u00e7i \u00fcr\u00fcn ve programlar geli\u015ftirmek<\/strong>, \u00fclkemizin bug\u00fcn ve gelecekteki ihtiya\u00e7lar\u0131n\u0131 en ideal \u015fekilde kar\u015f\u0131lamak, co\u011frafyam\u0131z ve <strong>5 k\u0131taya<\/strong> yapt\u0131\u011f\u0131m\u0131z ihracat potansiyelimizi s\u00fcrd\u00fcr\u00fclebilir disiplin ile y\u00fcr\u00fctmek, b\u00f6ylece \u00fclkemize olan katk\u0131m\u0131z\u0131n her ge\u00e7en g\u00fcn artmas\u0131n\u0131 sa\u011flamakt\u0131r. Bu \u00f6d\u00fcllerin etki alan\u0131n\u0131n yayg\u0131nla\u015fmas\u0131n\u0131 diliyoruz. Gelece\u011fi,<strong> inovasyon<\/strong> ve<strong> s\u00fcrd\u00fcr\u00fclebilirli\u011fin \u015fekillendirece\u011fine<\/strong> inan\u0131yoruz. <strong>S\u00fcrd\u00fcr\u00fclebilir gelece\u011fe katk\u0131<\/strong> sa\u011flayan <strong>projeleri \u00f6d\u00fcllendirmeye<\/strong> ve <strong>bilinirliklerini art\u0131rmaya<\/strong> devam edece\u011fiz. <strong>\u0130yi \u00f6rnekler<\/strong> s\u00fcrd\u00fcr\u00fclebilir geli\u015fimimizde ilham kayna\u011f\u0131m\u0131z olacakt\u0131r\u201d<\/em> dedi.<\/p>\n<h3><strong>\u201cProjeyle 50\u2019yi a\u015fk\u0131n dernek ve kuruma ula\u015fmay\u0131 ba\u015fard\u0131k\u201d<\/strong><\/h3>\n<p>Gecede s\u00f6z alan <strong>\u00c7evre Dostu Ye\u015fil Binalar Derne\u011fi (\u00c7EDB\u0130K) Y\u00f6netim Kurulu Ba\u015fkan Vekili Haluk Sur<\/strong>, genel ve yerel karar verici kurumlar\u0131n<strong> 5 y\u0131ll\u0131k<\/strong>, <strong>10 y\u0131ll\u0131k<\/strong> planlar\u0131n\u0131 Birle\u015fmi\u015f Milletler\u2019in 17 maddelik S\u00fcrd\u00fcr\u00fclebilir Kalk\u0131nma Ama\u00e7lar\u0131 \u00f6zelinde yapmaya ba\u015flad\u0131klar\u0131n\u0131 vurgulayarak, <em>\u201c<strong>\u00c7EDB\u0130K<\/strong> olarak biz de acaba <strong>STK\u2019lar<\/strong> bu konuda neler yap\u0131yorlar diye bakarken g\u00f6rd\u00fck ki birbirinden habersiz ayn\u0131 konuda \u00e7al\u0131\u015fan, ayn\u0131 amaca ko\u015fan STK\u2019lar var. Bu g\u00fc\u00e7lerin birle\u015fmesi, STK\u2019lar\u0131n \u00e7al\u0131\u015fmalar\u0131yla <strong>fark\u0131ndal\u0131k olu\u015fturmas\u0131<\/strong>,<strong> bilin\u00e7<\/strong> ve <strong>bilgi<\/strong> kapasitesinin art\u0131r\u0131lmas\u0131 i\u00e7in bu kapsaml\u0131 ve uzun soluklu projeye <strong>T\u00fcrkiye \u0130MSAD<\/strong> ile beraber imza att\u0131k. Farkl\u0131 illerdeki \u00e7al\u0131\u015fmalarla toplamda <strong>50\u2019yi a\u015fk\u0131n<\/strong> dernek, kamu kurum ve kurulu\u015funa ula\u015fmay\u0131 ba\u015fard\u0131k. Projeye kat\u0131lan mimarlar\u0131, m\u00fchendisleri, akademisyenleri, yerel ve genel y\u00f6netim yetkililerini, dernek y\u00f6neticilerini bir araya getirerek <strong>yap\u0131 sekt\u00f6r\u00fcn\u00fcn<\/strong> bu <strong>17 madde<\/strong> temelinde bak\u0131\u015f a\u00e7\u0131s\u0131n\u0131, engellerini, g\u00fc\u00e7l\u00fc noktalar\u0131n\u0131, eksik y\u00f6nlerini ortaya \u00e7\u0131karan ba\u015far\u0131l\u0131 bir<strong> \u00e7al\u0131\u015ftay<\/strong> d\u00fczenledik. T\u00fcrkiye\u2019nin bunun gibi ba\u015far\u0131l\u0131 projelere ihtiyac\u0131 var ve dilerim bu projelere de beraberce imza atar\u0131z. Ayr\u0131ca \u00f6d\u00fcl alan kurumlar\u0131m\u0131z\u0131 da tebrik eder ba\u015far\u0131lar\u0131n\u0131n devam\u0131n\u0131 dilerim\u201d<\/em> \u015feklinde konu\u015ftu.<\/p>\n<h3><strong>\u201cT\u00fcrkiye\u2019yi hak etti\u011fi standartlara y\u00fckseltecek nesillere teslim etmek \u00f6ncelikli hedefimiz\u201d<\/strong><\/h3>\n<p><strong>Avrupa Birli\u011fi Ba\u015fkanl\u0131\u011f\u0131 Proje Uygulama Daire Ba\u015fkan\u0131 A. Hakan Atik<\/strong>\u00a0ise konu\u015fmas\u0131nda AB Ba\u015fkanl\u0131\u011f\u0131 olarak 15 y\u0131lda her alanda \u00f6nemli projeler geli\u015ftirildi\u011fini vurgulayarak, <em>\u201cBu s\u00fcre\u00e7te iki temel \u00e7al\u0131\u015fma alan\u0131m\u0131z oldu: <strong>Diyalog Temelli Kamu &#8211; STK i\u015fbirli\u011fi<\/strong> ve <strong>STK Destekleme Projeleri<\/strong>. AB\u2019nin yeni g\u00fcndeminin <strong>\u2018Dijitalle\u015fme ve Ye\u015fil Mutabakat\u2019<\/strong> olarak belirledi\u011fi d\u00f6nemde <strong>T\u00fcrkiye \u0130MSAD<\/strong> ve<strong> \u00c7EDB\u0130K<\/strong>\u2019in birlikte ger\u00e7ekle\u015ftirdi\u011fi bu proje sekt\u00f6r a\u00e7\u0131s\u0131ndan \u00e7ok anlaml\u0131. <strong>Ye\u015fil Mutabakat<\/strong> hepimizi etkileyen alanlardan bir tanesi. Bu \u00e7al\u0131\u015fmayla katk\u0131m\u0131z\u0131n olmas\u0131n\u0131 \u00f6nemsiyoruz. T\u00fcrkiye\u2019yi hak etti\u011fi standartlara y\u00fckseltecek nesillere teslim etmek \u00f6ncelikli hedefimiz. \u00c7al\u0131\u015fmalara katk\u0131 sa\u011flayan herkese te\u015fekk\u00fcr ediyor, \u00f6d\u00fcl alan kurumlar\u0131m\u0131z\u0131 tebrik ediyorum\u201d<\/em> dedi.<\/p>\n<h3><strong>\u201cBu proje ile birbirimize sesimizi duyurabildik\u201d<\/strong><\/h3>\n<p>\u00d6d\u00fcl t\u00f6reni \u00f6ncesinde proje kapsam\u0131nda 15 ay boyunca yap\u0131lan \u00e7al\u0131\u015fmalar hakk\u0131nda bir sunum yapan <strong>T\u00fcrkiye \u0130MSAD Genel Sekreteri ve Proje Koordinat\u00f6r\u00fc Aygen Erkal<\/strong> ise konu\u015fmas\u0131nda \u015fu ifadelere yer verdi:<em> \u201cProje boyunca, \u00fclkemizin<strong> 2053 Net S\u0131f\u0131r Hedefi<\/strong> ve <strong>Ye\u015fil Kalk\u0131nma Hamlesi<\/strong> ile uyumlu bir \u00e7er\u00e7evede<strong> T\u00fcrk in\u015faat sekt\u00f6r\u00fcn\u00fcn<\/strong> b\u00fcy\u00fcmesini ekonomik, sosyal ve \u00e7evresel boyutlar\u0131yla ele ald\u0131k. Ger\u00e7ekle\u015ftirdi\u011fimiz toplant\u0131larda <strong>S\u00fcrd\u00fcr\u00fclebilir Kalk\u0131nma Ama\u00e7lar\u0131<\/strong>\u2019n\u0131n alt hedeflerinin ger\u00e7ekle\u015ftirilmesindeki engelleri belirleyip \u00e7\u00f6z\u00fcm \u00f6nerileri geli\u015ftirdik. Projenin en \u00f6nemli sonu\u00e7lar\u0131ndan biri SKA\u2019lar\u0131 yereldeki bak\u0131\u015f a\u00e7\u0131s\u0131yla, oradaki \u015fartlarla de\u011ferlendirmek oldu. \u00d6rne\u011fin projeyle g\u00fcneydo\u011fu b\u00f6lgemizde <strong>istihdam, yoksulluk<\/strong> konular\u0131na bak\u0131\u015f ile <strong>\u00e7evresel sosyal etki de\u011ferlemeleri<\/strong>nin, bat\u0131 b\u00f6lgelerimizdeki yakla\u015f\u0131mlardan fark\u0131n\u0131 g\u00f6rebildik ve bu ortak bir \u00e7\u00f6z\u00fcm olu\u015fturma olana\u011f\u0131 yaratt\u0131. <strong>Sorunu<\/strong> ve <strong>bak\u0131\u015f a\u00e7\u0131s\u0131n\u0131<\/strong> orada ya\u015fayanlardan dinleyebilmek, getirilen \u00e7\u00f6z\u00fcmlerin de ger\u00e7ek\u00e7i olmas\u0131n\u0131 sa\u011fl\u0131yor. <strong>\u0130stanbul\u2019da<\/strong> oturdu\u011fumuz yerden <strong>Ceylanp\u0131nar Belediyesi\u2019nde<\/strong> \u00e7al\u0131\u015fan m\u00fchendis arkada\u015f\u0131m\u0131z\u0131 anlamak \u00e7ok zor. Bu proje ile birbirimize sesimizi duyurabildik.\u201d<\/em><\/p>\n<h3><strong>Gelece\u011fe Yat\u0131r\u0131m \u00d6d\u00fclleri-Sivil Toplum 2021 Kazananlar\u0131<\/strong><\/h3>\n<p>\u201cS\u00fcrd\u00fcr\u00fclebilir Kalk\u0131nma i\u00e7in STK\u2019lar\u201d isimli<strong> AB projesinin<\/strong> kapan\u0131\u015f toplant\u0131s\u0131yla birlikte ortak olarak d\u00fczenlenen gecede \u201c<strong>Gelece\u011fe Yat\u0131r\u0131m \u00d6d\u00fclleri Sivil Toplum 2021\u201d\u00a0<\/strong>\u00fc\u00e7 kategoride sahiplerini buldu.<\/p>\n<p>\u201cGelece\u011fe Yat\u0131r\u0131m \u00d6d\u00fclleri-Sivil Toplum 2021\u201dde <strong>Etkinlik Kategorisi<\/strong>\u2019nde birincilik \u00f6d\u00fcl\u00fcn\u00fc; \u201c<strong>K\u00fc\u00e7\u00fck Karbon Kahraman\u0131 \u00d6d\u00fcl\u00fc<\/strong>\u201d projesi ile <strong>S\u00dcT-D-S\u00fcrd\u00fcr\u00fclebilir \u00dcretim ve T\u00fcketim Derne\u011fi<\/strong> ald\u0131. \u0130kincilik \u00f6d\u00fcl\u00fcne, \u201c<strong>Geri D\u00f6n\u00fc\u015f\u00fcm\u00fcn Par\u00e7as\u0131 Ol Proje Yar\u0131\u015fmas\u0131<\/strong>\u201d\u00a0ile\u00a0<strong>TALSAD &#8211; T\u00fcrkiye Al\u00fcminyum Sanayicileri Derne\u011fi<\/strong>; \u00fc\u00e7\u00fcnc\u00fcl\u00fck \u00f6d\u00fcl\u00fcne ise \u201c<strong>ICCI Dijital 2021<\/strong>\u201d projesi ile <strong>T\u00fcrkiye Kojenerasyon Derne\u011fi<\/strong> lay\u0131k g\u00f6r\u00fcld\u00fc.<\/p>\n<p>\u201cGelece\u011fe Yat\u0131r\u0131m \u00d6d\u00fclleri-Sivil Toplum 2021\u201dde <strong>\u00c7al\u0131\u015fma Kategorisi<\/strong>\u2019nde birincilik \u00f6d\u00fcl\u00fcn\u00fcn sahibi \u201c<strong>T\u00fcrkiye D\u00f6ng\u00fcsel Ekonomi Platformu (TDEP)<\/strong>\u201d projesi ile <strong>SKD T\u00fcrkiye-\u0130\u015f D\u00fcnyas\u0131 ve S\u00fcrd\u00fcr\u00fclebilir Kalk\u0131nma Derne\u011fi<\/strong> oldu. \u0130kincilik \u00f6d\u00fcl\u00fcn\u00fc \u201c<strong>\u00dcniversite-Sanayi \u0130\u015fbirli\u011fi \u00c7al\u0131\u015fmalar\u0131<\/strong>\u201d ile\u00a0<strong>\u0130SK\u0130D &#8211; \u0130klimlendirme So\u011futma Klima \u0130malat\u00e7\u0131lar\u0131 Derne\u011fi<\/strong>, \u00fc\u00e7\u00fcnc\u00fcl\u00fck \u00f6d\u00fcl\u00fcn\u00fc de \u201c<strong>Tek Yol U D\u00f6n\u00fc\u015f\u00fc Bilin\u00e7lendirme Kampanyas\u0131<\/strong>\u201d ile <strong>\u0130ZODER Is\u0131 Su Ses ve Yang\u0131n Yal\u0131t\u0131mc\u0131lar\u0131 Derne\u011fi\u00a0<\/strong>elde etti.<strong>\u00a0<\/strong><\/p>\n<p>\u201cGelece\u011fe Yat\u0131r\u0131m \u00d6d\u00fclleri-Sivil Toplum 2021\u201dde <strong>Proje Kategorisi<\/strong>\u2019nde birincilik \u00f6d\u00fcl\u00fcn\u00fc \u201c<strong>T\u00fcrkiye&#8217;deki Orman K\u00f6ylerinde Solar Fotovoltaik Sistemler i\u00e7in S\u00fcrd\u00fcr\u00fclebilir Enerji Finansman Mekanizmalar\u0131<\/strong>\u201d projesi ile\u00a0<strong>G\u00dcNDER &#8211; Uluslararas\u0131 G\u00fcne\u015f Enerjisi Toplulu\u011fu T\u00fcrkiye B\u00f6l\u00fcm\u00fc\u00a0<\/strong>kazan\u0131rken, \u201c<strong>G\u00fcvenli Hayat G\u00fcvenli \u0130skele<\/strong>\u201d projesi ile\u00a0<strong>\u0130KSD &#8211; \u0130skele Kal\u0131p Sanayicileri Derne\u011fi\u00a0<\/strong>ikincilik \u00f6d\u00fcl\u00fcne lay\u0131k g\u00f6r\u00fcld\u00fc. \u00dc\u00e7\u00fcnc\u00fcl\u00fck \u00f6d\u00fcllerini ise \u201c<strong>Kolektif Efor Projesi<\/strong>\u201d projesi ile <strong>AG\u0130D &#8211; Ayd\u0131nlatma Gere\u00e7leri \u0130malat\u00e7\u0131lar\u0131 Derne\u011fi<\/strong> ile<strong>\u00a0\u201cKontak &#8211; Yenilik\u00e7i \u00d6\u011frenme Merkezi Projesi\u201d\u00a0<\/strong>ile <strong>\u0130zmir Kent De\u011ferlerini Koruma Derne\u011fi\u00a0<\/strong>ald\u0131.<\/p>\n<p>Dereceye giren kurum temsilcilerinden <em>S\u00fct-D S\u00fcrd\u00fcr\u00fclebilir \u00dcretim ve T\u00fcketim Derne\u011fi Y\u00f6netim Kurulu Ba\u015fkan\u0131<\/em> <strong>Prof. Dr. Filiz Karaosmano\u011flu<\/strong> \u00f6d\u00fcl\u00fcn\u00fc <em>T\u00fcrkiye \u0130MSAD Y\u00f6netim Kurulu Ba\u015fkan\u0131<\/em> <strong>Tayfun K\u00fc\u00e7\u00fcko\u011flu<\/strong>\u2019ndan, TALSAD-T\u00fcrkiye Al\u00fcminyum Sanayicileri Derne\u011fi Genel Sekreteri Erol Metin T\u00fcrkiye \u0130MSAD Y\u00f6netim Kurulu Sayman \u00dcyesi Oktay Alptekin\u2019den, T\u00fcrkiye Kojenerasyon Derne\u011fi Y\u00f6netim Kurulu Ba\u015fkan\u0131 Yavuz Ayd\u0131n ise T\u00fcrkiye \u0130MSAD Y\u00f6netim Kurulu \u00dcyesi Batuhan Besler\u2019den ald\u0131.<\/p>\n<p>SKD T\u00fcrkiye-\u0130\u015f D\u00fcnyas\u0131 ve S\u00fcrd\u00fcr\u00fclebilir Kalk\u0131nma Derne\u011fi Genel Sekreteri Konca \u00c7alk\u0131vik\u2019e \u00f6d\u00fcl\u00fcn\u00fc \u00c7EDB\u0130K Y\u00f6netim Kurulu Ba\u015fkan Vekili Haluk Sur, \u0130SK\u0130D-\u0130klimlendirme So\u011futma Klima \u0130malat\u00e7\u0131lar\u0131 Derne\u011fi Y\u00f6netim Kurulu Ba\u015fkan\u0131 Ayk Serdar Didonyan\u2019a T\u00fcrkiye \u0130MSAD Y\u00f6netim Kurulu \u00dcyesi Ozan Atasoy, \u0130ZODER Is\u0131 Su Ses ve Yang\u0131n Yal\u0131t\u0131mc\u0131lar\u0131 Derne\u011fi Genel Sekreteri Timur Diz\u2019e ise T\u00fcrkiye \u0130MSAD Y\u00f6netim Kurulu \u00dcyesi Bora Tuncer verdi.<\/p>\n<p><em>G\u00dcNDER- Uluslararas\u0131 G\u00fcne\u015f Enerjisi Toplulu\u011fu T\u00fcrkiye B\u00f6l\u00fcm\u00fc Proje Y\u00f6neticisi<\/em> <strong>Samet Boz<\/strong>\u2019a \u00f6d\u00fcl\u00fc <em>T\u00fcrkiye \u0130MSAD 2013-2015 D\u00f6nemi Y\u00f6netim Kurulu Ba\u015fkan\u0131 ve Mevcut D\u00f6nem Ba\u015fkan Vekili<\/em> <strong>D\u00fcndar Yeti\u015fener<\/strong> verirken, \u0130KSD-\u0130skele Kal\u0131p Sanayicileri Derne\u011fi Genel Sekreteri Ak\u0131n Al\u0131k\u00e7\u0131o\u011flu\u2019na T\u00fcrkiye \u0130MSAD Y\u00f6netim Kurulu \u00dcyesi Bora Tuncer, AG\u0130D-Ayd\u0131nlatma Gere\u00e7leri \u0130malat\u00e7\u0131lar\u0131 Derne\u011fi Y\u00f6netim Kurulu Ba\u015fkan\u0131 Fahir G\u00f6k ile \u0130zmir Kent De\u011ferlerini Koruma Derne\u011fi Kurumsal \u0130leti\u015fim Sorumlusu Halis Hakyemezo\u011flu\u2019na ise \u00f6d\u00fcllerini T\u00fcrkiye \u0130MSAD Y\u00f6netim Kurulu \u00dcyesi Prof. Dr. Ece Ceylan Baba takdim etti.<\/p>\n<p><strong>Avrupa Birli\u011fi Ba\u015fkanl\u0131\u011f\u0131<\/strong> taraf\u0131ndan y\u00fcr\u00fct\u00fclen ve <strong>S\u00f6zle\u015fme Makam\u0131 Merkezi Finans<\/strong> ve<strong> \u0130hale Birimi<\/strong> olan <strong>Sivil Toplum Destek Program\u0131, STK\u2019lar\u0131n kapasitelerinin g\u00fc\u00e7lendirilmesi<\/strong>ni ama\u00e7layan bir hibe program\u0131d\u0131r.<strong> Sivil Toplum Destek Program\u0131<\/strong>n\u0131n <strong>3&#8217;\u00fcnc\u00fc d\u00f6neminde<\/strong> verilen desteklerle STK\u2019lar\u0131n kurumsal kapasitesinin art\u0131r\u0131lmas\u0131 ve STK\u2019lar aras\u0131 ortakl\u0131klar\u0131n te\u015fvik edilmesi; aktif vatanda\u015fl\u0131k ve STK\u2019lar\u0131n karar alma s\u00fcre\u00e7lerine kat\u0131l\u0131m\u0131n\u0131n desteklenmesi ve son olarak aktif vatanda\u015fl\u0131k i\u00e7in yasal \u00e7er\u00e7evenin geli\u015ftirilmesi hedeflenmektedir.<\/p>","protected":false},"excerpt":{"rendered":"<p>Sorry, this entry is only available in Turkish. For the sake of viewer convenience, the content is shown below in the alternative language. You may click the link to switch the active language. T\u00fcrkiye \u0130MSAD (T\u00fcrkiye \u0130n\u015faat Malzemesi Sanayicileri Derne\u011fi) ve \u00c7EDB\u0130K (\u00c7evre Dostu Ye\u015fil Binalar Derne\u011fi) ortakl\u0131\u011f\u0131nda ba\u015fvurusu ger\u00e7ekle\u015ftirilen \u2018S\u00fcrd\u00fcr\u00fclebilir Kalk\u0131nma i\u00e7in STK\u2019lar\u2019 projesi,\u00a0T.C. [&hellip;]<\/p>\n","protected":false},"author":1,"featured_media":158311,"comment_status":"open","ping_status":"open","sticky":false,"template":"","format":"standard","meta":[],"categories":[51,53,50],"tags":[104396,25917,4240,2530,12,10215,5902,3341,25553],"views":351,"_links":{"self":[{"href":"https:\/\/www.enerjigazetesi.ist\/en\/wp-json\/wp\/v2\/posts\/158308"}],"collection":[{"href":"https:\/\/www.enerjigazetesi.ist\/en\/wp-json\/wp\/v2\/posts"}],"about":[{"href":"https:\/\/www.enerjigazetesi.ist\/en\/wp-json\/wp\/v2\/types\/post"}],"author":[{"embeddable":true,"href":"https:\/\/www.enerjigazetesi.ist\/en\/wp-json\/wp\/v2\/users\/1"}],"replies":[{"embeddable":true,"href":"https:\/\/www.enerjigazetesi.ist\/en\/wp-json\/wp\/v2\/comments?post=158308"}],"version-history":[{"count":0,"href":"https:\/\/www.enerjigazetesi.ist\/en\/wp-json\/wp\/v2\/posts\/158308\/revisions"}],"wp:featuredmedia":[{"embeddable":true,"href":"https:\/\/www.enerjigazetesi.ist\/en\/wp-json\/wp\/v2\/media\/158311"}],"wp:attachment":[{"href":"https:\/\/www.enerjigazetesi.ist\/en\/wp-json\/wp\/v2\/media?parent=158308"}],"wp:term":[{"taxonomy":"category","embeddable":true,"href":"https:\/\/www.enerjigazetesi.ist\/en\/wp-json\/wp\/v2\/categories?post=158308"},{"taxonomy":"post_tag","embeddable":true,"href":"https:\/\/www.enerjigazetesi.ist\/en\/wp-json\/wp\/v2\/tags?post=158308"}],"curies":[{"name":"wp","href":"https:\/\/api.w.org\/{rel}","templated":true}]}}