{"id":158257,"date":"2022-06-30T10:44:38","date_gmt":"2022-06-30T07:44:38","guid":{"rendered":"https:\/\/www.enerjigazetesi.ist\/?p=158257"},"modified":"2022-06-30T10:46:17","modified_gmt":"2022-06-30T07:46:17","slug":"g7-zirvesi-nde-temiz-enerji-ve-iklim-degisikligine-yonelik-yeni-teklifler-sunuldu","status":"publish","type":"post","link":"https:\/\/www.enerjigazetesi.ist\/en\/g7-zirvesi-nde-temiz-enerji-ve-iklim-degisikligine-yonelik-yeni-teklifler-sunuldu\/","title":{"rendered":"(Turkish) &#8217;G7 Zirvesi&#8217;nde Temiz Enerji ve \u0130klim De\u011fi\u015fikli\u011fine Y\u00f6nelik Yeni Teklif Sunuldu"},"content":{"rendered":"<p class=\"qtranxs-available-languages-message qtranxs-available-languages-message-en\">Sorry, this entry is only available in <a href=\"https:\/\/www.enerjigazetesi.ist\/tr\/wp-json\/wp\/v2\/posts\/158257\" class=\"qtranxs-available-language-link qtranxs-available-language-link-tr\" title=\"Turkish\">Turkish<\/a>. For the sake of viewer convenience, the content is shown below in the alternative language. You may click the link to switch the active language.<\/p><p><\/p>\n<h2>Almanya\u2019da 3 g\u00fcnd\u00fcr s\u00fcren G7 Zirvesi, temiz enerjiyi ve iklim de\u011fi\u015fikli\u011fine kar\u015f\u0131 dayan\u0131kl\u0131l\u0131\u011f\u0131 art\u0131rmak i\u00e7in geli\u015fmekte olan \u00fclkelerle yak\u0131n i\u015f birli\u011fini hedefleyen yeni bir teklifle son buldu.<\/h2>\n<p>Bu \u00f6nemli geli\u015fmenin yan\u0131 s\u0131ra, Rusya&#8217;n\u0131n Ukrayna&#8217;daki sava\u015f\u0131 kar\u015f\u0131s\u0131nda, Almanya Ba\u015fbakan\u0131 Scholz ba\u015fkanl\u0131\u011f\u0131ndaki liderlerin <strong>enerji g\u00fcvenli\u011fi<\/strong> ad\u0131na <strong>do\u011fal gaz yat\u0131r\u0131mlar\u0131na<\/strong> <em>alan a\u00e7ma<\/em> karar\u0131 da dikkat \u00e7ekti. Liderler, ya\u015fad\u0131klar\u0131 <strong>enerji krizi<\/strong> kar\u015f\u0131s\u0131nda \u201cartan <strong>LNG ak\u0131\u015flar\u0131n\u0131n<\/strong> oynayabilece\u011fi <img loading=\"lazy\" class=\"alignright wp-image-158262\" src=\"https:\/\/www.enerjigazetesi.ist\/wp-content\/uploads\/2022\/06\/g7-zirvesi-nde-temiz-enerji-ve-iklim-degisikligine-yonelik-yeni-teklifler-sunuldu.jpg\" alt=\"\" width=\"320\" height=\"214\" srcset=\"https:\/\/www.enerjigazetesi.ist\/wp-content\/uploads\/2022\/06\/g7-zirvesi-nde-temiz-enerji-ve-iklim-degisikligine-yonelik-yeni-teklifler-sunuldu.jpg 550w, https:\/\/www.enerjigazetesi.ist\/wp-content\/uploads\/2022\/06\/g7-zirvesi-nde-temiz-enerji-ve-iklim-degisikligine-yonelik-yeni-teklifler-sunuldu-300x200.jpg 300w, https:\/\/www.enerjigazetesi.ist\/wp-content\/uploads\/2022\/06\/g7-zirvesi-nde-temiz-enerji-ve-iklim-degisikligine-yonelik-yeni-teklifler-sunuldu-500x334.jpg 500w, https:\/\/www.enerjigazetesi.ist\/wp-content\/uploads\/2022\/06\/g7-zirvesi-nde-temiz-enerji-ve-iklim-degisikligine-yonelik-yeni-teklifler-sunuldu-75x50.jpg 75w, https:\/\/www.enerjigazetesi.ist\/wp-content\/uploads\/2022\/06\/g7-zirvesi-nde-temiz-enerji-ve-iklim-degisikligine-yonelik-yeni-teklifler-sunuldu-450x300.jpg 450w\" sizes=\"(max-width: 320px) 100vw, 320px\" \/>\u00f6nemli rol\u00fc vurgulamay\u0131 ve <strong>mevcut krize yan\u0131t<\/strong> olarak bu sekt\u00f6re <strong>ge\u00e7ici yat\u0131r\u0131m\u0131n gerekli oldu\u011funu<\/strong> kabul etmeyi\u201d se\u00e7tiler.<\/p>\n<p>G7 blo\u011funun, bu hareketin ge\u00e7ici niteli\u011fini vurgulamas\u0131na ra\u011fmen, Avrupa&#8217;n\u0131n <strong>k\u0131sa vadeli enerji ihtiya\u00e7lar\u0131n\u0131 kar\u015f\u0131lamak<\/strong> i\u00e7in bu uzun soluklu yola girip, <strong>iklim taahh\u00fctleri<\/strong>ni tehdit alt\u0131na sokarak <strong>10 y\u0131llar boyunca<\/strong> emisyonlara mecbur b\u0131rakabilir.<\/p>\n<p>Di\u011fer yandan, <strong>\u0130talya&#8217;n\u0131n<\/strong> petrol i\u00e7in<strong> tavan fiyat \u00f6nerisi<\/strong> ba\u015far\u0131l\u0131 olmad\u0131. Liderler \u00f6zel olarak k\u00f6m\u00fcrden \u00e7\u0131k\u0131\u015f taahh\u00fcd\u00fcnde bulunmasa da <strong>2035 y\u0131l\u0131na kadar enerji sekt\u00f6r\u00fcn\u00fc tamamen veya a\u011f\u0131rl\u0131kl\u0131 olarak karbondan ar\u0131nd\u0131rma s\u00f6z\u00fc<\/strong> verdiler. IEA&#8217;n\u0131n 2050 y\u0131l\u0131na kadar <strong>net s\u0131f\u0131r patikas\u0131na<\/strong> g\u00f6re, 2035 y\u0131l\u0131nda karbonsuzla\u015fma, a\u00e7\u0131k bir kilometre ta\u015f\u0131 olarak 2030&#8217;da <strong>k\u00f6m\u00fcrden \u00e7\u0131k\u0131\u015f<\/strong> anlam\u0131na geliyor. Buna ek olarak G7, \u201c<strong>2030 y\u0131l\u0131na kadar y\u00fcksek oranda karbondan ar\u0131nd\u0131r\u0131lm\u0131\u015f karayolu ula\u015f\u0131m\u0131<\/strong>\u201d taahh\u00fcd\u00fcnde bulundu.<\/p>\n<p>G7, <strong>mevcut g\u0131da k\u0131tl\u0131\u011f\u0131n\u0131 gidermek<\/strong> i\u00e7in insani bir taahh\u00fctte bulundu, ancak <strong>k\u00fcresel g\u0131da sistemi<\/strong>ndeki \u015foklara kar\u015f\u0131 savunmas\u0131z b\u0131rakan sorunlar\u0131n \u00fcstesinden gelmek i\u00e7in toplu bir plan olu\u015fturmaktan geri kald\u0131.<strong> G7<\/strong>, g\u0131da sisteminde<strong> reform yapma<\/strong> konusunda anla\u015fmaya varamad\u0131.<\/p>\n<h3><strong>\u0130talyan d\u00fc\u015f\u00fcnce kurulu\u015fu ECCO\u2019nun Direkt\u00f6r\u00fc Luca Bergamaschi:<\/strong><\/h3>\n<p><em>&#8220;Ka\u011f\u0131t \u00fczerinde, s\u0131n\u0131rl\u0131 istisnalar d\u0131\u015f\u0131nda 2022&#8217;nin sonuna kadar<strong> uluslararas\u0131 fosil yak\u0131tlara deste\u011fin<\/strong> sona erdirilmesine ili\u015fkin <strong>COP26 taahh\u00fcd\u00fc<\/strong>nden geri d\u00f6n\u00fc\u015f yok; ancak nihai kan\u0131t, G7 \u00fclkelerinin \u00f6n\u00fcm\u00fczdeki haftalarda ve aylarda yapacaklar\u0131 ger\u00e7ek yat\u0131r\u0131m se\u00e7imlerinde yat\u0131yor. Ayr\u0131ca,<strong> yeni do\u011fal gaz projelerine<\/strong> ba\u011fl\u0131 ge\u00e7ici ko\u015fullar, temiz alternatiflerden gelen rekabetle birlikte, yeni gaz i\u00e7in yat\u0131r\u0131m potansiyelinin \u00e7ok az oldu\u011fu veya hi\u00e7 olmad\u0131\u011f\u0131 anlam\u0131na geliyor. Yapay olarak s\u00fcbvanse edilmedi\u011fi s\u00fcrece\u201d<\/em><\/p>\n<h3><strong>We Mean Business Coalition Direkt\u00f6r Yard\u0131mc\u0131s\u0131 Gillian Nelson:<\/strong><\/h3>\n<p><em>&#8220;Ara\u015ft\u0131rmam\u0131z, <strong>ye\u015fil enerjinin yayg\u0131nla\u015fmas\u0131n\u0131<\/strong> h\u0131zland\u0131rmak i\u00e7in tasarlanan politikalar\u0131n, hanelerin enerji faturalar\u0131nda binler seviyesinde <strong>tasarruf sa\u011flayaca\u011f\u0131n\u0131<\/strong> ve d\u00fcnyan\u0131n en b\u00fcy\u00fck ekonomilerinde milyonlarca i\u015f yarataca\u011f\u0131n\u0131 g\u00f6sterdi. G7 liderleri bu yolu tamamen benimseme \u015fanslar\u0131n\u0131 ka\u00e7\u0131rm\u0131\u015f g\u00f6r\u00fcn\u00fcyor. 2035 y\u0131l\u0131na kadar <strong>enerji sistemlerini karbondan ar\u0131nd\u0131rma<\/strong> ve <strong>k\u00f6m\u00fcr\u00fc a\u015famal\u0131 <\/strong>olarak <strong>kald\u0131rma<\/strong> taahh\u00fctlerini yeniden teyit etmekte hakl\u0131lar. Ancak d\u00fcnyan\u0131n en b\u00fcy\u00fck \u015firketlerinin \u00e7o\u011fu, daha da ileriye ve daha h\u0131zl\u0131 gitmeleri i\u00e7in hayk\u0131r\u0131yor. \u0130\u015f d\u00fcnyas\u0131, bug\u00fcn d\u00fcnya liderlerinin tehlikeli ve istikrar\u0131 bozan fosil yak\u0131tlara olan toplu ba\u011f\u0131ml\u0131l\u0131\u011f\u0131m\u0131z\u0131 azaltma konusunda ciddi olduklar\u0131n\u0131 g\u00f6steren yat\u0131r\u0131m ve politikalar\u0131 g\u00f6rmek istiyor\u201d<\/em><\/p>\n<h3><strong>Almanya \u0130klim ve Ekonomi CEO Birli\u011fi (KlimaWirtschaft) CEO\u2019su Sabine Nallinger: <\/strong><\/h3>\n<p><em>\u201cCiddi bir <strong>jeopolitik kriz d\u00f6nemi<\/strong>nde, <strong>G7 devlet ba\u015fkanlar\u0131<\/strong> \u00f6nemli bir sinyal g\u00f6nderiyor: <strong>\u0130klim n\u00f6tr<\/strong> bir ekonomiye d\u00f6n\u00fc\u015f\u00fcm kilit bir \u00f6ncelik olmaya devam ediyor. <strong>Fosil \u00e7a\u011f\u0131<\/strong> sona ermek \u00fczere. Gelecek,<strong> temiz, g\u00fcvenli<\/strong> ve <strong>g\u00fcvenilir enerji<\/strong>, <strong>altyap\u0131<\/strong> ve <strong>ula\u015f\u0131m yat\u0131r\u0131mlar\u0131na<\/strong> ait. Ancak, her \u015fey uygulama ile ilgili olacak. <strong>Enerji verimlili\u011finin g\u00fc\u00e7lendirilmesi, yenilenebilir enerjinin<\/strong> ve <strong>ye\u015fil hidrojenin \u00f6l\u00e7eklendirilmesi,<\/strong> <strong>end\u00fcstri d\u00f6n\u00fc\u015f\u00fcm\u00fcn\u00fcn<\/strong> i\u015fe yaramas\u0131 i\u00e7in kilit olacakt\u0131r. Alman h\u00fck\u00fcmeti \u00f6rnek olmaya haz\u0131r m\u0131? Almanya\u2019n\u0131n <strong>G7 Ba\u015fkanl\u0131\u011f\u0131\u2019<\/strong>n\u0131n kalan aylar\u0131 ve <strong>Petersberg \u0130klim Diyalo\u011fu<\/strong>&#8216;nun bunu kan\u0131tlamas\u0131 gerekecek&#8221;<\/em><\/p>","protected":false},"excerpt":{"rendered":"<p>Sorry, this entry is only available in Turkish. For the sake of viewer convenience, the content is shown below in the alternative language. You may click the link to switch the active language. Almanya\u2019da 3 g\u00fcnd\u00fcr s\u00fcren G7 Zirvesi, temiz enerjiyi ve iklim de\u011fi\u015fikli\u011fine kar\u015f\u0131 dayan\u0131kl\u0131l\u0131\u011f\u0131 art\u0131rmak i\u00e7in geli\u015fmekte olan \u00fclkelerle yak\u0131n i\u015f birli\u011fini hedefleyen [&hellip;]<\/p>\n","protected":false},"author":1,"featured_media":158262,"comment_status":"open","ping_status":"open","sticky":false,"template":"","format":"standard","meta":[],"categories":[46,53,52,24649],"tags":[86144,104376,94240,232,7793,2413,104379,23359,11036,1999,104377,48816,89462,104378,842],"views":229,"_links":{"self":[{"href":"https:\/\/www.enerjigazetesi.ist\/en\/wp-json\/wp\/v2\/posts\/158257"}],"collection":[{"href":"https:\/\/www.enerjigazetesi.ist\/en\/wp-json\/wp\/v2\/posts"}],"about":[{"href":"https:\/\/www.enerjigazetesi.ist\/en\/wp-json\/wp\/v2\/types\/post"}],"author":[{"embeddable":true,"href":"https:\/\/www.enerjigazetesi.ist\/en\/wp-json\/wp\/v2\/users\/1"}],"replies":[{"embeddable":true,"href":"https:\/\/www.enerjigazetesi.ist\/en\/wp-json\/wp\/v2\/comments?post=158257"}],"version-history":[{"count":0,"href":"https:\/\/www.enerjigazetesi.ist\/en\/wp-json\/wp\/v2\/posts\/158257\/revisions"}],"wp:featuredmedia":[{"embeddable":true,"href":"https:\/\/www.enerjigazetesi.ist\/en\/wp-json\/wp\/v2\/media\/158262"}],"wp:attachment":[{"href":"https:\/\/www.enerjigazetesi.ist\/en\/wp-json\/wp\/v2\/media?parent=158257"}],"wp:term":[{"taxonomy":"category","embeddable":true,"href":"https:\/\/www.enerjigazetesi.ist\/en\/wp-json\/wp\/v2\/categories?post=158257"},{"taxonomy":"post_tag","embeddable":true,"href":"https:\/\/www.enerjigazetesi.ist\/en\/wp-json\/wp\/v2\/tags?post=158257"}],"curies":[{"name":"wp","href":"https:\/\/api.w.org\/{rel}","templated":true}]}}