{"id":158190,"date":"2022-06-28T14:15:41","date_gmt":"2022-06-28T11:15:41","guid":{"rendered":"https:\/\/www.enerjigazetesi.ist\/?p=158190"},"modified":"2022-06-28T14:19:51","modified_gmt":"2022-06-28T11:19:51","slug":"savasin-golgesinde-enerjinin-gelecegi-etkinligi-29-haziran-saat15-30da","status":"publish","type":"post","link":"https:\/\/www.enerjigazetesi.ist\/en\/savasin-golgesinde-enerjinin-gelecegi-etkinligi-29-haziran-saat15-30da\/","title":{"rendered":"(Turkish) &#8217;Sava\u015f\u0131n G\u00f6lgesinde Enerjinin Gelece\u011fi&#8217; Etkinli\u011fi 29 Haziran Saat:15.30&#8217;da"},"content":{"rendered":"<p class=\"qtranxs-available-languages-message qtranxs-available-languages-message-en\">Sorry, this entry is only available in <a href=\"https:\/\/www.enerjigazetesi.ist\/tr\/wp-json\/wp\/v2\/posts\/158190\" class=\"qtranxs-available-language-link qtranxs-available-language-link-tr\" title=\"Turkish\">Turkish<\/a>. For the sake of viewer convenience, the content is shown below in the alternative language. You may click the link to switch the active language.<\/p><p><\/p>\n<h2><strong>T\u00fcrkiye \u0130n\u015faat Malzemesi Sanayicileri Derne\u011fi (T\u00fcrkiye \u0130MSAD)\u00a0<\/strong>taraf\u0131ndan d\u00fczenlenen<strong>\u00a052. G\u00fcndem Bulu\u015fmalar\u0131<\/strong>,<strong>\u00a0\u2018Sava\u015f\u0131n G\u00f6lgesinde Enerjinin Gelece\u011fi\u2019\u00a0<\/strong>temas\u0131yla internet \u00fczerinden ger\u00e7ekle\u015ftirilecektir.<\/h2>\n<p style=\"text-align: center;\"><em><img loading=\"lazy\" class=\"aligncenter size-full wp-image-158193\" src=\"https:\/\/www.enerjigazetesi.ist\/wp-content\/uploads\/2022\/06\/savasin-golgesi-nde-enerji-nin-gelecegi-semineri-29-haziran-saat15-30da.jpg\" alt=\"\" width=\"550\" height=\"308\" srcset=\"https:\/\/www.enerjigazetesi.ist\/wp-content\/uploads\/2022\/06\/savasin-golgesi-nde-enerji-nin-gelecegi-semineri-29-haziran-saat15-30da.jpg 550w, https:\/\/www.enerjigazetesi.ist\/wp-content\/uploads\/2022\/06\/savasin-golgesi-nde-enerji-nin-gelecegi-semineri-29-haziran-saat15-30da-300x168.jpg 300w, https:\/\/www.enerjigazetesi.ist\/wp-content\/uploads\/2022\/06\/savasin-golgesi-nde-enerji-nin-gelecegi-semineri-29-haziran-saat15-30da-500x280.jpg 500w, https:\/\/www.enerjigazetesi.ist\/wp-content\/uploads\/2022\/06\/savasin-golgesi-nde-enerji-nin-gelecegi-semineri-29-haziran-saat15-30da-80x45.jpg 80w\" sizes=\"(max-width: 550px) 100vw, 550px\" \/><\/em><\/p>\n<p>Toplant\u0131da,\u00a0<strong>T\u00fcrkiye OECD Daimi Temsilcisi B\u00fcy\u00fckel\u00e7i Prof. Dr. Kerem Alkin<\/strong>\u00a0ile<strong>\u00a0Akdeniz \u00dclkeleri Enerji \u015eirketleri Birli\u011fi Petrol ve Gaz Direkt\u00f6r\u00fc Do\u00e7. Dr. Sohbet Karbuz<\/strong>,<em> \u2018Enerjinin Jeopolitik ve Jeostratejik Gelece\u011fi, OECD K\u00fcresel Karbon \u00c7al\u0131\u015fmalar\u0131 ve K\u00fcresel KarbonFiyatland\u0131rma Mekanizmas\u0131, Rusya-Ukrayna Sava\u015f\u0131 ve K\u00fcresel Enerji Krizi, Avrupa\u2019n\u0131n Petrol, Do\u011falgaz Projeksiyonlar\u0131 ve Beklentileri ile Ye\u015fil Mutabakat ve Avrupa\u2019n\u0131n Enerji Krizi\u2019<\/em> ba\u015fl\u0131klar\u0131 alt\u0131nda<strong> bilgi<\/strong> ve <strong>de\u011ferlendirmelerini<\/strong> payla\u015facak.<\/p>\n<p><strong>T\u00fcrkiye \u0130MSAD Y\u00f6netim Kurulu Ba\u015fkan\u0131 Tayfun K\u00fc\u00e7\u00fcko\u011flu<\/strong>\u2019nun a\u00e7\u0131l\u0131\u015f\u0131n\u0131, Ba\u015fkan Vekili\u00a0<strong>Ferdi Erdo\u011fan<\/strong>\u2019\u0131n moderat\u00f6rl\u00fc\u011f\u00fcn\u00fc yapaca\u011f\u0131 bu \u00f6zel toplant\u0131 siz de\u011ferli kat\u0131l\u0131mc\u0131lar\u0131n\u0131 bekliyor.<\/p>\n<p><strong>Tarih: <\/strong>29 Haziran 2022 \u00c7ar\u015famba<\/p>\n<p><strong>Saat: <\/strong>15:30<\/p>\n<p><strong>Zoom Online Kay\u0131t: <\/strong><a href=\"https:\/\/us02web.zoom.us\/webinar\/register\/WN_kFRyMWrjR6OWPI-ZXf2_rQ\"><strong>https:\/\/us02web.zoom.us\/webinar\/register\/WN_kFRyMWrjR6OWPI-ZXf2_rQ<\/strong><\/a><\/p>","protected":false},"excerpt":{"rendered":"<p>Sorry, this entry is only available in Turkish. For the sake of viewer convenience, the content is shown below in the alternative language. You may click the link to switch the active language. T\u00fcrkiye \u0130n\u015faat Malzemesi Sanayicileri Derne\u011fi (T\u00fcrkiye \u0130MSAD)\u00a0taraf\u0131ndan d\u00fczenlenen\u00a052. G\u00fcndem Bulu\u015fmalar\u0131,\u00a0\u2018Sava\u015f\u0131n G\u00f6lgesinde Enerjinin Gelece\u011fi\u2019\u00a0temas\u0131yla internet \u00fczerinden ger\u00e7ekle\u015ftirilecektir. Toplant\u0131da,\u00a0T\u00fcrkiye OECD Daimi Temsilcisi B\u00fcy\u00fckel\u00e7i Prof. [&hellip;]<\/p>\n","protected":false},"author":1,"featured_media":158192,"comment_status":"open","ping_status":"open","sticky":false,"template":"","format":"standard","meta":[],"categories":[51,53,52],"tags":[2709,2257,102,25553],"views":180,"_links":{"self":[{"href":"https:\/\/www.enerjigazetesi.ist\/en\/wp-json\/wp\/v2\/posts\/158190"}],"collection":[{"href":"https:\/\/www.enerjigazetesi.ist\/en\/wp-json\/wp\/v2\/posts"}],"about":[{"href":"https:\/\/www.enerjigazetesi.ist\/en\/wp-json\/wp\/v2\/types\/post"}],"author":[{"embeddable":true,"href":"https:\/\/www.enerjigazetesi.ist\/en\/wp-json\/wp\/v2\/users\/1"}],"replies":[{"embeddable":true,"href":"https:\/\/www.enerjigazetesi.ist\/en\/wp-json\/wp\/v2\/comments?post=158190"}],"version-history":[{"count":0,"href":"https:\/\/www.enerjigazetesi.ist\/en\/wp-json\/wp\/v2\/posts\/158190\/revisions"}],"wp:featuredmedia":[{"embeddable":true,"href":"https:\/\/www.enerjigazetesi.ist\/en\/wp-json\/wp\/v2\/media\/158192"}],"wp:attachment":[{"href":"https:\/\/www.enerjigazetesi.ist\/en\/wp-json\/wp\/v2\/media?parent=158190"}],"wp:term":[{"taxonomy":"category","embeddable":true,"href":"https:\/\/www.enerjigazetesi.ist\/en\/wp-json\/wp\/v2\/categories?post=158190"},{"taxonomy":"post_tag","embeddable":true,"href":"https:\/\/www.enerjigazetesi.ist\/en\/wp-json\/wp\/v2\/tags?post=158190"}],"curies":[{"name":"wp","href":"https:\/\/api.w.org\/{rel}","templated":true}]}}