{"id":158111,"date":"2022-06-26T16:40:04","date_gmt":"2022-06-26T13:40:04","guid":{"rendered":"https:\/\/www.enerjigazetesi.ist\/?p=158111"},"modified":"2022-06-26T16:40:36","modified_gmt":"2022-06-26T13:40:36","slug":"milliyet-enerji-dergisi-ani-degisimlere-karsi-cizilmis-yol-haritalarini-inceliyor","status":"publish","type":"post","link":"https:\/\/www.enerjigazetesi.ist\/en\/milliyet-enerji-dergisi-ani-degisimlere-karsi-cizilmis-yol-haritalarini-inceliyor\/","title":{"rendered":"(Turkish) &#8217;Milliyet Enerji Dergisi&#8217; Ani De\u011fi\u015fimlere Kar\u015f\u0131 \u00c7izilmi\u015f Yol Haritalar\u0131n\u0131 \u0130nceliyor"},"content":{"rendered":"<p class=\"qtranxs-available-languages-message qtranxs-available-languages-message-en\">Sorry, this entry is only available in <a href=\"https:\/\/www.enerjigazetesi.ist\/tr\/wp-json\/wp\/v2\/posts\/158111\" class=\"qtranxs-available-language-link qtranxs-available-language-link-tr\" title=\"Turkish\">Turkish<\/a>. For the sake of viewer convenience, the content is shown below in the alternative language. You may click the link to switch the active language.<\/p><p><\/p>\n<h2>Milliyet Enerji Dergisi 15&#8217;inci say\u0131s\u0131nda sava\u015f\u0131n g\u00f6lgesinde kalan d\u00fcnya d\u00fczeninde, farkl\u0131 y\u00f6nlere esen r\u00fczgarlar\u0131 konu\u015fuyor. \u0130klim krizi m\u00fccadeleleri, d\u00fcnyan\u0131n petrol ve do\u011fal gaz taleplerini kar\u015f\u0131la\u015fam\u0131yor olmas\u0131 problemlerinin yan\u0131 s\u0131ra Ukrayna\u2019daki sava\u015fta ya\u015fanan geli\u015fmeler enerji sekt\u00f6r\u00fcn\u00fc derinden etkilemeye devam ediyor. T\u00fcrkiye\u2019nin \u00f6nde gelen uzmanlar\u0131 yeni say\u0131da farkl\u0131 enerji stratejilerini anlat\u0131yor.<\/h2>\n<p>Son d\u00f6nemde <strong>Avrupa Birli\u011fi<\/strong>\u2019nde<strong> Ye\u015fil D\u00f6n\u00fc\u015f\u00fcm<\/strong>\u2019\u00fcn belli noktalarda sekteye u\u011framas\u0131, y\u00fcksek <img loading=\"lazy\" class=\"alignright wp-image-158113\" src=\"https:\/\/www.enerjigazetesi.ist\/wp-content\/uploads\/2022\/06\/milliyet-enerji-dergisi-ani-degisimlere-karsi-cizilmis-yol-haritalarini-inceliyor-2.jpg\" alt=\"\" width=\"270\" height=\"360\" srcset=\"https:\/\/www.enerjigazetesi.ist\/wp-content\/uploads\/2022\/06\/milliyet-enerji-dergisi-ani-degisimlere-karsi-cizilmis-yol-haritalarini-inceliyor-2.jpg 550w, https:\/\/www.enerjigazetesi.ist\/wp-content\/uploads\/2022\/06\/milliyet-enerji-dergisi-ani-degisimlere-karsi-cizilmis-yol-haritalarini-inceliyor-2-225x300.jpg 225w, https:\/\/www.enerjigazetesi.ist\/wp-content\/uploads\/2022\/06\/milliyet-enerji-dergisi-ani-degisimlere-karsi-cizilmis-yol-haritalarini-inceliyor-2-300x400.jpg 300w, https:\/\/www.enerjigazetesi.ist\/wp-content\/uploads\/2022\/06\/milliyet-enerji-dergisi-ani-degisimlere-karsi-cizilmis-yol-haritalarini-inceliyor-2-38x50.jpg 38w, https:\/\/www.enerjigazetesi.ist\/wp-content\/uploads\/2022\/06\/milliyet-enerji-dergisi-ani-degisimlere-karsi-cizilmis-yol-haritalarini-inceliyor-2-500x666.jpg 500w\" sizes=\"(max-width: 270px) 100vw, 270px\" \/><strong>karbon emisyonu sal\u0131m\u0131n\u0131<\/strong> yapan kaynaklara<strong> geri d\u00f6n\u00fc\u015f sinyalinin verilmesi<\/strong> ve daha bir\u00e7ok belirsizlik \u00fclkelerin enerji stratejilerinde <strong>\u00e7ok y\u00f6nl\u00fc planlar<\/strong> yapmas\u0131yla sonu\u00e7lan\u0131yor. Uzmanlar enerji politikalar\u0131nda esnek ad\u0131mlar atman\u0131n \u00f6nemini vurguluyor. <em>Aydem Enerji CEO<\/em>\u2019su<strong> \u0130dris K\u00fcpeli,<\/strong> T\u00fcrkiye\u2019de h\u0131zla <strong>artan elektrik t\u00fcketimini<\/strong> hat\u0131rlatarak, <strong>baz y\u00fck santraline yat\u0131r\u0131m<\/strong> ihtiyac\u0131na dikkat \u00e7ekti. <em>Polat Holding Enerji Grup Ba\u015fkan\u0131<\/em> <strong>Ark\u0131n Akbay<\/strong>, <strong>enerjide d\u0131\u015fa ba\u011f\u0131ml\u0131l\u0131\u011f\u0131 azaltmak, temiz enerji \u00fcretmek<\/strong> ve<strong> enerji krizine kar\u015f\u0131<\/strong> daha dayan\u0131kl\u0131 olmak i\u00e7in<strong> r\u00fczgar<\/strong> ve <strong>g\u00fcne\u015f enerjisine<\/strong> odakland\u0131klar\u0131n\u0131 s\u00f6yledi. Avrupa\u2019ya <strong>yenilenebilir enerji k\u00f6pr\u00fcs\u00fc<\/strong> kurduklar\u0131n\u0131 da kaydetti. <em>\u00dclke Enerji Genel M\u00fcd\u00fcr\u00fc<\/em> <strong>Ali Ayd\u0131n<\/strong> ise <strong>enerji \u00fcretim<\/strong> ve <strong>tedarik projeksiyonlar\u0131n\u0131<\/strong> <strong>yenilenebilir enerjiye<\/strong> g\u00f6re planlayan \u00fclkelerin bu krizlerden di\u011fer \u00fclkelere g\u00f6re <strong>daha az zarar g\u00f6rd\u00fc\u011f\u00fcn\u00fc<\/strong> vurgulad\u0131.<\/p>\n<p>Milliyet Enerji, yeni say\u0131s\u0131nda d\u00fcnyadaki geli\u015fmelere de \u0131\u015f\u0131k tutmay\u0131 s\u00fcrd\u00fcr\u00fcrken <em>Alman Milletvekili<\/em> <strong>Roderich Kiesewetter<\/strong>, AB\u2019nin <strong>enerji politikalar\u0131n\u0131n gidi\u015fat\u0131n\u0131<\/strong> yorumlad\u0131. Kiesewetter, <strong>Ye\u015fil Mutabakat<\/strong>\u2019\u0131n zaman alaca\u011f\u0131n\u0131 belirterek, <strong>Ukrayna\u2019daki<\/strong> sava\u015f\u0131n <strong>Avrupa enerji politikalar\u0131nda<\/strong> yaratabilece\u011fi <strong>de\u011fi\u015fim olas\u0131l\u0131klar\u0131n\u0131<\/strong> de\u011ferlendirdi.<\/p>\n<p><strong>27 Haziran Pazartesi<\/strong> g\u00fcn\u00fc <strong>Milliyet Gazetesi<\/strong> ile birlikte ula\u015f\u0131labilecek Milliyet Enerji dergisine, dijital platformlarda <strong>Dergilik<\/strong> ve <strong>Getir uygulamalar\u0131ndan da<\/strong> eri\u015febilmek m\u00fcmk\u00fcn.<\/p>","protected":false},"excerpt":{"rendered":"<p>Sorry, this entry is only available in Turkish. For the sake of viewer convenience, the content is shown below in the alternative language. You may click the link to switch the active language. Milliyet Enerji Dergisi 15&#8217;inci say\u0131s\u0131nda sava\u015f\u0131n g\u00f6lgesinde kalan d\u00fcnya d\u00fczeninde, farkl\u0131 y\u00f6nlere esen r\u00fczgarlar\u0131 konu\u015fuyor. \u0130klim krizi m\u00fccadeleleri, d\u00fcnyan\u0131n petrol ve do\u011fal [&hellip;]<\/p>\n","protected":false},"author":1,"featured_media":158114,"comment_status":"open","ping_status":"open","sticky":false,"template":"","format":"standard","meta":[],"categories":[46,51,53,44],"tags":[104302,23311,104301,104299,91125,104300,2482],"views":318,"_links":{"self":[{"href":"https:\/\/www.enerjigazetesi.ist\/en\/wp-json\/wp\/v2\/posts\/158111"}],"collection":[{"href":"https:\/\/www.enerjigazetesi.ist\/en\/wp-json\/wp\/v2\/posts"}],"about":[{"href":"https:\/\/www.enerjigazetesi.ist\/en\/wp-json\/wp\/v2\/types\/post"}],"author":[{"embeddable":true,"href":"https:\/\/www.enerjigazetesi.ist\/en\/wp-json\/wp\/v2\/users\/1"}],"replies":[{"embeddable":true,"href":"https:\/\/www.enerjigazetesi.ist\/en\/wp-json\/wp\/v2\/comments?post=158111"}],"version-history":[{"count":0,"href":"https:\/\/www.enerjigazetesi.ist\/en\/wp-json\/wp\/v2\/posts\/158111\/revisions"}],"wp:featuredmedia":[{"embeddable":true,"href":"https:\/\/www.enerjigazetesi.ist\/en\/wp-json\/wp\/v2\/media\/158114"}],"wp:attachment":[{"href":"https:\/\/www.enerjigazetesi.ist\/en\/wp-json\/wp\/v2\/media?parent=158111"}],"wp:term":[{"taxonomy":"category","embeddable":true,"href":"https:\/\/www.enerjigazetesi.ist\/en\/wp-json\/wp\/v2\/categories?post=158111"},{"taxonomy":"post_tag","embeddable":true,"href":"https:\/\/www.enerjigazetesi.ist\/en\/wp-json\/wp\/v2\/tags?post=158111"}],"curies":[{"name":"wp","href":"https:\/\/api.w.org\/{rel}","templated":true}]}}