{"id":158095,"date":"2022-06-26T07:21:38","date_gmt":"2022-06-26T04:21:38","guid":{"rendered":"https:\/\/www.enerjigazetesi.ist\/?p=158095"},"modified":"2022-06-26T07:22:01","modified_gmt":"2022-06-26T04:22:01","slug":"nakliye-maliyetleri-ve-teslimat-sureleri-ithalatta-tedarik-tercihini-degistirdi","status":"publish","type":"post","link":"https:\/\/www.enerjigazetesi.ist\/en\/nakliye-maliyetleri-ve-teslimat-sureleri-ithalatta-tedarik-tercihini-degistirdi\/","title":{"rendered":"(Turkish) Nakliye Maliyetleri ve Teslimat S\u00fcreleri \u0130thalatta Tedarik Tercihini De\u011fi\u015ftirdi"},"content":{"rendered":"<p class=\"qtranxs-available-languages-message qtranxs-available-languages-message-en\">Sorry, this entry is only available in <a href=\"https:\/\/www.enerjigazetesi.ist\/tr\/wp-json\/wp\/v2\/posts\/158095\" class=\"qtranxs-available-language-link qtranxs-available-language-link-tr\" title=\"Turkish\">Turkish<\/a>. For the sake of viewer convenience, the content is shown below in the alternative language. You may click the link to switch the active language.<\/p><p><\/p>\n<h2><strong>Pandemi ko\u015fullar\u0131 nedeniyle baz\u0131 \u00fclke s\u0131n\u0131rlar\u0131n\u0131n hala kapal\u0131 olmas\u0131, konteyner \u00fccretlerinin \u00e7ok ciddi bir \u015fekilde artmas\u0131 ve teslimat s\u00fcrelerinin 3-4 aya kadar uzamas\u0131 ithalat\u00e7\u0131 firmalar\u0131n yeni aray\u0131\u015flara girmesine yol a\u00e7t\u0131. Bu sorunu a\u015fmak isteyen firmalar \u00e7areyi \u00c7in ve Hindistan gibi \u00fclkelerden tedarik ettikleri \u00fcr\u00fcnleri T\u00fcrk firmalara \u00fcrettirmekte buldu. Tedarik s\u00fcrecini tersine \u00e7eviren bu y\u00f6ntem ithalat\u00e7\u0131 firmalar\u0131 hem artan nakliye maliyetinden hem de uzayan teslimat s\u00fcrelerinden kurtar\u0131rken, ayn\u0131 zamanda yerel firmalara yeni bir ticaret f\u0131rsat\u0131 yaratt\u0131.<\/strong><\/h2>\n<p><img loading=\"lazy\" class=\"alignright wp-image-158097\" src=\"https:\/\/www.enerjigazetesi.ist\/wp-content\/uploads\/2022\/06\/nakliye-maliyetleri-ve-teslimat-sureleri-ithalatta-tedarik-tercihini-degistirdi-1.jpg\" alt=\"\" width=\"320\" height=\"216\" srcset=\"https:\/\/www.enerjigazetesi.ist\/wp-content\/uploads\/2022\/06\/nakliye-maliyetleri-ve-teslimat-sureleri-ithalatta-tedarik-tercihini-degistirdi-1.jpg 550w, https:\/\/www.enerjigazetesi.ist\/wp-content\/uploads\/2022\/06\/nakliye-maliyetleri-ve-teslimat-sureleri-ithalatta-tedarik-tercihini-degistirdi-1-300x202.jpg 300w, https:\/\/www.enerjigazetesi.ist\/wp-content\/uploads\/2022\/06\/nakliye-maliyetleri-ve-teslimat-sureleri-ithalatta-tedarik-tercihini-degistirdi-1-500x337.jpg 500w, https:\/\/www.enerjigazetesi.ist\/wp-content\/uploads\/2022\/06\/nakliye-maliyetleri-ve-teslimat-sureleri-ithalatta-tedarik-tercihini-degistirdi-1-74x50.jpg 74w\" sizes=\"(max-width: 320px) 100vw, 320px\" \/><\/p>\n<p><strong>3&#8217;\u00fcnc\u00fc<\/strong> y\u0131l\u0131na giren <strong>Pandemi nedeniyle<\/strong> baz\u0131 \u00fclke s\u0131n\u0131rlar\u0131n\u0131n hala kapal\u0131 olmas\u0131,\u00a0 nakliyede artan maliyetler ve teslimat s\u00fcrelerinin<strong> 3-4 aya kadar<\/strong> uzam\u0131\u015f olmas\u0131 yurtd\u0131\u015f\u0131ndan<strong> \u00fcr\u00fcn tedarik<\/strong> eden <strong>ithalat\u00e7\u0131 firmalar\u0131<\/strong> olduk\u00e7a zorluyor. <strong>Tedarik y\u00f6ntemini<\/strong> tersine \u00e7evirerek soruna \u00e7\u00f6z\u00fcm arayan firmalar, <strong>\u00c7in<\/strong> ve <strong>Hindistan<\/strong> gibi \u00fclkelerden tedarik ettikleri \u00fcr\u00fcnleri T\u00fcrk firmalara \u00fcrettirmeye ba\u015flad\u0131. Konuya ili\u015fkin de\u011ferlendirmede bulunan <em>Sigma Elektrik Genel M\u00fcd\u00fcr\u00fc<\/em> <strong>Murat Akg\u00fcl<\/strong>, <em>\u201cYerli firmalar i\u00e7in yeni bir ticaret f\u0131rsat\u0131 olu\u015fturan bu y\u00f6ntem sayesinde; tedarik\u00e7i firmalar bir yandan <strong>nakliye maliyetini<\/strong> en aza indirirken, di\u011fer yandan<strong> teslimat s\u00fcrelerini \u00e7ok k\u0131saltt\u0131lar<\/strong>\u201d<\/em> ifadelerini kulland\u0131.<\/p>\n<h3><strong>\u201cHala Pandemi nedeniyle kapal\u0131 olan \u00fclkeler var\u201d<\/strong><\/h3>\n<p>Son y\u0131llarda T\u00fcrk \u00fcr\u00fcnlerine kar\u015f\u0131 hem <strong>kalitesiyle<\/strong> ve <strong>lojistik kolayl\u0131klar\u0131<\/strong> sebebiyle <strong>ciddi bir talep<\/strong> olu\u015ftu\u011funa dikkat \u00e7eken Murat Akg\u00fcl,<em> \u201cBunu<strong> \u00fcretim<\/strong> ve <strong>sanayi istatistiklerindeki<\/strong> olumlu art\u0131\u015ftan da \u00e7ok net olarak anlayabiliyoruz. \u015e\u00f6yle ki; pandemide <strong>3&#8217;\u00fcnc\u00fc y\u0131la<\/strong> girilmesine ve bir\u00e7ok \u00fclkenin kendini kapatmas\u0131na ra\u011fmen; \u00fclkemiz \u00f6zellikle \u00fcretim sekt\u00f6rlerinde <strong>s\u00fcrekli a\u00e7\u0131k kalmay\u0131<\/strong> tercih ederek, <strong>\u00e7arklar\u0131n d\u00f6nmesini<\/strong> ve <strong>taleplerin kar\u015f\u0131lanmas\u0131n\u0131<\/strong> sa\u011flad\u0131. \u00dcreticilerimiz bu s\u00fcre\u00e7te \u00f6zellikle hala kapal\u0131 olan \u00c7in gibi \u00fclkelerin bo\u015flu\u011funu nispeten de olsa doldurarak, <strong>\u00e7ok iyi bir s\u0131nav<\/strong> verdi. Buna ek olarak <strong>artan lojistik maliyetleri<\/strong> ve <strong>zorluklar nedeniyle<\/strong> daha kolay ula\u015f\u0131labilir olduk olduk\u201d<\/em> \u015feklinde konu\u015ftu.<\/p>\n<h3><strong>\u201cKendi markalar\u0131 ile yerli \u00fcreticilere \u00fcrettiriyorlar\u201d<\/strong><\/h3>\n<p>\u0130thalat\u00e7\u0131 firmalar\u0131n tedarik sorununa \u00e7\u00f6z\u00fcm bulmak i\u00e7in bir aray\u0131\u015f i\u00e7erisine girdiklerini ifade eden Murat Akg\u00fcl, <em>\u201c<strong>Daha kolay<\/strong> ve <strong>daha az maliyetli<\/strong> bu \u00fcr\u00fcnleri nas\u0131l temin edebiliriz? T\u00fcrkiye\u2019de faaliyet g\u00f6steren ancak <strong>ithalat a\u011f\u0131rl\u0131kl\u0131 tedarikte<\/strong> bulunan firmalar, i\u015fte bu soruya bir yan\u0131t ar\u0131yorlar\u201d dedi. \u0130thalat\u00e7\u0131 firmalar\u0131n bug\u00fcne kadar <strong>\u00c7in<\/strong> ve <strong>Hindistan<\/strong> gibi \u00fclkelerde \u00fcrettirip tedarik ettikleri \u00fcr\u00fcnleri, <strong>nakliye<\/strong> ve <strong>teslimat s\u00fcrelerinde<\/strong> ya\u015fanan sorunlar nedeniyle yerli firmalara \u00fcrettirmeye ba\u015flad\u0131klar\u0131n\u0131 a\u00e7\u0131klayan Murat Akg\u00fcl, \u201cKendi markalar\u0131 ile ithalat yapmay\u0131p<strong> yerli \u00fcreticilere \u00fcretim<\/strong> yapt\u0131r\u0131yorlar. Yerli firmalar\u0131m\u0131z art\u0131k <strong>\u00fcretimde<\/strong> ve<strong> kalitede<\/strong> olduk\u00e7a iddial\u0131. Firmalar\u0131m\u0131z f\u0131rsat\u0131n\u0131 buldu\u011funda <strong>t\u00fcm zorluklara ra\u011fmen<\/strong> \u00fcretim ile ilgili hemen organize olabiliyorlar. Yeni tedarik tercihini hem <strong>elektrik malzemeleri sekt\u00f6r\u00fcnde<\/strong> hem de di\u011fer sekt\u00f6rlerde g\u00f6rebiliyoruz. Yerli \u00fcreticilere <strong>\u00f6nemli bir ticaret f\u0131rsat\u0131<\/strong> olu\u015fturan bu tercih, \u00fclkemizi bu anlamda da bir cazibe merkezi haline getirecek\u201d<\/em> diye konu\u015ftu.<\/p>","protected":false},"excerpt":{"rendered":"<p>Sorry, this entry is only available in Turkish. For the sake of viewer convenience, the content is shown below in the alternative language. You may click the link to switch the active language. Pandemi ko\u015fullar\u0131 nedeniyle baz\u0131 \u00fclke s\u0131n\u0131rlar\u0131n\u0131n hala kapal\u0131 olmas\u0131, konteyner \u00fccretlerinin \u00e7ok ciddi bir \u015fekilde artmas\u0131 ve teslimat s\u00fcrelerinin 3-4 aya kadar [&hellip;]<\/p>\n","protected":false},"author":1,"featured_media":158098,"comment_status":"open","ping_status":"open","sticky":false,"template":"","format":"standard","meta":[],"categories":[51,53],"tags":[886,104281,26353,4034,104282,104286,104283,104284,104285,3586,104287],"views":72,"_links":{"self":[{"href":"https:\/\/www.enerjigazetesi.ist\/en\/wp-json\/wp\/v2\/posts\/158095"}],"collection":[{"href":"https:\/\/www.enerjigazetesi.ist\/en\/wp-json\/wp\/v2\/posts"}],"about":[{"href":"https:\/\/www.enerjigazetesi.ist\/en\/wp-json\/wp\/v2\/types\/post"}],"author":[{"embeddable":true,"href":"https:\/\/www.enerjigazetesi.ist\/en\/wp-json\/wp\/v2\/users\/1"}],"replies":[{"embeddable":true,"href":"https:\/\/www.enerjigazetesi.ist\/en\/wp-json\/wp\/v2\/comments?post=158095"}],"version-history":[{"count":0,"href":"https:\/\/www.enerjigazetesi.ist\/en\/wp-json\/wp\/v2\/posts\/158095\/revisions"}],"wp:featuredmedia":[{"embeddable":true,"href":"https:\/\/www.enerjigazetesi.ist\/en\/wp-json\/wp\/v2\/media\/158098"}],"wp:attachment":[{"href":"https:\/\/www.enerjigazetesi.ist\/en\/wp-json\/wp\/v2\/media?parent=158095"}],"wp:term":[{"taxonomy":"category","embeddable":true,"href":"https:\/\/www.enerjigazetesi.ist\/en\/wp-json\/wp\/v2\/categories?post=158095"},{"taxonomy":"post_tag","embeddable":true,"href":"https:\/\/www.enerjigazetesi.ist\/en\/wp-json\/wp\/v2\/tags?post=158095"}],"curies":[{"name":"wp","href":"https:\/\/api.w.org\/{rel}","templated":true}]}}