{"id":15809,"date":"2013-09-26T10:20:42","date_gmt":"2013-09-26T07:20:42","guid":{"rendered":"https:\/\/www.enerjigazetesi.ist\/?p=15809"},"modified":"2013-09-26T10:27:36","modified_gmt":"2013-09-26T07:27:36","slug":"petrole-su-ve-bitki-katarak-yuzde-30-tasarruf-saglayan-teknoloji-turkiye-de-malezyali-bionas","status":"publish","type":"post","link":"https:\/\/www.enerjigazetesi.ist\/en\/petrole-su-ve-bitki-katarak-yuzde-30-tasarruf-saglayan-teknoloji-turkiye-de-malezyali-bionas\/","title":{"rendered":"(Turkish) Petrole Su ve Bitki Katarak Y\u00fczde 30 Tasarruf Sa\u011flayan Teknoloji&#8230;"},"content":{"rendered":"<p class=\"qtranxs-available-languages-message qtranxs-available-languages-message-en\">Sorry, this entry is only available in <a href=\"https:\/\/www.enerjigazetesi.ist\/tr\/wp-json\/wp\/v2\/posts\/15809\" class=\"qtranxs-available-language-link qtranxs-available-language-link-tr\" title=\"Turkish\">Turkish<\/a>. For the sake of viewer convenience, the content is shown below in the alternative language. You may click the link to switch the active language.<\/p><p><strong>Petrol ve t\u00fcrevi yak\u0131tlarda kullan\u0131lan, \u00e7evreci ve daha ekonomik biyoyak\u0131t katk\u0131 maddeleri geli\u015ftiren Bionas, 31 \u00fclkenin ard\u0131ndan T\u00fcrkiye pazar\u0131na girdi. T\u00fcrkiye`yi, b\u00f6lgenin merkezi haline getirmeyi hedefleyen Bionas, T\u00fcrkiye`de depolama tesisi yat\u0131r\u0131m\u0131n\u0131n yan\u0131 s\u0131ra ileride biyoyak\u0131t \u00fcretimi yapmay\u0131 da planl\u0131yor.<\/strong><\/p>\n<p>Merkezi ABD`nin California eyaletinde bulunan Bio Oil National Corporation grubunun Malezya`daki \u015firketi BATC Development BHD`nin Ar-Ge tesislerinde, <strong>Hint f\u0131st\u0131\u011f\u0131<\/strong> olarak da bilinen <strong>jatropha bitkisi<\/strong> \u00fczerinde ger\u00e7ekle\u015ftirilen \u00e7al\u0131\u015fmalar sonucu elde edilen Bionas petrol katk\u0131 maddelerinin Ar-Ge`si ve \u00fcretimi i\u00e7in, bug\u00fcne kadar 155 milyon dolarl\u0131k bir yat\u0131r\u0131m ger\u00e7ekle\u015ftirildi.<\/p>\n<p><strong>\u00dcr\u00fcn 2014\u2019te T\u00fcrkiye\u2019de<\/strong><\/p>\n<p>Ara\u00e7larda fosil yak\u0131tlara g\u00f6re<strong> y\u00fczde 30-40<\/strong> oran\u0131nda<strong> verimlilik ve tasarruf<\/strong> imk\u00e2n\u0131 sa\u011flayan <strong>Bionas<\/strong> katk\u0131 \u00fcr\u00fcnleri, t\u00fcketicilere \u00e7ok ekonomik bir \u00fcr\u00fcn sunarken, \u00f6te yandan temiz ve \u00e7evr<a href=\"https:\/\/www.enerjigazetesi.ist\/wp-content\/uploads\/2013\/09\/malezyali-bionas-turkiye-pazarinda.jpg\"><img loading=\"lazy\" class=\"alignleft size-medium wp-image-15810\" title=\"petrole-su-ve-bitki-katarak-yuzde-30-tasarruf-saglayan-teknoloji-turkiye-de-malezyali-bionas-turkiye-pazarinda\" src=\"https:\/\/www.enerjigazetesi.ist\/wp-content\/uploads\/2013\/09\/malezyali-bionas-turkiye-pazarinda-300x211.jpg\" alt=\"\" width=\"300\" height=\"211\" srcset=\"https:\/\/www.enerjigazetesi.ist\/wp-content\/uploads\/2013\/09\/malezyali-bionas-turkiye-pazarinda-300x211.jpg 300w, https:\/\/www.enerjigazetesi.ist\/wp-content\/uploads\/2013\/09\/malezyali-bionas-turkiye-pazarinda-500x352.jpg 500w, https:\/\/www.enerjigazetesi.ist\/wp-content\/uploads\/2013\/09\/malezyali-bionas-turkiye-pazarinda-70x50.jpg 70w, https:\/\/www.enerjigazetesi.ist\/wp-content\/uploads\/2013\/09\/malezyali-bionas-turkiye-pazarinda.jpg 600w\" sizes=\"(max-width: 300px) 100vw, 300px\" \/><\/a>eci bir yak\u0131t kullanma f\u0131rsat\u0131 da veriyor. \u00dcr\u00fcn\u00fcn sat\u0131\u015f kanallar\u0131 konusunda g\u00f6r\u00fc\u015fmeler s\u00fcr\u00fcyor. \u00dcr\u00fcn\u00fcn 2014 ba\u015f\u0131nda T\u00fcrkiye`de pazara sunulmas\u0131 planlan\u0131yor.<\/p>\n<p>Bionas petrol katk\u0131 maddelerinin T\u00fcrkiye pazar\u0131na sunulmas\u0131yla ilgili yap\u0131lan lansman toplant\u0131s\u0131nda bir konu\u015fma yapan <strong>Bio Oil National Corporation<\/strong> CEO`su <strong>Zurina Amnan<\/strong>, T\u00fcrkiye`de hem tasarruflu hem de \u00e7evreye duyarl\u0131 bir program ba\u015flatt\u0131klar\u0131n\u0131 belirterek, T\u00fcrkiye`den \u00e7ok b\u00fcy\u00fck beklentileri oldu\u011funa, ge\u00e7ti\u011fimiz g\u00fcnlerde konuyla ilgili Enerji ve Tabii Kaynaklar Bakanl\u0131\u011f\u0131`nda bir sunum yap\u0131ld\u0131\u011f\u0131na dikkat \u00e7ekti. Amnan, T\u00fcrkiye`ye y\u00f6nelik planlar\u0131n\u0131 \u015f\u00f6yle anlatt\u0131: \u201c\u00dcretimi iki \u00fclkede ger\u00e7ekle\u015ftiriyoruz. Ancak, T\u00fcrkiye`de katk\u0131 maddesinin \u00fcr\u00fcn haline getirilmesine y\u00f6nelik olarak, akaryak\u0131t, su ve katk\u0131 maddesinin kar\u0131\u015ft\u0131r\u0131lmas\u0131 i\u00e7in bir tesise ihtiyac\u0131m\u0131z var. Bu da 1 milyon dolar civar\u0131nda bir yat\u0131r\u0131m olabilir. \u0130leride T\u00fcrkiye`de kanola, pamuk tohumu ya\u011f\u0131 ve ay\u00e7i\u00e7e\u011finden biyoyak\u0131t \u00fcretimi ger\u00e7ekle\u015ftirmeyi de d\u00fc\u015f\u00fcnebiliriz.\u201d<\/p>\n<p><strong>T\u00fcrkiye Avrupa\u2019ya a\u00e7\u0131lan \u00f6nemli ve e\u015fsiz bir kap\u0131<\/strong><\/p>\n<p>T\u00fcrkiye`ye dair vizyonlar\u0131n\u0131n \u00e7ok geni\u015f oldu\u011funu ve T\u00fcrkiye`yi b\u00f6lgenin merkezi haline getirmek istediklerini ifade eden Amnan, \u201cT\u00fcrkiye, Avrupa`ya a\u00e7\u0131lan \u00f6nemli ve e\u015fsiz bir kap\u0131 konumunda. T\u00fcrkiye \u00fczerinden \u00e7evre \u00fclkelere \u00e7ok h\u0131zl\u0131 bir ge\u00e7i\u015f yapmay\u0131 planl\u0131yoruz. T\u00fcrkiye`nin bizim ye\u015fil, \u00e7evreci ve ekonomik \u00fcretim modelimizin \u00f6nemli bir merkezi haline gelmesini istiyoruz. \u00d6rne\u011fin, \u0130stanbul Bo\u011faz\u0131`ndan g\u00fcnde onlarca tanker ge\u00e7iyor. T\u00fcrkiye, buradan ge\u00e7en tankerlerden ge\u00e7i\u015f esnas\u0131nda temiz enerji kullanmas\u0131n\u0131 isteyebilir, T\u00fcrkiye`nin b\u00f6yle bir hakk\u0131 var.<\/p>\n<p>Ya da hava sahas\u0131ndan ge\u00e7en u\u00e7aklardan daha az karbon emisyonu salan jet yak\u0131t\u0131 kullanmas\u0131n\u0131 talep edebilir. T\u00fcrkiye, b\u00f6ylece temiz enerji kurallar\u0131 koyan bir model \u00fclke haline gelebilir\u201d a\u00e7\u0131klamas\u0131nda bulundu. Amnan, T\u00fcrkiye`nin \u00e7ok b\u00fcy\u00fck bir petrol ithalat\u00e7\u0131s\u0131 oldu\u011funu da hat\u0131rlatarak, &#8220;Daha az petrol ithal etmek ya da ayn\u0131 miktarda petrolle daha \u00e7ok i\u015f yapmak T\u00fcrkiye i\u00e7in ve T\u00fcrk t\u00fcketicileri i\u00e7in \u00e7ok \u00f6nemli. \u00dcr\u00fcn\u00fcm\u00fcz\u00fcn bu anlamda \u00fclke ekonomisine \u00f6nemli katk\u0131 sa\u011flayaca\u011f\u0131n\u0131 d\u00fc\u015f\u00fcn\u00fcyoruz&#8221; diye konu\u015ftu.<\/p>\n<p>Kaynak: <a href=\"https:\/\/www.enerjigazetesi.ist\" target=\"_blank\">Enerji Gazetesi<\/a><\/p>","protected":false},"excerpt":{"rendered":"<p>Sorry, this entry is only available in Turkish. For the sake of viewer convenience, the content is shown below in the alternative language. You may click the link to switch the active language.Petrol ve t\u00fcrevi yak\u0131tlarda kullan\u0131lan, \u00e7evreci ve daha ekonomik biyoyak\u0131t katk\u0131 maddeleri geli\u015ftiren Bionas, 31 \u00fclkenin ard\u0131ndan T\u00fcrkiye pazar\u0131na girdi. T\u00fcrkiye`yi, b\u00f6lgenin merkezi [&hellip;]<\/p>\n","protected":false},"author":1,"featured_media":15810,"comment_status":"open","ping_status":"open","sticky":false,"template":"","format":"standard","meta":[],"categories":[53,52,44],"tags":[9000,8998,8997,890,9004,9005,8999,63,67,1009,165,103,12,9007,9006,9001,8996,842,846,9003,9002],"views":709,"_links":{"self":[{"href":"https:\/\/www.enerjigazetesi.ist\/en\/wp-json\/wp\/v2\/posts\/15809"}],"collection":[{"href":"https:\/\/www.enerjigazetesi.ist\/en\/wp-json\/wp\/v2\/posts"}],"about":[{"href":"https:\/\/www.enerjigazetesi.ist\/en\/wp-json\/wp\/v2\/types\/post"}],"author":[{"embeddable":true,"href":"https:\/\/www.enerjigazetesi.ist\/en\/wp-json\/wp\/v2\/users\/1"}],"replies":[{"embeddable":true,"href":"https:\/\/www.enerjigazetesi.ist\/en\/wp-json\/wp\/v2\/comments?post=15809"}],"version-history":[{"count":8,"href":"https:\/\/www.enerjigazetesi.ist\/en\/wp-json\/wp\/v2\/posts\/15809\/revisions"}],"predecessor-version":[{"id":15814,"href":"https:\/\/www.enerjigazetesi.ist\/en\/wp-json\/wp\/v2\/posts\/15809\/revisions\/15814"}],"wp:featuredmedia":[{"embeddable":true,"href":"https:\/\/www.enerjigazetesi.ist\/en\/wp-json\/wp\/v2\/media\/15810"}],"wp:attachment":[{"href":"https:\/\/www.enerjigazetesi.ist\/en\/wp-json\/wp\/v2\/media?parent=15809"}],"wp:term":[{"taxonomy":"category","embeddable":true,"href":"https:\/\/www.enerjigazetesi.ist\/en\/wp-json\/wp\/v2\/categories?post=15809"},{"taxonomy":"post_tag","embeddable":true,"href":"https:\/\/www.enerjigazetesi.ist\/en\/wp-json\/wp\/v2\/tags?post=15809"}],"curies":[{"name":"wp","href":"https:\/\/api.w.org\/{rel}","templated":true}]}}