{"id":158073,"date":"2022-06-25T12:21:18","date_gmt":"2022-06-25T09:21:18","guid":{"rendered":"https:\/\/www.enerjigazetesi.ist\/?p=158073"},"modified":"2022-06-25T12:21:56","modified_gmt":"2022-06-25T09:21:56","slug":"enerjisa-enerji-ceo-su-murat-pinardan-portekizde-kuresel-is-birligi-cagrisi","status":"publish","type":"post","link":"https:\/\/www.enerjigazetesi.ist\/en\/enerjisa-enerji-ceo-su-murat-pinardan-portekizde-kuresel-is-birligi-cagrisi\/","title":{"rendered":"(Turkish) Enerjisa Enerji CEO\u2019su Murat P\u0131nar\u2019dan Portekiz\u2019de K\u00fcresel \u0130\u015f Birli\u011fi \u00c7a\u011fr\u0131s\u0131"},"content":{"rendered":"<p class=\"qtranxs-available-languages-message qtranxs-available-languages-message-en\">Sorry, this entry is only available in <a href=\"https:\/\/www.enerjigazetesi.ist\/tr\/wp-json\/wp\/v2\/posts\/158073\" class=\"qtranxs-available-language-link qtranxs-available-language-link-tr\" title=\"Turkish\">Turkish<\/a>. For the sake of viewer convenience, the content is shown below in the alternative language. You may click the link to switch the active language.<\/p><p><\/p>\n<h2>Enerjisa Enerji CEO\u2019su Murat P\u0131nar, Portekiz\u2019in Estoril kentinde 28\u2019incisi d\u00fczenlenen EUREKA K\u00fcresel \u0130novasyon Zirvesi\u2019nde yapt\u0131\u011f\u0131 konu\u015fmada, i\u015f d\u00fcnyas\u0131n\u0131n pandemi sonras\u0131 ortaya \u00e7\u0131kan k\u00fcresel ekonomik belirsizliklere kar\u015f\u0131 uluslararas\u0131 i\u015fbirli\u011fine gitmesi gerekti\u011fini dile getirdi.<\/h2>\n<p><strong>Avrupa Birli\u011fi<\/strong> taraf\u0131ndan <strong>yeni teknoloji<\/strong> ve <strong>projelerin geli\u015ftirilmesi<\/strong> i\u00e7in olu\u015fturulan <strong>EUREKA<\/strong> \u00e7at\u0131s\u0131 alt\u0131nda enerji alan\u0131ndaki <strong>Ar-Ge faaliyetlerini<\/strong> s\u00fcrd\u00fcren <strong>EUROGIA toplulu\u011funun<\/strong> ba\u015fkanl\u0131\u011f\u0131n\u0131 y\u00fcr\u00fcten P\u0131nar, toplant\u0131da \u00f6zel sekt\u00f6r ad\u0131na T\u00fcrkiye\u2019yi temsilen yer ald\u0131. Toplant\u0131ya AB \u00fclkelerinden \u00e7ok say\u0131da <strong>bakan, b\u00fcy\u00fckel\u00e7i<\/strong> ve <strong>AB temsilcisi <\/strong>kat\u0131ld\u0131.<\/p>\n<p><img loading=\"lazy\" class=\"alignright wp-image-158077\" src=\"https:\/\/www.enerjigazetesi.ist\/wp-content\/uploads\/2022\/06\/enerjisa-enerji-ceo-su-murat-pinardan-portekizde-kuresel-is-birligi-cagrisi-2.jpg\" alt=\"\" width=\"320\" height=\"213\" srcset=\"https:\/\/www.enerjigazetesi.ist\/wp-content\/uploads\/2022\/06\/enerjisa-enerji-ceo-su-murat-pinardan-portekizde-kuresel-is-birligi-cagrisi-2.jpg 550w, https:\/\/www.enerjigazetesi.ist\/wp-content\/uploads\/2022\/06\/enerjisa-enerji-ceo-su-murat-pinardan-portekizde-kuresel-is-birligi-cagrisi-2-300x200.jpg 300w, https:\/\/www.enerjigazetesi.ist\/wp-content\/uploads\/2022\/06\/enerjisa-enerji-ceo-su-murat-pinardan-portekizde-kuresel-is-birligi-cagrisi-2-500x333.jpg 500w, https:\/\/www.enerjigazetesi.ist\/wp-content\/uploads\/2022\/06\/enerjisa-enerji-ceo-su-murat-pinardan-portekizde-kuresel-is-birligi-cagrisi-2-75x50.jpg 75w, https:\/\/www.enerjigazetesi.ist\/wp-content\/uploads\/2022\/06\/enerjisa-enerji-ceo-su-murat-pinardan-portekizde-kuresel-is-birligi-cagrisi-2-450x300.jpg 450w\" sizes=\"(max-width: 320px) 100vw, 320px\" \/>Konu\u015fmas\u0131nda <strong>Mevlana Celaleddin-i Rumi<\/strong>\u2019nin yan\u0131 s\u0131ra\u00a0Portekizli b\u00fcy\u00fck \u015fair<strong> Lu\u00eds Vaz de Cam\u00f5es<\/strong>\u2019den al\u0131nt\u0131lara da yer veren P\u0131nar,\u00a0<strong>Eureka \u0130novasyon Zirvesi<\/strong>\u2019nin i\u015f d\u00fcnyas\u0131n\u0131n farkl\u0131 y\u00f6nlerini temsil eden unsurlar\u0131n\u0131 bir araya getirmesinin <strong>uluslararas\u0131 i\u015f birliklerinin geli\u015fmesi<\/strong> a\u00e7\u0131s\u0131ndan \u00e7ok yararl\u0131 oldu\u011funu belirterek <span style=\"text-decoration: underline;\">\u015funlar\u0131 kaydetti:<\/span><\/p>\n<p><em>\u00a0\u201cT\u00fcm \u00fclkeleri ve sekt\u00f6rleri etkileyen sorunlar\u0131n<strong> iklim, enerji, ileti\u015fim <\/strong>ve<strong> dijitalle\u015fme<\/strong> gibi farkl\u0131 boyutlar\u0131 aras\u0131nda k\u00fcresel bir ge\u00e7i\u015f s\u00f6z konusu. Sorunlar k\u00fcresel \u00f6l\u00e7ekte oldu\u011fundan ortaya koyaca\u011f\u0131m\u0131z \u00e7\u00f6z\u00fcmler de uluslararas\u0131 i\u015f birli\u011fiyle \u015fekillenmeli. \u0130\u015f d\u00fcnyas\u0131n\u0131n <strong>pandemi<\/strong> ve <strong>k\u00fcresel ekonomideki belirsizlikler<\/strong> sonras\u0131 olu\u015fan<strong> yeni iklime uyum sa\u011flamas\u0131<\/strong> i\u00e7in<strong> k\u00fcresel i\u015f birli\u011fi<\/strong> ve <strong>kolektif yakla\u015f\u0131mlar\u0131n geli\u015fmesi<\/strong> gerek. Mevlana\u2019n\u0131n da \u015fiirinde belirtti\u011fi gibi, D\u00fcnle beraber gitti canca\u011f\u0131z\u0131m, Ne kadar s\u00f6z varsa d\u00fcne ait, \u015eimdi yeni \u015feyler s\u00f6ylemek laz\u0131m.\u201d<\/em><\/p>\n<p>P\u0131nar, bu nedenle<strong> sekt\u00f6r liderlerini, akademisyenleri, start-up\u2019lar\u0131<\/strong> ve<strong> sivil toplumu<\/strong> bir araya getiren etkinlikte bulunmay\u0131 \u00f6nemsediklerine de\u011finerek, <em>\u201cEnerji Sekt\u00f6r\u00fcn\u00fcn bir temsilcisi olarak, Eureka\u2019n\u0131n <strong>sanayi odakl\u0131 y\u00f6n\u00fcn\u00fcn<\/strong> bizim i\u00e7in \u00f6nemli oldu\u011funa inan\u0131yorum. \u00c7\u00fcnk\u00fc, her sekt\u00f6r\u00fcn <strong>kendine \u00f6zg\u00fc dinamikleri<\/strong> ve<strong> beklentileri<\/strong> var. Ayn\u0131 zamanda EURAGIA ba\u015fkan\u0131 olarak, <strong>uluslararas\u0131 enerji toplulu\u011fumuzla<\/strong> yapt\u0131\u011f\u0131m\u0131z <strong>isti\u015farelerde bu d\u00f6n\u00fc\u015f\u00fcm\u00fcn<\/strong> gelece\u011fine uyum sa\u011flamak \u00fczere sekt\u00f6r\u00fcn ihtiya\u00e7lar\u0131na vurgu yapt\u0131\u011f\u0131m\u0131z\u0131 da belirtmek isterim\u201d<\/em> ifadelerini kulland\u0131.<\/p>\n<h3><strong>\u201cYeni normali anlamak i\u00e7in yeni kavramlar kullanmal\u0131y\u0131z\u201d<\/strong><\/h3>\n<p>D\u00fcnyan\u0131n pek \u00e7ok farkl\u0131 etkiye ba\u011fl\u0131 olarak \u00e7ok s\u00fcratli bir d\u00f6n\u00fc\u015f\u00fcm s\u00fcrecinden ge\u00e7ti\u011finin alt\u0131n\u0131 \u00e7izen P\u0131nar, <em>\u201cK\u00fcresel trendlerden bahsederken, <strong>de\u011fi\u015fken (volatile), belirsiz (uncertain), karma\u015f\u0131k (complex)<\/strong> ve <strong>mu\u011flak (ambigious)<\/strong> kelimelerinin k\u0131saltmas\u0131 olan <strong>\u201cVUCA\u201d kavram\u0131n\u0131<\/strong> kullan\u0131rd\u0131k. Ancak bu modelden art\u0131k sa\u011fl\u0131kl\u0131 bilgi elde edemiyoruz. Aksine, <strong>siyaset, ekonomi, sava\u015flar, pandemi<\/strong> ve hayat\u0131n pek \u00e7ok ba\u015fka birle\u015feni gibi deneyimlerle <strong>VUCA k\u0131saltmas\u0131n\u0131n<\/strong> temsil etti\u011finden \u00e7ok daha b\u00fcy\u00fck zorluklarla y\u00fcz y\u00fcze kald\u0131k. Dolay\u0131s\u0131yla, bu t\u00fcrb\u00fclansl\u0131 zamanlar\u0131n \u00fcretti\u011fi bir k\u0131saltma, <strong>BAN\u0130<\/strong> ortaya \u00e7\u0131kt\u0131. Yeni d\u00f6nemin ko\u015fullar\u0131n\u0131 daha iyi ifade eden bu yeni kavram ise<strong> k\u0131r\u0131lgan (brittle), kayg\u0131l\u0131 (anxious), do\u011frusal olmayan (non-lineer)<\/strong> ve<strong> anla\u015f\u0131lmaz (incomprehensible)<\/strong> s\u00f6zc\u00fcklerini temsil ediyor. Bani ile birlikte art\u0131k ne olup bitti\u011fini tan\u0131mlamam\u0131z\u0131 ve kavramam\u0131z\u0131 sa\u011flayan<strong> yeni bir lisan\u0131m\u0131z<\/strong> oldu. Bu lisan, bize \u00fczerine in\u015fa edebilece\u011fimiz ve yeni yakla\u015f\u0131mlar geli\u015ftirebilece\u011fimiz bir zemin sundu. Bu b\u00fcy\u00fck \u015fans\u0131 kullanarak elimizdeki se\u00e7enekleri birlikte ke\u015ffetmeliyiz. Portekiz\u2019de yer alan ve Avrupa k\u0131tas\u0131n\u0131n en bat\u0131s\u0131 olarak kabul edilen<strong> Roka Burnu\u2019nda<\/strong> in\u015fa edilmi\u015f an\u0131t\u0131n kitabesi \u00fczerine i\u015flenmi\u015f Portekizli b\u00fcy\u00fck \u015fair Lu\u00eds Vaz de Cam\u00f5es\u2019in s\u00f6zlerini hat\u0131rlayal\u0131m. <strong>\u0130\u015fte buras\u0131\u2026 Karan\u0131n bitti\u011fi ve denizin ba\u015flad\u0131\u011f\u0131 yer. \u201d<\/strong><\/em> \u015feklinde konu\u015ftu.<\/p>\n<h3><strong>\u201cGeleneksel i\u015f modelleri i\u015flevini yitirdi\u201d<\/strong><\/h3>\n<p><strong>Eski i\u015f modellerinin ge\u00e7i\u015f d\u00f6nemlerinde<\/strong> \u00e7al\u0131\u015fmaz hale geldi\u011fini ve <strong>yeni yakla\u015f\u0131mlara ihtiya\u00e7 oldu\u011funu<\/strong> belirten Murat P\u0131nar \u015funlar\u0131 aktard\u0131: \u015eu son derece a\u00e7\u0131k ki <strong>BAN\u0130 eksenindeki d\u00f6n\u00fc\u015f\u00fcm<\/strong> s\u00fcrecinden d\u00fcnyan\u0131n bug\u00fcn kullanmakta oldu\u011fumuz kaynaklar\u0131 ciddi \u015fekilde etkilendi. Bu d\u00f6n\u00fc\u015f\u00fcm\u00fcn s\u00fcr\u00fckleyicisi olan unsurlar ise <strong>5D \u015feklinde<\/strong> ifade ediliyor. A\u00e7\u0131l\u0131m\u0131na bakt\u0131\u011f\u0131m\u0131zda <strong>5D\u2019nin<\/strong> i\u00e7inde<strong> merkezsizle\u015fme (decentralization), dijitalle\u015fme (digitalization), karbonsuzla\u015fma (decarburization), demokratikle\u015ftirme (democratization) <\/strong>ve<strong> serbestle\u015fme (deregulation)<\/strong> kavramlar\u0131n\u0131 g\u00f6r\u00fcyoruz. Bu terimler yaln\u0131zca <strong>sanayi<\/strong> ve <strong>sosyo-teknik yap\u0131y\u0131<\/strong> de\u011fil ayn\u0131 zamanda <strong>kurumsal \u015firketlerin<\/strong> ana faaliyet alanlar\u0131n\u0131 ve kendilerine dair bilgilerini de de\u011fi\u015ftirdi. Ayr\u0131ca, <strong>geleneksel i\u015f modellerinin<\/strong> bu t\u00fcr ge\u00e7i\u015flerde <strong>art\u0131k i\u015fe yaramad\u0131\u011f\u0131<\/strong> ve <strong>hizmet odakl\u0131<\/strong> yeni yakla\u015f\u0131mlar\u0131n <strong>ekonomik f\u0131rsatlar\u0131 yakalamada<\/strong> ve <strong>i\u015f y\u00f6netiminde avantaj sa\u011flad\u0131\u011f\u0131<\/strong> giderek daha net anla\u015f\u0131l\u0131yor. \u0130\u015fte bu y\u00fczden, <strong>s\u00fcrd\u00fcr\u00fclebilir bir gelecek<\/strong> i\u00e7in<strong> inovatif teknolojilerden<\/strong> yararlanarak <strong>d\u00fc\u015f\u00fck karbon enerjisi<\/strong> pazar\u0131n\u0131 geli\u015ftirmeli; <strong>\u00fcretimi, rekabet\u00e7ili\u011fi<\/strong> ve <strong>\u00e7evresel duyarl\u0131l\u0131\u011f\u0131 art\u0131rmal\u0131y\u0131z\u201d.<\/strong><\/p>","protected":false},"excerpt":{"rendered":"<p>Sorry, this entry is only available in Turkish. For the sake of viewer convenience, the content is shown below in the alternative language. You may click the link to switch the active language. Enerjisa Enerji CEO\u2019su Murat P\u0131nar, Portekiz\u2019in Estoril kentinde 28\u2019incisi d\u00fczenlenen EUREKA K\u00fcresel \u0130novasyon Zirvesi\u2019nde yapt\u0131\u011f\u0131 konu\u015fmada, i\u015f d\u00fcnyas\u0131n\u0131n pandemi sonras\u0131 ortaya \u00e7\u0131kan [&hellip;]<\/p>\n","protected":false},"author":1,"featured_media":158078,"comment_status":"open","ping_status":"open","sticky":false,"template":"","format":"standard","meta":[],"categories":[51,53],"tags":[104272,78966,104271,104268,83911,86898,104270,33828,104269],"views":63,"_links":{"self":[{"href":"https:\/\/www.enerjigazetesi.ist\/en\/wp-json\/wp\/v2\/posts\/158073"}],"collection":[{"href":"https:\/\/www.enerjigazetesi.ist\/en\/wp-json\/wp\/v2\/posts"}],"about":[{"href":"https:\/\/www.enerjigazetesi.ist\/en\/wp-json\/wp\/v2\/types\/post"}],"author":[{"embeddable":true,"href":"https:\/\/www.enerjigazetesi.ist\/en\/wp-json\/wp\/v2\/users\/1"}],"replies":[{"embeddable":true,"href":"https:\/\/www.enerjigazetesi.ist\/en\/wp-json\/wp\/v2\/comments?post=158073"}],"version-history":[{"count":0,"href":"https:\/\/www.enerjigazetesi.ist\/en\/wp-json\/wp\/v2\/posts\/158073\/revisions"}],"wp:featuredmedia":[{"embeddable":true,"href":"https:\/\/www.enerjigazetesi.ist\/en\/wp-json\/wp\/v2\/media\/158078"}],"wp:attachment":[{"href":"https:\/\/www.enerjigazetesi.ist\/en\/wp-json\/wp\/v2\/media?parent=158073"}],"wp:term":[{"taxonomy":"category","embeddable":true,"href":"https:\/\/www.enerjigazetesi.ist\/en\/wp-json\/wp\/v2\/categories?post=158073"},{"taxonomy":"post_tag","embeddable":true,"href":"https:\/\/www.enerjigazetesi.ist\/en\/wp-json\/wp\/v2\/tags?post=158073"}],"curies":[{"name":"wp","href":"https:\/\/api.w.org\/{rel}","templated":true}]}}