{"id":158050,"date":"2022-06-24T19:20:23","date_gmt":"2022-06-24T16:20:23","guid":{"rendered":"https:\/\/www.enerjigazetesi.ist\/?p=158050"},"modified":"2022-06-24T19:20:58","modified_gmt":"2022-06-24T16:20:58","slug":"gundermym-nin-farkindalik-seminerlerinin-4uncusu-izmirde-yapilacak","status":"publish","type":"post","link":"https:\/\/www.enerjigazetesi.ist\/en\/gundermym-nin-farkindalik-seminerlerinin-4uncusu-izmirde-yapilacak\/","title":{"rendered":"(Turkish) &#8217;G\u00dcNDERMYM&#8217;nin Fark\u0131ndal\u0131k Seminerleri\u2019nin 4&#8217;\u00fcnc\u00fcs\u00fc \u0130zmir\u2019de Yap\u0131lacak"},"content":{"rendered":"<p class=\"qtranxs-available-languages-message qtranxs-available-languages-message-en\">Sorry, this entry is only available in <a href=\"https:\/\/www.enerjigazetesi.ist\/tr\/wp-json\/wp\/v2\/posts\/158050\" class=\"qtranxs-available-language-link qtranxs-available-language-link-tr\" title=\"Turkish\">Turkish<\/a>. For the sake of viewer convenience, the content is shown below in the alternative language. You may click the link to switch the active language.<\/p><p><\/p>\n<h2><strong>G\u00dcNDER\u2019in <em>T.C. \u00c7al\u0131\u015fma ve Sosyal G\u00fcvenlik Bakanl\u0131\u011f\u0131 Avrupa Birli\u011fi ve Mali Yard\u0131mlar Dairesi Ba\u015fkanl\u0131\u011f\u0131<\/em> ile imzalanan hibe s\u00f6zle\u015fmesi kapsam\u0131nda, G\u00dcNDER VOC Test Merkezleri Projesi (G\u00dcNDERMYM) i\u00e7in T\u00fcrkiye\u2019nin 7 b\u00f6lgesinde fark\u0131ndal\u0131k seminerleri d\u00fczenlenecek.<\/strong><\/h2>\n<p><strong>Eg\u0306itim<\/strong> ve <strong>istihdam<\/strong> aras\u0131ndaki bag\u0306\u0131n gu\u0308c\u0327lendirilmesi hedefiyle yola \u00e7\u0131kan G\u00dcNDERMYM, g\u00fcne\u015f enerjisi sekt\u00f6r\u00fc i\u00e7in nitelikli ve <strong>belgeli is\u0327gu\u0308cu\u0308<\/strong> gelis\u0327tirerek, kat\u0131l\u0131mc\u0131lar\u0131n <strong>sertifikasyon sistemi<\/strong>, <strong>iklim de\u011fi\u015fikli\u011fi <\/strong>ve <strong>g\u00fcne\u015f enerjisi sekt\u00f6r\u00fcndeki<\/strong> <em>kad\u0131n istihdam\u0131n\u0131n desteklenmesi<\/em> konusunda <img loading=\"lazy\" class=\"alignright wp-image-158052\" src=\"https:\/\/www.enerjigazetesi.ist\/wp-content\/uploads\/2022\/06\/gundermym-nin-farkindalik-seminerlerinin-4uncusu-izmirde-yapilacak.jpg\" alt=\"\" width=\"320\" height=\"168\" srcset=\"https:\/\/www.enerjigazetesi.ist\/wp-content\/uploads\/2022\/06\/gundermym-nin-farkindalik-seminerlerinin-4uncusu-izmirde-yapilacak.jpg 550w, https:\/\/www.enerjigazetesi.ist\/wp-content\/uploads\/2022\/06\/gundermym-nin-farkindalik-seminerlerinin-4uncusu-izmirde-yapilacak-300x157.jpg 300w, https:\/\/www.enerjigazetesi.ist\/wp-content\/uploads\/2022\/06\/gundermym-nin-farkindalik-seminerlerinin-4uncusu-izmirde-yapilacak-500x262.jpg 500w, https:\/\/www.enerjigazetesi.ist\/wp-content\/uploads\/2022\/06\/gundermym-nin-farkindalik-seminerlerinin-4uncusu-izmirde-yapilacak-80x42.jpg 80w\" sizes=\"(max-width: 320px) 100vw, 320px\" \/>fark\u0131ndal\u0131klar\u0131n\u0131 art\u0131rmak i\u00e7in <strong>7 b\u00f6lgede<\/strong> seminer d\u00fczenleyecek.<\/p>\n<p>G\u00dcNDERMYM ile kurulacak olan mesleki yeterlilik merkezi;<strong> tekniker, teknisyen <\/strong>ve<strong> m\u00fchendis<\/strong> seviyesinde kurulum dahil olmak \u00fczere, <strong>asgari standartlar\u0131n, ulusal<\/strong> ve <strong>uluslararas\u0131 yeterliliklerin belirlenmesine<\/strong> katk\u0131 sunacak. Ulusal Yeterliliklere \u0130li\u015fkin <strong>Europass Sertifika<\/strong> kapsam\u0131nda, gerek yurt i\u00e7inde, gerekse Avrupa Birli\u011fi\u2019nde, <strong>istihdam\u0131n<\/strong>, <strong>kurulum maliyetlerinin do\u011fru y\u00f6netilmesi<\/strong> ve<strong> i\u015f g\u00fcvenli\u011finden<\/strong> en \u00fcst d\u00fczeyde faydalan\u0131lmas\u0131 hedefleniyor.<\/p>\n<h3><strong>G\u00dcNDER Ekibinin, Sekt\u00f6r Temsilcilerinin ve Mesleki Yeterlilik alan\u0131nda uzman konu\u015fmac\u0131lar\u0131n yer alaca\u011f\u0131 G\u00dcNDERMYM\u2019nin fark\u0131ndal\u0131k seminerlerinin 4&#8217;\u00fcnc\u00fcs\u00fc 28 Haziran 2022 Sal\u0131 g\u00fcn\u00fc \u0130zmir\u2019de d\u00fczenlenecek olup seminerler, Ankara, Elaz\u0131\u011f ve Antalya\u2019da ger\u00e7ekle\u015ftirildi.<\/strong><\/h3>\n<h3><strong>G\u00dcNDERMYM 7 B\u00d6LGE FARKINDALIK SEM\u0130NELER\u0130-4*<\/strong><\/h3>\n<p><strong>28 HAZ\u0130RAN 2022, SALI &#8211; <\/strong><strong>H\u0130LTON GARDEN INN \u0130ZM\u0130R BAYRAKLI &#8211; <\/strong><strong>SAAT: <\/strong>10:00-14:00<\/p>\n<h3><strong>PROGRAM:<\/strong><\/h3>\n<p>&#8211; \u0130KL\u0130M DE\u011e\u0130\u015e\u0130KL\u0130\u011e\u0130 VE YEN\u0130LENEB\u0130L\u0130R ENERJ\u0130 SUNUMU<br \/>\n&#8211; G\u00dcNE\u015e ENERJ\u0130S\u0130 SEKT\u00d6R\u00dcNDE N\u0130TEL\u0130KL\u0130 \u0130\u015eG\u00dcC\u00dc VE KADIN \u0130ST\u0130HDAMI SUNUMU<br \/>\n&#8211; MESLEK\u0130 YETERL\u0130L\u0130K VE KAL\u0130TE Y\u00d6NET\u0130M S\u0130STEM\u0130 SUNUMU<br \/>\n&#8211; G\u00dcNDERMYM PROJE TANITIMI<br \/>\n&#8211; KATILIMCILAR \u0130\u00c7\u0130N SERT\u0130F\u0130KA T\u00d6REN\u0130<br \/>\n&#8211; NETWORKING \u00d6\u011eLE YEME\u011e\u0130<\/p>\n<p><strong>Ayr\u0131nt\u0131l\u0131 Bilgi ve Kay\u0131t i\u00e7in:<\/strong><strong>\u00a0<a href=\"mailto:bilgi@gunder.org.tr\">bilgi@gunder.org.tr <\/a><\/strong>&#8211;\u00a0<strong>Tel: <\/strong>0312 418 18 87<\/p>\n<p><em><strong>*\u00dccretsiz etkinli\u011fimizde s\u0131n\u0131rl\u0131 say\u0131da kontenjan bulunmakta olup, \u00f6nceden kay\u0131t yap\u0131lmas\u0131 gerekmektedir.<\/strong><\/em><\/p>\n<p>G\u00dcNDERMYM taraf\u0131ndan T\u00fcrkiye\u2019nin t\u00fcm b\u00f6lgelerinde d\u00fczenlenecek di\u011fer fark\u0131ndal\u0131k seminerleri i\u00e7in <strong>G\u00dcNDER<\/strong>\u2019in ve<strong> G\u00dcNDERMYM<\/strong>\u2019nin sosyal medya hesaplar\u0131n\u0131 da takip edebilirsiniz.<\/p>\n<p><strong>G\u00dcNDERMYM web sitesine ula\u015fmak i\u00e7in <a href=\"https:\/\/www.gundermym.com\/\" target=\"_blank\" rel=\"noopener\">T\u0131klay\u0131n&gt;&gt;&gt;<\/a><\/strong><\/p>","protected":false},"excerpt":{"rendered":"<p>Sorry, this entry is only available in Turkish. For the sake of viewer convenience, the content is shown below in the alternative language. You may click the link to switch the active language. G\u00dcNDER\u2019in T.C. \u00c7al\u0131\u015fma ve Sosyal G\u00fcvenlik Bakanl\u0131\u011f\u0131 Avrupa Birli\u011fi ve Mali Yard\u0131mlar Dairesi Ba\u015fkanl\u0131\u011f\u0131 ile imzalanan hibe s\u00f6zle\u015fmesi kapsam\u0131nda, G\u00dcNDER VOC Test [&hellip;]<\/p>\n","protected":false},"author":1,"featured_media":158052,"comment_status":"open","ping_status":"open","sticky":false,"template":"","format":"standard","meta":[],"categories":[51,53,49],"tags":[104256,104255,103592,2206,76929],"views":234,"_links":{"self":[{"href":"https:\/\/www.enerjigazetesi.ist\/en\/wp-json\/wp\/v2\/posts\/158050"}],"collection":[{"href":"https:\/\/www.enerjigazetesi.ist\/en\/wp-json\/wp\/v2\/posts"}],"about":[{"href":"https:\/\/www.enerjigazetesi.ist\/en\/wp-json\/wp\/v2\/types\/post"}],"author":[{"embeddable":true,"href":"https:\/\/www.enerjigazetesi.ist\/en\/wp-json\/wp\/v2\/users\/1"}],"replies":[{"embeddable":true,"href":"https:\/\/www.enerjigazetesi.ist\/en\/wp-json\/wp\/v2\/comments?post=158050"}],"version-history":[{"count":0,"href":"https:\/\/www.enerjigazetesi.ist\/en\/wp-json\/wp\/v2\/posts\/158050\/revisions"}],"wp:featuredmedia":[{"embeddable":true,"href":"https:\/\/www.enerjigazetesi.ist\/en\/wp-json\/wp\/v2\/media\/158052"}],"wp:attachment":[{"href":"https:\/\/www.enerjigazetesi.ist\/en\/wp-json\/wp\/v2\/media?parent=158050"}],"wp:term":[{"taxonomy":"category","embeddable":true,"href":"https:\/\/www.enerjigazetesi.ist\/en\/wp-json\/wp\/v2\/categories?post=158050"},{"taxonomy":"post_tag","embeddable":true,"href":"https:\/\/www.enerjigazetesi.ist\/en\/wp-json\/wp\/v2\/tags?post=158050"}],"curies":[{"name":"wp","href":"https:\/\/api.w.org\/{rel}","templated":true}]}}