{"id":158015,"date":"2022-06-24T10:39:21","date_gmt":"2022-06-24T07:39:21","guid":{"rendered":"https:\/\/www.enerjigazetesi.ist\/?p=158015"},"modified":"2022-06-24T10:40:59","modified_gmt":"2022-06-24T07:40:59","slug":"petronas-turkiye-den-iona-serisi-ile-elektrikli-araclara-ozel-cozumler","status":"publish","type":"post","link":"https:\/\/www.enerjigazetesi.ist\/en\/petronas-turkiye-den-iona-serisi-ile-elektrikli-araclara-ozel-cozumler\/","title":{"rendered":"(Turkish) &#8217;PETRONAS T\u00fcrkiye&#8217;den IONA Serisi ile Elektrikli Ara\u00e7lara \u00d6zel \u00c7\u00f6z\u00fcmler"},"content":{"rendered":"<p class=\"qtranxs-available-languages-message qtranxs-available-languages-message-en\">Sorry, this entry is only available in <a href=\"https:\/\/www.enerjigazetesi.ist\/tr\/wp-json\/wp\/v2\/posts\/158015\" class=\"qtranxs-available-language-link qtranxs-available-language-link-tr\" title=\"Turkish\">Turkish<\/a>. For the sake of viewer convenience, the content is shown below in the alternative language. You may click the link to switch the active language.<\/p><p><\/p>\n<h2><em>PETRONAS Madeni Ya\u011flar T\u00fcrkiye ve Orta Do\u011fu Genel M\u00fcd\u00fcr\u00fc<\/em> Burak I\u015f\u0131ldak hibrit ve elektrikli ara\u00e7 pazar\u0131n\u0131 de\u011ferlendirdi ve bu segmente y\u00f6nelik \u00e7\u00f6z\u00fcmleri IONA Serisi\u2019nin \u00f6zelliklerini payla\u015ft\u0131. Genel M\u00fcd\u00fcr Burak I\u015f\u0131ldak: <em>\u201cElektrikli ara\u00e7 pazar\u0131 olduk\u00e7a dinamik ve \u00e7ok par\u00e7al\u0131 durumda. 2021&#8217;de sat\u0131\u015flar 2020&#8217;ye g\u00f6re 2&#8217;ye katland\u0131. K\u00fcresel \u00f6l\u00e7ekte elektrikli ara\u00e7 say\u0131s\u0131 neredeyse 6,5 milyon otomobile ula\u015ft\u0131. Sat\u0131\u015flar\u0131n %50&#8217;si \u00c7in&#8217;de ger\u00e7ekle\u015fti. 2021&#8217;de elektrikli otomobiller, toplam otomobil sat\u0131\u015flar\u0131n\u0131n %10&#8217;unu temsil etti. T\u00fcrkiye\u2019de de benzer bir durum var.\u201d<\/em><\/h2>\n<h3><strong>Elektrikli Ara\u00e7lara \u00d6zel IONA \u00dcr\u00fcn Gam\u0131 2019\u2019da Cenevre\u2019de tan\u0131t\u0131ld\u0131<\/strong><strong>\u00a0<\/strong><\/h3>\n<p>Elektrikli ara\u00e7lara h\u0131zl\u0131 ge\u00e7i\u015fi engelleyen baz\u0131 fakt\u00f6rler bulundu\u011funu ifade eden <em>PETRONAS Madeni Ya\u011flar T\u00fcrkiye ve Orta Do\u011fu Genel M\u00fcd\u00fcr\u00fc<\/em> <strong>Burak I\u015f\u0131ldak<\/strong>, <em>\u201cBiri d\u00fc\u015f\u00fck kilometre menzili endi\u015fesi, di\u011feri \u015farj istasyonlar\u0131n\u0131n azl\u0131\u011f\u0131, ayr\u0131ca<strong> yar\u0131 iletkenlerin<\/strong> ve<strong> hammaddelerin bulunabilirli\u011fi<\/strong> ile <img loading=\"lazy\" class=\"alignright wp-image-158017\" src=\"https:\/\/www.enerjigazetesi.ist\/wp-content\/uploads\/2022\/06\/petronas-turkiye-den-iona-serisi-ile-elektrikli-araclara-ozel-cozumler-2.jpg\" alt=\"\" width=\"320\" height=\"222\" srcset=\"https:\/\/www.enerjigazetesi.ist\/wp-content\/uploads\/2022\/06\/petronas-turkiye-den-iona-serisi-ile-elektrikli-araclara-ozel-cozumler-2.jpg 550w, https:\/\/www.enerjigazetesi.ist\/wp-content\/uploads\/2022\/06\/petronas-turkiye-den-iona-serisi-ile-elektrikli-araclara-ozel-cozumler-2-300x208.jpg 300w, https:\/\/www.enerjigazetesi.ist\/wp-content\/uploads\/2022\/06\/petronas-turkiye-den-iona-serisi-ile-elektrikli-araclara-ozel-cozumler-2-500x346.jpg 500w, https:\/\/www.enerjigazetesi.ist\/wp-content\/uploads\/2022\/06\/petronas-turkiye-den-iona-serisi-ile-elektrikli-araclara-ozel-cozumler-2-72x50.jpg 72w\" sizes=\"(max-width: 320px) 100vw, 320px\" \/>ilgili endi\u015feler ve son olarak ortalama kullan\u0131c\u0131 i\u00e7in <strong>elektrikli ara\u00e7 fiyatlar\u0131n\u0131n<\/strong> hala \u00e7ok y\u00fcksek olmas\u0131 da bir di\u011fer etkendir\u201d<\/em> bilgilerini aktard\u0131.<\/p>\n<p>Halen y\u00fcksek olan fiyatlar\u0131 nedeniyle <strong>%100<\/strong> tam elektrikli ara\u00e7lara ge\u00e7meden \u00f6nce <strong>hibrit otomobillerin<\/strong> temsil etti\u011fi bir ara a\u015faman\u0131n ya\u015fanaca\u011f\u0131n\u0131 anlatan Burak I\u015f\u0131ldak, <em>\u201cPETRONAS proaktif olarak yeni teknolojilerin geli\u015ftirilmesi \u00fczerinde \u00e7al\u0131\u015fmaktad\u0131r. Kendimizi elektrikli ara\u00e7lar i\u00e7in gerekli s\u0131v\u0131lar\u0131n geli\u015ftirilmesinde sekt\u00f6r \u00f6nc\u00fcs\u00fc olarak g\u00f6r\u00fcyoruz. PETRONAS, yeni ula\u015f\u0131m s\u00fcrecinin s\u00fcrekli evriminde ihtiya\u00e7lar\u0131 kar\u015f\u0131lamak i\u00e7in motor s\u0131v\u0131lar\u0131 teknolojisi sayesinde <strong>iklim de\u011fi\u015fikli\u011fiyle m\u00fccadele<\/strong> etmek ve <strong>CO<sub>2\u00a0<\/sub>emisyonlar\u0131n\u0131 azaltmak<\/strong> i\u00e7in ortaya \u00e7\u0131kard\u0131\u011f\u0131 PETRONAS IONA \u00fcr\u00fcn gam\u0131n\u0131 <strong>2019 Cenevre Uluslararas\u0131 Otomobil Fuar\u0131<\/strong>&#8216;nda sunmu\u015ftu\u201d<\/em> ifadelerini kulland\u0131.<\/p>\n<h3><strong>Elektrikli Ara\u00e7lar i\u00e7in M\u00fckemmel A\u015f\u0131nma Kontrol\u00fc ve Enerji Verimlili\u011fi M\u00fcmk\u00fcn<\/strong><\/h3>\n<p><em>PETRONAS Madeni Ya\u011flar T\u00fcrkiye ve Orta Do\u011fu Genel M\u00fcd\u00fcr\u00fc<\/em> <strong>Burak I\u015f\u0131ldak<\/strong> IONA Serisi\u2019yle ilgili \u015fu bilgileri aktar\u0131yor: <em>\u201c<strong>Elektrikli aktar\u0131m (EDU) teknolojisi<\/strong> i\u00e7in form\u00fcle edilmi\u015f d\u00fc\u015f\u00fck viskoziteli s\u0131v\u0131lar, dayan\u0131kl\u0131l\u0131k i\u00e7in m\u00fckemmel <strong>a\u015f\u0131nma kontrol\u00fc<\/strong> ve <strong>EDU enerji verimlili\u011fini art\u0131rmak<\/strong> i\u00e7in d\u00fc\u015f\u00fck s\u00fcrt\u00fcnme, yani daha<strong> uzun s\u00fcr\u00fc\u015f aral\u0131\u011f\u0131, \u015farjlar<\/strong> aras\u0131nda daha fazla kilometre imk\u00e2n\u0131 tan\u0131yor. Ayr\u0131ca <strong>pil \u0131s\u0131s\u0131 y\u00f6netimi s\u0131v\u0131lar\u0131<\/strong>, m\u00fckemmel <strong>termal \u00f6zelliklere<\/strong> sahip geleneksel su glikol tipi s\u0131v\u0131lar i\u00e7in so\u011futma \u00e7\u00f6z\u00fcmleri sa\u011fl\u0131yor.\u201d<\/em><\/p>\n<p>Ya\u015fanan h\u0131zl\u0131 donan\u0131m de\u011fi\u015fiklikleri ve giderek artan m\u00fc\u015fteri taleplerini kar\u015f\u0131lamak i\u00e7in PETRONAS\u2019\u0131n, halihaz\u0131rda<strong> 2&#8217;inci nesil s\u0131v\u0131lar<\/strong> \u00fczerinde \u00e7al\u0131\u015ft\u0131\u011f\u0131 bilgisini veren Genel M\u00fcd\u00fcr <strong>Burak I\u015f\u0131ldak<\/strong>, <em>\u201cBir s\u00fcredir, IONA Yeni Nesil \u00fcr\u00fcn gam\u0131n\u0131 geli\u015ftiriyoruz. Belirli bir ge\u00e7mi\u015fe ve becerilere sahip yeni kaynaklara ve yeni laboratuvar ekipmanlar\u0131na ve mekanik test yeteneklerine \u00e7ok fazla yat\u0131r\u0131m yap\u0131yoruz. Bir\u00e7ok ara\u00e7 \u00fcreticisinin yan\u0131 s\u0131ra <strong>e tedarik\u00e7ilerle<\/strong> yak\u0131n i\u015f birli\u011fi yaparak yeni donan\u0131m tasar\u0131mlar\u0131 i\u00e7in \u00f6zel elektrikli ara\u00e7 s\u0131v\u0131s\u0131 \u00e7\u00f6z\u00fcmleri geli\u015ftirmeye odaklan\u0131yoruz\u201d<\/em> ifadelerini kulland\u0131.<\/p>\n<h3><strong>Yak\u0131n Gelecekte Farkl\u0131 Noktalarda Kullan\u0131m Artacak<\/strong><\/h3>\n<p>Yak\u0131n gelecekte binek ara\u00e7lar\u0131n yan\u0131 s\u0131ra, ticari ara\u00e7larda, \u00f6zellikle hafif hizmet tipi ara\u00e7lar ve otob\u00fcslerde <strong>elektrikli ara\u00e7 s\u0131v\u0131lar\u0131na<\/strong> y\u00f6nelik talepte art\u0131\u015f g\u00f6r\u00fclece\u011fini belirten <em>PETRONAS Madeni Ya\u011flar T\u00fcrkiye ve Orta Do\u011fu Genel M\u00fcd\u00fcr\u00fc<\/em> <strong>Burak I\u015f\u0131ldak:<\/strong><em> \u201c\u00d6zellikle hava kalitesinin (d\u00fc\u015f\u00fck\/s\u0131f\u0131r egzoz emisyonu) \u00e7ok \u00f6nemli oldu\u011fu, \u00f6rne\u011fin <strong>\u015fehir i\u00e7i \u015fantiyeler, yeralt\u0131 madenleri<\/strong> gibi ortamlarda kullan\u0131lan <strong>makinelerde, i\u015f makinelerinde<\/strong> elektrikli ara\u00e7 s\u0131v\u0131lar\u0131na ihtiya\u00e7 olaca\u011f\u0131n\u0131 d\u00fc\u015f\u00fcn\u00fcyoruz. Ayr\u0131ca <strong>IONA s\u0131v\u0131lar\u0131<\/strong>n\u0131, <strong>Elektrikli Ara\u00e7 h\u0131zl\u0131 \u015farj noktalar\u0131<\/strong> ve <strong>veri y\u00f6netim merkezleri<\/strong> i\u00e7in <strong>so\u011futma s\u0131v\u0131lar\u0131<\/strong> sunulmas\u0131 gibi di\u011fer uygulama alanlar\u0131na geni\u015fletme f\u0131rsatlar\u0131n\u0131 da ara\u015ft\u0131r\u0131yoruz\u201d<\/em> ifadelerini kulland\u0131.<\/p>\n<p><strong>Detayl\u0131 Bilgi \u0130\u00e7in:<\/strong> <a href=\"https:\/\/www.pli-petronas.com\/tr-tr\/otomotiv\" target=\"_blank\" rel=\"noopener\">https:\/\/www.pli-petronas.com\/tr-tr\/otomotiv<\/a> adresini ziyaret edebilirsiniz.<\/p>","protected":false},"excerpt":{"rendered":"<p>Sorry, this entry is only available in Turkish. For the sake of viewer convenience, the content is shown below in the alternative language. You may click the link to switch the active language. PETRONAS Madeni Ya\u011flar T\u00fcrkiye ve Orta Do\u011fu Genel M\u00fcd\u00fcr\u00fc Burak I\u015f\u0131ldak hibrit ve elektrikli ara\u00e7 pazar\u0131n\u0131 de\u011ferlendirdi ve bu segmente y\u00f6nelik \u00e7\u00f6z\u00fcmleri [&hellip;]<\/p>\n","protected":false},"author":1,"featured_media":158018,"comment_status":"open","ping_status":"open","sticky":false,"template":"","format":"standard","meta":[],"categories":[51,53,52,44,157],"tags":[104223,104225,98626,1270,104224,37517,104222,104226],"views":211,"_links":{"self":[{"href":"https:\/\/www.enerjigazetesi.ist\/en\/wp-json\/wp\/v2\/posts\/158015"}],"collection":[{"href":"https:\/\/www.enerjigazetesi.ist\/en\/wp-json\/wp\/v2\/posts"}],"about":[{"href":"https:\/\/www.enerjigazetesi.ist\/en\/wp-json\/wp\/v2\/types\/post"}],"author":[{"embeddable":true,"href":"https:\/\/www.enerjigazetesi.ist\/en\/wp-json\/wp\/v2\/users\/1"}],"replies":[{"embeddable":true,"href":"https:\/\/www.enerjigazetesi.ist\/en\/wp-json\/wp\/v2\/comments?post=158015"}],"version-history":[{"count":0,"href":"https:\/\/www.enerjigazetesi.ist\/en\/wp-json\/wp\/v2\/posts\/158015\/revisions"}],"wp:featuredmedia":[{"embeddable":true,"href":"https:\/\/www.enerjigazetesi.ist\/en\/wp-json\/wp\/v2\/media\/158018"}],"wp:attachment":[{"href":"https:\/\/www.enerjigazetesi.ist\/en\/wp-json\/wp\/v2\/media?parent=158015"}],"wp:term":[{"taxonomy":"category","embeddable":true,"href":"https:\/\/www.enerjigazetesi.ist\/en\/wp-json\/wp\/v2\/categories?post=158015"},{"taxonomy":"post_tag","embeddable":true,"href":"https:\/\/www.enerjigazetesi.ist\/en\/wp-json\/wp\/v2\/tags?post=158015"}],"curies":[{"name":"wp","href":"https:\/\/api.w.org\/{rel}","templated":true}]}}