{"id":157926,"date":"2022-06-23T12:45:37","date_gmt":"2022-06-23T09:45:37","guid":{"rendered":"https:\/\/www.enerjigazetesi.ist\/?p=157926"},"modified":"2022-06-23T12:55:59","modified_gmt":"2022-06-23T09:55:59","slug":"yesil-donusum-bireysel-kurumsal-ve-ulusal-politikamiz-haline-gelmeli","status":"publish","type":"post","link":"https:\/\/www.enerjigazetesi.ist\/en\/yesil-donusum-bireysel-kurumsal-ve-ulusal-politikamiz-haline-gelmeli\/","title":{"rendered":"(Turkish) &#8221;Ye\u015fil D\u00f6n\u00fc\u015f\u00fcm Bireysel, Kurumsal ve Ulusal Politikam\u0131z Haline Gelmeli&#8221;"},"content":{"rendered":"<p class=\"qtranxs-available-languages-message qtranxs-available-languages-message-en\">Sorry, this entry is only available in <a href=\"https:\/\/www.enerjigazetesi.ist\/tr\/wp-json\/wp\/v2\/posts\/157926\" class=\"qtranxs-available-language-link qtranxs-available-language-link-tr\" title=\"Turkish\">Turkish<\/a>. For the sake of viewer convenience, the content is shown below in the alternative language. You may click the link to switch the active language.<\/p><p><\/p>\n<h2><strong>T\u00fcrk Giri\u015fim ve \u0130\u015f D\u00fcnyas\u0131 Konfederasyonu (T\u00dcRKONFED), <\/strong>120\u2019yi a\u015fk\u0131n \u00fclkede faaliyetlerini s\u00fcrd\u00fcren <strong>Konrad-Adenauer-Stiftung (KAS) <\/strong>i\u015f birli\u011fi ve Akbank\u2019\u0131n deste\u011fiyle \u015eubat&#8217;ta ba\u015flat\u0131lan &#8220;<strong>KOB\u0130\u2019ler i\u00e7in Ye\u015fil D\u00f6n\u00fc\u015f\u00fcm Projesi<\/strong>\u201dnin 6&#8217;\u0131nc\u0131 etkinli\u011fi Gaziantep\u2019te d\u00fczenlendi.<\/h2>\n<p><strong>G\u00fcneydo\u011fu Sanayi ve \u0130\u015f D\u00fcnyas\u0131 Federasyonu (G\u00dcNS\u0130FED) <\/strong>ev sahipli\u011finde yap\u0131lan etkinli\u011fe <strong>Gaziantep Valisi Davut G\u00fcl<\/strong>\u2019\u00fcn yan\u0131 s\u0131ra \u00f6zel sekt\u00f6r ve sivil toplum kurulu\u015flar\u0131n\u0131n temsilcileri kat\u0131l\u0131m g\u00f6sterdi. Etkinlikte, <strong>ye\u015fil d\u00f6n\u00fc\u015f\u00fcm<\/strong>\u00fcn i\u015f d\u00fcnyas\u0131 i\u00e7in \u00f6nemi ve kurumlar\u0131n <strong>Avrupa Ye\u015fil <\/strong><strong>Mutabakat\u0131<\/strong> <strong>(AYM)<\/strong> kapsam\u0131ndaki d\u00f6n\u00fc\u015f\u00fcme adaptasyonu<strong> b\u00f6lgedeki payda\u015flar<\/strong> ile birlikte ele <img loading=\"lazy\" class=\"alignright wp-image-157928\" src=\"https:\/\/www.enerjigazetesi.ist\/wp-content\/uploads\/2022\/06\/yesil-donusum-bireysel-kurumsal-ve-ulusal-politikamiz-haline-gelmeli.jpg\" alt=\"\" width=\"320\" height=\"223\" srcset=\"https:\/\/www.enerjigazetesi.ist\/wp-content\/uploads\/2022\/06\/yesil-donusum-bireysel-kurumsal-ve-ulusal-politikamiz-haline-gelmeli.jpg 550w, https:\/\/www.enerjigazetesi.ist\/wp-content\/uploads\/2022\/06\/yesil-donusum-bireysel-kurumsal-ve-ulusal-politikamiz-haline-gelmeli-300x209.jpg 300w, https:\/\/www.enerjigazetesi.ist\/wp-content\/uploads\/2022\/06\/yesil-donusum-bireysel-kurumsal-ve-ulusal-politikamiz-haline-gelmeli-500x348.jpg 500w, https:\/\/www.enerjigazetesi.ist\/wp-content\/uploads\/2022\/06\/yesil-donusum-bireysel-kurumsal-ve-ulusal-politikamiz-haline-gelmeli-72x50.jpg 72w\" sizes=\"(max-width: 320px) 100vw, 320px\" \/>al\u0131nd\u0131.<\/p>\n<h3><strong>S\u00fcleyman S\u00f6nmez<\/strong><strong>: \u201c<\/strong><strong>KOB\u0130\u2019lerimiz ile AB aras\u0131nda ye\u015fil k\u00f6pr\u00fcler kurmal\u0131y\u0131z\u201d<\/strong><\/h3>\n<p>Do\u011fa ile uyumlu, <strong>\u00e7evre<\/strong> ile<strong> dost<\/strong>, d\u00fcnya kaynaklar\u0131n\u0131 hoyrat\u00e7a kullanmaya son veren bir ekonomi anlay\u0131\u015f\u0131n\u0131n k\u00fcresel \u00e7apta standart hale geldi\u011fini s\u00f6yleyen <strong>T\u00dcRKONFED Y\u00f6netim Kurulu Ba\u015fkan\u0131 S\u00fcleyman S\u00f6nmez,<\/strong> <em>\u201cEn b\u00fcy\u00fck ticari orta\u011f\u0131m\u0131z olan AB\u2019deki KOB\u0130&#8217;ler ile T\u00fcrkiye&#8217;deki KOB\u0130&#8217;lerin <strong>iklim krizi<\/strong> \u00f6ncelikleri ve zorluklar\u0131n\u0131n kesi\u015fti\u011fini g\u00f6rebiliyoruz. Bu zorluklar <strong>ye\u015fil finansman<\/strong>a eri\u015fim, <strong>eko-inovasyon<\/strong> kapasitesinin geli\u015ftirilmesi, bilgiye eri\u015fim ve yeni <strong>iklim mevzuat\u0131na uyum<\/strong>un getirdi\u011fi ek idari y\u00fck\u00fcn hafifletilmesi olarak s\u0131ralan\u0131yor. \u00dclkemizin ihracat\u0131n\u0131n \u00fc\u00e7te birinden fazlas\u0131n\u0131 \u00fcstlenen <strong>KOB\u0130<\/strong>\u2019lerimiz ile <strong>AB<\/strong> aras\u0131nda kurulacak <strong>ye\u015fil k\u00f6pr\u00fcler<\/strong> olmaks\u0131z\u0131n,<strong> Ye\u015fil Mutabakat hedefleri<\/strong>nin ger\u00e7ekle\u015fmesi m\u00fcmk\u00fcn g\u00f6r\u00fcnm\u00fcyor. Bu do\u011frultuda sorunlar\u0131m\u0131z\u0131 birlikte \u00e7\u00f6zmemize destek olacak ortak <strong>KOB\u0130 mekanizmalar\u0131<\/strong> ve <strong>platformlar\u0131<\/strong> olu\u015fturmal\u0131, KOB\u0130&#8217;lerin ye\u015fil d\u00f6n\u00fc\u015f\u00fcm\u00fcn\u00fc b\u00fct\u00fcnsel olarak ele almal\u0131y\u0131z. Ye\u015fil d\u00f6n\u00fc\u015f\u00fcm hem bireysel hem kurumsal hem de ulusal politikam\u0131z haline gelmeli. Bu do\u011frultuda h\u00fck\u00fcmetimizin k\u0131sa bir s\u00fcre \u00f6nce, \u00fclke ekonomimizde s\u00fcrd\u00fcr\u00fclebilirli\u011fi esas alacak bir <strong>iklim kanunu<\/strong>nu <strong>2022 y\u0131l\u0131 i\u00e7erisinde<\/strong> g\u00fcndeme getirece\u011fini a\u00e7\u0131klamas\u0131n\u0131 \u00f6nemli bir ad\u0131m olarak g\u00f6r\u00fcyor, <strong>ortak ak\u0131l<\/strong> ve <strong>isti\u015fare k\u00fclt\u00fcr\u00fc<\/strong> ile halihaz\u0131rda bir\u00e7ok bo\u015flu\u011fun bulundu\u011fu bu alanda gerekli d\u00fczenlemelerin yap\u0131laca\u011f\u0131na inan\u0131yoruz.\u201d<\/em><\/p>\n<h3><strong>Bekir \u00d6ncel: \u201cAYM, KOB\u0130\u2019ler i\u00e7in f\u0131rsatlar bar\u0131nd\u0131r\u0131yor\u201d<\/strong><\/h3>\n<p>T\u00fcrkiye ile Almanya aras\u0131ndaki diyalo\u011fu ve i\u015f birli\u011fini farkl\u0131 alanlarda geli\u015ftirmek ve peki\u015ftirmek \u00fczere 1985 y\u0131l\u0131nda faaliyetlerine ba\u015flad\u0131klar\u0131n\u0131 ifade eden <em>KAS T\u00fcrkiye Temsilcili\u011fi Proje Y\u00f6neticisi<\/em><strong> Bekir \u00d6ncel<\/strong>, T\u00fcrkiye\u2019nin AB \u00fcyelik s\u00fcrecini desteklemek i\u00e7in de \u00e7aba g\u00f6sterdiklerini dile getirdi. <strong>\u00d6ncel<\/strong> ayr\u0131ca T\u00fcrkiye\u2019nin ekonomik geli\u015fimini, <strong>sosyal piyasa ekonomisi<\/strong> kriterleri d\u00e2hilinde desteklemek ve \u00f6zellikle KOB\u0130\u2019lerin serbest rekabet ko\u015fullar\u0131 i\u00e7erisinde g\u00fc\u00e7lerini art\u0131rmak i\u00e7in ortaklar\u0131 ile <strong>e\u011fitim<\/strong> ve <strong>bilgilendirme etkinlikleri<\/strong> d\u00fczenlediklerini anlatt\u0131. Ye\u015fil d\u00f6n\u00fc\u015f\u00fcm s\u00fcrecini <strong>ekonomi<\/strong> ve<strong> \u00e7evre<\/strong> y\u00f6n\u00fcyle de\u011ferlendiren <strong>\u00d6ncel <\/strong>\u015funlar\u0131 s\u00f6yledi;<em> \u201cAYM, m\u00fcsebbibi insan olan ve d\u00fcnyadaki ya\u015fam alanlar\u0131m\u0131z\u0131 tehdit eden <strong>k\u00fcresel iklim de\u011fi\u015fiklikleri<\/strong> ve <strong>\u00e7evresel kirlenme etmenleri<\/strong>ni azaltman\u0131n ka\u00e7\u0131n\u0131lmaz zorunlulu\u011fun bir par\u00e7as\u0131n\u0131 olu\u015fturuyor. \u0130\u015fte bu nedenle AYM\u2019nin Avrupa ile \u00f6nemli ticaret hacmine sahip T\u00fcrk KOB\u0130\u2019lerine etkileri ve getirece\u011fi zorluklar\u0131n yan\u0131 s\u0131ra olu\u015fturabilece\u011fi f\u0131rsatlar \u00fczerine yap\u0131lan bu etkinlik serisinin faydal\u0131 olaca\u011f\u0131na inan\u0131yoruz.\u201d<\/em><\/p>\n<h3><strong>Melis \u00d6zde\u011firmenci: \u201cS\u00fcrd\u00fcr\u00fclebilirlik kapsam\u0131nda KOB\u0130\u2019lere \u00f6zel tasarlanan ilk ve en kapsaml\u0131 paketi \u00e7\u0131kard\u0131k\u201d<\/strong><\/h3>\n<p><em>Akbank KOB\u0130 Bankac\u0131l\u0131\u011f\u0131 Pazarlama B\u00f6l\u00fcm Ba\u015fkan\u0131<\/em> <strong>Melis \u00d6zde\u011firmenci, <\/strong><em>\u201cAkbank olarak t\u00fcm KOB\u0130\u2019lerin <strong>S\u0131n\u0131rda Karbon D\u00fczenlemesi<\/strong> sebebiyle kar\u015f\u0131la\u015facaklar\u0131 riskleri f\u0131rsata \u00e7evirmeleri ve rekabet g\u00fc\u00e7lerini art\u0131rmalar\u0131 i\u00e7in harekete ge\u00e7tik. Sekt\u00f6rde s\u00fcrd\u00fcr\u00fclebilirlik kapsam\u0131nda KOB\u0130\u2019lere \u00f6zel tasarlanan ilk ve en kapsaml\u0131 paket olan<strong> \u2018KOB\u0130 Eko D\u00f6n\u00fc\u015f\u00fcm Paketi\u2019<\/strong> ile KOB\u0130\u2019lerin <strong>karbon ayak izlerini azaltmaya<\/strong> ve <strong>enerji giderlerini d\u00fc\u015f\u00fcrmeye<\/strong> y\u00f6nelik t\u00fcm faaliyetleri <strong>te\u015fvik<\/strong> ve <strong>finanse etmeyi<\/strong> hedefliyoruz. <strong>KOB\u0130 Eko D\u00f6n\u00fc\u015f\u00fcm Paketi<\/strong>\u2019yle d\u00f6n\u00fc\u015f\u00fcm kapsam\u0131nda farkl\u0131 ama\u00e7lara hizmet eden \u00e7e\u015fitli kredi \u00fcr\u00fcnleri ile <strong>KOB\u0130\u2019lere finansman<\/strong> sa\u011flamay\u0131 ama\u00e7l\u0131yoruz. Bunun yan\u0131 s\u0131ra <strong>karbon ayak izi \u00f6l\u00e7\u00fcm\u00fc<\/strong>, \u015firket <strong>ESG analizi uygulamalar\u0131<\/strong> ve <strong>dan\u0131\u015fmanl\u0131k<\/strong> hizmetleriyle de KOB\u0130\u2019lerin mevcut durumlar\u0131n\u0131 ve geli\u015fim alanlar\u0131n\u0131 tespit edebilmesine olanak tan\u0131yoruz. \u0130\u015fletmelerin <strong>karbon ayak izlerinin azalt\u0131lmas\u0131<\/strong> oda\u011f\u0131nda<strong> \u2018Yenilenebilir Enerji Kredisi\u2019, ye\u015fil<\/strong> ve <strong>temiz enerjiye ge\u00e7i\u015fi<\/strong> i\u00e7in \u2018<strong>Enerji Verimlili\u011fi Kredisi\u2019<\/strong>, \u00e7evresel ayak izinin azalt\u0131lmas\u0131na y\u00f6nelik<strong> \u2018At\u0131k Y\u00f6netimi Kredisi\u2019, \u2018Su Y\u00f6netimi Kredisi\u2019, \u2018At\u0131k Su Y\u00f6netimi Kredisi\u2019, \u2018S\u00fcrd\u00fcr\u00fclebilir Tar\u0131m Kredisi\u2019<\/strong> ve mobilitenin d\u00fc\u015f\u00fck karbon ekonomisine ge\u00e7i\u015fine te\u015fvik i\u00e7in ise<strong> \u2018Temiz Ula\u015f\u0131m Kredisi\u2019<\/strong>ni KOB\u0130\u2019lerimizin hizmetine sunuyoruz. \u0130\u015fletme kredilerinde en fazla <strong>5<\/strong>, yat\u0131r\u0131m kredilerinde ise en fazla <strong>7 y\u0131l vadeli<\/strong> ve \u00f6demesiz d\u00f6nem i\u00e7eren kredilerin \u00f6deme planlar\u0131, m\u00fc\u015fterilerin nakit ak\u0131\u015f\u0131na g\u00f6re d\u00fczenleniyor ve her projenin <strong>s\u00fcrd\u00fcr\u00fclebilirlik performans\u0131na ba\u011fl\u0131<\/strong> olarak <strong>farkl\u0131 faiz oran\u0131<\/strong> uygulan\u0131yor. Bire bir dan\u0131\u015fmanl\u0131kla y\u00fcr\u00fctmeyi hedefledi\u011fimiz program\u0131<strong> finans d\u0131\u015f\u0131 hizmetlerle<\/strong> zenginle\u015ftirmeye devam edece\u011fiz\u201d<\/em> a\u00e7\u0131klamas\u0131nda bulundu.<\/p>\n<h3><strong>Enver \u00d6zt\u00fcrkmen: \u201c\u015eehirlerin kalk\u0131nma haritalar\u0131 ortak ak\u0131l ile belirlenebilir\u201d<\/strong><\/h3>\n<p><strong>G\u00dcNS\u0130FED Y\u00f6netim Kurulu Ba\u015fkan\u0131 Enver \u00d6zt\u00fcrkmen <\/strong>ise <em>kamu, belediyeler, sivil toplum, i\u015f d\u00fcnyas\u0131 kurumlar\u0131, akademi ve kentin ileri gelenleri<\/em> olmak \u00fczere yereldeki t\u00fcm akt\u00f6rlerin bir araya gelece\u011fi <strong>ortak ak\u0131l<\/strong> ve <strong>ortak vizyon<\/strong> ile <strong>\u015fehirlerin kalk\u0131nma yol haritalar\u0131<\/strong>n\u0131n belirlenebilece\u011fini ifade etti. <strong>\u00d6zt\u00fcrkmen,<\/strong> <em>\u201c<strong>Dijitalle\u015fme<\/strong> ile birlikte<strong> ye\u015fil d\u00f6n\u00fc\u015f\u00fcm<\/strong> i\u015fletmelerimize, b\u00f6lge ekonomimize ve \u00fclkemizin kaliteli b\u00fcy\u00fcmesine de yarar sa\u011flayacakt\u0131r. Karbon ayak izinden i\u015fletmelerde<strong> at\u0131k y\u00f6netimine, dijital d\u00f6n\u00fc\u015f\u00fcm ye\u015fil ekonomiye<\/strong> ge\u00e7i\u015fimizi de kolayla\u015ft\u0131racakt\u0131r. Di\u011fer yandan Avrupa\u2019n\u0131n <strong>b\u00fcy\u00fcme<\/strong> ve <strong>kalk\u0131nma stratejisi<\/strong> olarak uygulamaya ald\u0131\u011f\u0131, yasal \u00e7er\u00e7eve ve mevzuatlar\u0131n yan\u0131 s\u0131ra ye\u015fil finansman kaynaklar\u0131n\u0131n da planland\u0131\u011f\u0131<strong> Ye\u015fil D\u00f6n\u00fc\u015f\u00fcm<\/strong> \u00fclkemiz i\u00e7in riskler kadar \u00f6nemli f\u0131rsatlar da bar\u0131nd\u0131r\u0131yor. Risklerimizi azaltmak i\u00e7in uyum kapasitemizi g\u00fc\u00e7lendirmek, iklim stratejimizi olu\u015fturmak, yasal altyap\u0131 ile gerekli mevzuatlar\u0131 hayata ge\u00e7irmek ve finansman kaynaklar\u0131m\u0131z\u0131 da <strong>ye\u015fillendirecek mekanizmalar\u0131<\/strong> planlamak b\u00fcy\u00fck \u00f6nem ta\u015f\u0131yor\u201d<\/em> diye konu\u015ftu.<\/p>\n<p>A\u00e7\u0131l\u0131\u015f konu\u015fmalar\u0131n\u0131n ard\u0131ndan <strong>T\u00dcRKONFED Y\u00f6netim Kurulu \u00dcyesi ve Ye\u015fil D\u00f6n\u00fc\u015f\u00fcm Komisyonu Ba\u015fkan\u0131 Onur \u00dcnl\u00fc<\/strong>\u2019n\u00fcn moderat\u00f6rl\u00fc\u011f\u00fcnde, <em>T\u00dcRKONFED Akademik Dan\u0131\u015fman\u0131<\/em><strong> Do\u00e7. Dr. Nazl\u0131 Karamollao\u011flu <\/strong>ve <em>Hedefler i\u00e7in \u0130\u015f D\u00fcnyas\u0131 Platformu (B4G) Direkt\u00f6r\u00fc<\/em><strong> Nezahat Y\u0131ld\u0131r\u0131m<\/strong>\u2019\u0131n<strong> kat\u0131l\u0131m\u0131yla \u201cD\u00f6ng\u00fcsel Ekonomi\u201d <\/strong>ba\u015fl\u0131kl\u0131 bir panel d\u00fczenlendi. Etkinlik, uzmanlar ile kat\u0131l\u0131mc\u0131lar\u0131n yapt\u0131\u011f\u0131 <strong>fikir al\u0131\u015fveri\u015fi<\/strong> ile tamamland\u0131.<\/p>\n<p>T\u00dcRKONFED \u00fcyesi<strong> federasyon<\/strong> ve <strong>derneklerin<\/strong> ev sahipli\u011finde toplam <strong>7 ilde<\/strong> d\u00fczenlenecek etkinliklerin tamamlanmas\u0131n\u0131n ard\u0131ndan projenin \u00e7\u0131kt\u0131lar\u0131 rapor haline getirilerek kamuoyu ile payla\u015f\u0131lacak.<\/p>","protected":false},"excerpt":{"rendered":"<p>Sorry, this entry is only available in Turkish. For the sake of viewer convenience, the content is shown below in the alternative language. You may click the link to switch the active language. T\u00fcrk Giri\u015fim ve \u0130\u015f D\u00fcnyas\u0131 Konfederasyonu (T\u00dcRKONFED), 120\u2019yi a\u015fk\u0131n \u00fclkede faaliyetlerini s\u00fcrd\u00fcren Konrad-Adenauer-Stiftung (KAS) i\u015f birli\u011fi ve Akbank\u2019\u0131n deste\u011fiyle \u015eubat&#8217;ta ba\u015flat\u0131lan &#8220;KOB\u0130\u2019ler [&hellip;]<\/p>\n","protected":false},"author":1,"featured_media":157928,"comment_status":"open","ping_status":"open","sticky":false,"template":"","format":"standard","meta":[],"categories":[53,52],"tags":[87402,89835,102231,93390,43668,101147,11887],"views":155,"_links":{"self":[{"href":"https:\/\/www.enerjigazetesi.ist\/en\/wp-json\/wp\/v2\/posts\/157926"}],"collection":[{"href":"https:\/\/www.enerjigazetesi.ist\/en\/wp-json\/wp\/v2\/posts"}],"about":[{"href":"https:\/\/www.enerjigazetesi.ist\/en\/wp-json\/wp\/v2\/types\/post"}],"author":[{"embeddable":true,"href":"https:\/\/www.enerjigazetesi.ist\/en\/wp-json\/wp\/v2\/users\/1"}],"replies":[{"embeddable":true,"href":"https:\/\/www.enerjigazetesi.ist\/en\/wp-json\/wp\/v2\/comments?post=157926"}],"version-history":[{"count":0,"href":"https:\/\/www.enerjigazetesi.ist\/en\/wp-json\/wp\/v2\/posts\/157926\/revisions"}],"wp:featuredmedia":[{"embeddable":true,"href":"https:\/\/www.enerjigazetesi.ist\/en\/wp-json\/wp\/v2\/media\/157928"}],"wp:attachment":[{"href":"https:\/\/www.enerjigazetesi.ist\/en\/wp-json\/wp\/v2\/media?parent=157926"}],"wp:term":[{"taxonomy":"category","embeddable":true,"href":"https:\/\/www.enerjigazetesi.ist\/en\/wp-json\/wp\/v2\/categories?post=157926"},{"taxonomy":"post_tag","embeddable":true,"href":"https:\/\/www.enerjigazetesi.ist\/en\/wp-json\/wp\/v2\/tags?post=157926"}],"curies":[{"name":"wp","href":"https:\/\/api.w.org\/{rel}","templated":true}]}}