{"id":157844,"date":"2022-06-21T21:57:58","date_gmt":"2022-06-21T18:57:58","guid":{"rendered":"https:\/\/www.enerjigazetesi.ist\/?p=157844"},"modified":"2022-06-21T23:20:17","modified_gmt":"2022-06-21T20:20:17","slug":"dr-emre-ilicali-sera-gazi-nda-denetim-basliyor-is-dunyasi-hazirlikli-olmali","status":"publish","type":"post","link":"https:\/\/www.enerjigazetesi.ist\/en\/dr-emre-ilicali-sera-gazi-nda-denetim-basliyor-is-dunyasi-hazirlikli-olmali\/","title":{"rendered":"(Turkish) Dr. Emre Il\u0131cal\u0131: &#8220;Sera Gaz\u0131nda Denetim Ba\u015fl\u0131yor, \u0130\u015f D\u00fcnyas\u0131 Haz\u0131rl\u0131kl\u0131 Olmal\u0131&#8221;"},"content":{"rendered":"<p class=\"qtranxs-available-languages-message qtranxs-available-languages-message-en\">Sorry, this entry is only available in <a href=\"https:\/\/www.enerjigazetesi.ist\/tr\/wp-json\/wp\/v2\/posts\/157844\" class=\"qtranxs-available-language-link qtranxs-available-language-link-tr\" title=\"Turkish\">Turkish<\/a>. For the sake of viewer convenience, the content is shown below in the alternative language. You may click the link to switch the active language.<\/p><p><\/p>\n<h2>\u00c7evre, \u015eehircilik ve \u0130klim De\u011fi\u015fikli\u011fi Bakanl\u0131\u011f\u0131 kapsam\u0131nda faaliyet g\u00f6steren \u0130klim De\u011fi\u015fikli\u011fi Ba\u015fkanl\u0131\u011f\u0131 i\u00e7in kritik d\u00fczenlemeler y\u00fcr\u00fcrl\u00fc\u011fe girdi. Konuyu de\u011ferlendiren Altensis Kurucu Orta\u011f\u0131 Dr. Emre Il\u0131cal\u0131 Avrupa Ye\u015fil Mutabakat\u0131\u2019na imza atan T\u00fcrkiye\u2019nin iklim de\u011fi\u015fikli\u011fi taahh\u00fctlerini yerine getirmek, izlemek ve raporlamak \u00fczere Bakanl\u0131k b\u00fcnyesinde ilgili ba\u015fkanl\u0131\u011f\u0131 olu\u015fturdu\u011funu s\u00f6yledi.<\/h2>\n<p><strong><img loading=\"lazy\" class=\"alignright wp-image-157846\" src=\"https:\/\/www.enerjigazetesi.ist\/wp-content\/uploads\/2022\/06\/dr-emre-ilicali-sera-gazinda-denetim-basliyor-is-dunyasi-hazirlikli-olmali.jpg\" alt=\"\" width=\"270\" height=\"308\" srcset=\"https:\/\/www.enerjigazetesi.ist\/wp-content\/uploads\/2022\/06\/dr-emre-ilicali-sera-gazinda-denetim-basliyor-is-dunyasi-hazirlikli-olmali.jpg 550w, https:\/\/www.enerjigazetesi.ist\/wp-content\/uploads\/2022\/06\/dr-emre-ilicali-sera-gazinda-denetim-basliyor-is-dunyasi-hazirlikli-olmali-263x300.jpg 263w, https:\/\/www.enerjigazetesi.ist\/wp-content\/uploads\/2022\/06\/dr-emre-ilicali-sera-gazinda-denetim-basliyor-is-dunyasi-hazirlikli-olmali-351x400.jpg 351w, https:\/\/www.enerjigazetesi.ist\/wp-content\/uploads\/2022\/06\/dr-emre-ilicali-sera-gazinda-denetim-basliyor-is-dunyasi-hazirlikli-olmali-44x50.jpg 44w, https:\/\/www.enerjigazetesi.ist\/wp-content\/uploads\/2022\/06\/dr-emre-ilicali-sera-gazinda-denetim-basliyor-is-dunyasi-hazirlikli-olmali-500x570.jpg 500w\" sizes=\"(max-width: 270px) 100vw, 270px\" \/>Resmi Gazete\u2019de<\/strong> yay\u0131mlanan y\u00f6netmelikte ayn\u0131 zamanda <strong>Karbon Fiyatland\u0131rma Daire Ba\u015fkanl\u0131\u011f\u0131, Sera Gaz\u0131 Azalt\u0131m Politikas\u0131 Daire Ba\u015fkanl\u0131\u011f\u0131, Sera Gaz\u0131 Emisyonlar\u0131n\u0131n \u0130zlenmesi Daire Ba\u015fkanl\u0131\u011f\u0131, Teknoloji ve Ye\u015fil D\u00f6n\u00fc\u015f\u00fcm Dairesi Ba\u015fkanl\u0131klar\u0131<\/strong> da kuruldu. <em>Ye\u015fil binalar ve s\u00fcrd\u00fcr\u00fclebilirlik dan\u0131\u015fman\u0131<\/em> <strong>Dr. Emre ILICALI<\/strong>, sera gaz\u0131nda <strong>izleme<\/strong> ve <strong>denetimlerin<\/strong> ba\u015flayaca\u011f\u0131 uyar\u0131s\u0131nda bulunarak, <em>\u201c\u0130\u015f d\u00fcnyas\u0131 kendi b\u00fcnyelerinde olu\u015fturacaklar\u0131 birimlerle art\u0131k konuyla daha yak\u0131ndan ilgilenmeli. T\u00fcrkiye\u2019nin<strong> uluslararas\u0131 taahh\u00fctlerinde<\/strong> bo\u015fvermi\u015fli\u011fe y\u00f6nelme \u015fans\u0131 yok, ilgili ba\u015fkanl\u0131klar gerekli <strong>izleme<\/strong> ve <strong>denetimleri<\/strong> yaparak konuyu raporlamakla y\u00fck\u00fcml\u00fcler. Belki de bu nedenle <strong>sera gaz\u0131<\/strong> konusu <strong>2 ayr\u0131 ba\u015fkanl\u0131k<\/strong> taraf\u0131ndan takip edilecek. Birinde sekt\u00f6rlere ili\u015fkin <strong>sera gaz\u0131n\u0131n azalt\u0131lmas\u0131<\/strong>na ili\u015fkin<strong> strateji<\/strong> ve <strong>politikalar<\/strong> belirlenirken, di\u011fer ba\u015fkanl\u0131kta ise <strong>s\u0131k\u0131 takip<\/strong> ve<strong> izlemeye dayanan<\/strong> bir s\u00fcre\u00e7 geli\u015ftirilecek.\u201d<\/em> diye konu\u015ftu.<\/p>\n<h3><strong>\u0130hracat\u00e7\u0131ya Karbon Fiyatlama Uyar\u0131s\u0131<\/strong><\/h3>\n<p>Y\u00f6netmeli\u011fin <strong>Emisyon Ticaret Sistemi<\/strong>\u2019ne de \u0131\u015f\u0131k tuttu\u011funu anlatan <strong>Dr. Emre Il\u0131cal\u0131<\/strong>, yak\u0131n zamanda<strong> sera gaz\u0131 azalt\u0131m\u0131<\/strong> konusunu ciddiye almayan ihracat\u00e7\u0131lar i\u00e7in<strong> s\u0131n\u0131rda karbon vergisi<\/strong> gibi ilave y\u00fckler gelece\u011fini hat\u0131rlatarak,<em> \u201cKurulacak olan <strong>Karbon Fiyatland\u0131rma Daire Ba\u015fkanl\u0131\u011f\u0131<\/strong>\u2019n\u0131n bu alanda ihracat\u00e7\u0131lara <strong>rehber<\/strong> ve <strong>y\u00f6nlendirici<\/strong> olaca\u011f\u0131na inan\u0131yoruz.\u201d<\/em> dedi.<\/p>\n<p>Yeni yap\u0131lanma sayesinde <strong>iklim de\u011fi\u015fikli\u011fiyle m\u00fccadele<\/strong> i\u00e7in uluslararas\u0131 alanda finansman aray\u0131\u015f\u0131na gidilece\u011fini belirten <strong>Dr. Emre Il\u0131cal\u0131<\/strong>, <em>\u201cAyr\u0131ca olumlu buldu\u011fumuz bir ba\u015fka geli\u015fme de <strong>ye\u015fil d\u00f6n\u00fc\u015f\u00fcm<\/strong> konusunun te\u015fkilatta ayr\u0131ca yer alm\u0131\u015f olmas\u0131. Biz y\u0131llard\u0131r <strong>Altensis<\/strong> olarak ba\u015fta <strong>gayrimenkul sekt\u00f6r\u00fc<\/strong> ve <strong>ye\u015fil binalar<\/strong> olmak \u00fczere, bir\u00e7ok ilgili sekt\u00f6rde <strong>ye\u015fil d\u00f6n\u00fc\u015f\u00fcm\u00fc<\/strong> yayg\u0131nla\u015ft\u0131rma yolunda m\u00fccadele verdik. \u015eimdi <strong>Ye\u015fil D\u00f6n\u00fc\u015f\u00fcm Daire Ba\u015fkanl\u0131\u011f\u0131\u2019<\/strong>n\u0131n t\u00fcm sekt\u00f6rlerde \u00e7evre dostu anlay\u0131\u015f\u0131n hakim olmas\u0131 ad\u0131na eylem planlar\u0131 ortaya koyaca\u011f\u0131n\u0131 g\u00f6r\u00fcyoruz. Tabii ki bu sadece <strong>mevzuatlar<\/strong> ve <strong>kamu yapt\u0131r\u0131mlar\u0131<\/strong> ile \u00e7\u00f6z\u00fclebilecek bir sorun de\u011fil. Topyek\u00fcn m\u00fccadele ve i\u015fbirli\u011fi gerektiriyor. Yeni d\u00fczenlemeler \u00fclkemize hay\u0131rl\u0131 olsun.\u201d<\/em> ifadelerini de kulland\u0131.<\/p>\n<p><strong>Yay\u0131nlayan:<\/strong>\u00a0Muhammet Alperen ERTA\u015e\u00a0 \u2013\u00a0\u00a0<a href=\"mailto:alperen.ertas@enerjigazetesi.ist\" target=\"_blank\" rel=\"noopener\">alperen.ertas@enerjigazetesi.ist<\/a><\/p>","protected":false},"excerpt":{"rendered":"<p>Sorry, this entry is only available in Turkish. For the sake of viewer convenience, the content is shown below in the alternative language. You may click the link to switch the active language. \u00c7evre, \u015eehircilik ve \u0130klim De\u011fi\u015fikli\u011fi Bakanl\u0131\u011f\u0131 kapsam\u0131nda faaliyet g\u00f6steren \u0130klim De\u011fi\u015fikli\u011fi Ba\u015fkanl\u0131\u011f\u0131 i\u00e7in kritik d\u00fczenlemeler y\u00fcr\u00fcrl\u00fc\u011fe girdi. Konuyu de\u011ferlendiren Altensis Kurucu Orta\u011f\u0131 [&hellip;]<\/p>\n","protected":false},"author":19,"featured_media":157850,"comment_status":"closed","ping_status":"closed","sticky":false,"template":"","format":"standard","meta":[],"categories":[53,52],"tags":[88453,79082,97607,88452,4595,104163,97608,101185,104164,93544,55,2482],"views":222,"_links":{"self":[{"href":"https:\/\/www.enerjigazetesi.ist\/en\/wp-json\/wp\/v2\/posts\/157844"}],"collection":[{"href":"https:\/\/www.enerjigazetesi.ist\/en\/wp-json\/wp\/v2\/posts"}],"about":[{"href":"https:\/\/www.enerjigazetesi.ist\/en\/wp-json\/wp\/v2\/types\/post"}],"author":[{"embeddable":true,"href":"https:\/\/www.enerjigazetesi.ist\/en\/wp-json\/wp\/v2\/users\/19"}],"replies":[{"embeddable":true,"href":"https:\/\/www.enerjigazetesi.ist\/en\/wp-json\/wp\/v2\/comments?post=157844"}],"version-history":[{"count":0,"href":"https:\/\/www.enerjigazetesi.ist\/en\/wp-json\/wp\/v2\/posts\/157844\/revisions"}],"wp:featuredmedia":[{"embeddable":true,"href":"https:\/\/www.enerjigazetesi.ist\/en\/wp-json\/wp\/v2\/media\/157850"}],"wp:attachment":[{"href":"https:\/\/www.enerjigazetesi.ist\/en\/wp-json\/wp\/v2\/media?parent=157844"}],"wp:term":[{"taxonomy":"category","embeddable":true,"href":"https:\/\/www.enerjigazetesi.ist\/en\/wp-json\/wp\/v2\/categories?post=157844"},{"taxonomy":"post_tag","embeddable":true,"href":"https:\/\/www.enerjigazetesi.ist\/en\/wp-json\/wp\/v2\/tags?post=157844"}],"curies":[{"name":"wp","href":"https:\/\/api.w.org\/{rel}","templated":true}]}}