{"id":157837,"date":"2022-06-21T16:38:34","date_gmt":"2022-06-21T13:38:34","guid":{"rendered":"https:\/\/www.enerjigazetesi.ist\/?p=157837"},"modified":"2022-06-21T16:39:29","modified_gmt":"2022-06-21T13:39:29","slug":"videolu-enerjisa-uretimden-turkiyenin-ilk-ruzgar-turbini-konseri","status":"publish","type":"post","link":"https:\/\/www.enerjigazetesi.ist\/en\/videolu-enerjisa-uretimden-turkiyenin-ilk-ruzgar-turbini-konseri\/","title":{"rendered":"(Turkish) Videolu: &#8216;Enerjisa \u00dcretim&#8217;den T\u00fcrkiye\u2019nin \u0130lk R\u00fczgar T\u00fcrbini Konseri"},"content":{"rendered":"<p class=\"qtranxs-available-languages-message qtranxs-available-languages-message-en\">Sorry, this entry is only available in <a href=\"https:\/\/www.enerjigazetesi.ist\/tr\/wp-json\/wp\/v2\/posts\/157837\" class=\"qtranxs-available-language-link qtranxs-available-language-link-tr\" title=\"Turkish\">Turkish<\/a>. For the sake of viewer convenience, the content is shown below in the alternative language. You may click the link to switch the active language.<\/p><p><\/p>\n<h2>T\u00fcrkiye\u2019nin yerli ve yenilenebilir enerji hedefleri a\u00e7\u0131s\u0131ndan stratejik \u00f6neme sahip olan r\u00fczgar enerjisine dikkat \u00e7ekmek amac\u0131yla, \u00e7e\u015fitli platformlarda \u00e7ok say\u0131da proje geli\u015ftiren Enerjisa \u00dcretim, Bal\u0131kesir\u2019de bulunan r\u00fczgar santralinde bir ilke imza att\u0131.<\/h2>\n<p><strong><img loading=\"lazy\" class=\"alignright wp-image-157840\" src=\"https:\/\/www.enerjigazetesi.ist\/wp-content\/uploads\/2022\/06\/videolu-enerjisa-uretimden-turkiyenin-ilk-ruzgar-turbini-konseri-1.jpg\" alt=\"\" width=\"320\" height=\"219\" srcset=\"https:\/\/www.enerjigazetesi.ist\/wp-content\/uploads\/2022\/06\/videolu-enerjisa-uretimden-turkiyenin-ilk-ruzgar-turbini-konseri-1.jpg 550w, https:\/\/www.enerjigazetesi.ist\/wp-content\/uploads\/2022\/06\/videolu-enerjisa-uretimden-turkiyenin-ilk-ruzgar-turbini-konseri-1-300x205.jpg 300w, https:\/\/www.enerjigazetesi.ist\/wp-content\/uploads\/2022\/06\/videolu-enerjisa-uretimden-turkiyenin-ilk-ruzgar-turbini-konseri-1-500x342.jpg 500w, https:\/\/www.enerjigazetesi.ist\/wp-content\/uploads\/2022\/06\/videolu-enerjisa-uretimden-turkiyenin-ilk-ruzgar-turbini-konseri-1-73x50.jpg 73w\" sizes=\"(max-width: 320px) 100vw, 320px\" \/>85 metre<\/strong> y\u00fckseklikte ger\u00e7ekle\u015fen <strong>DJ performans\u0131<\/strong>, T\u00fcrkiye\u2019de <strong>r\u00fczgar t\u00fcrbini<\/strong> \u00fcst\u00fcnde yap\u0131lan ilk konseri olman\u0131n yan\u0131 s\u0131ra, m\u00fczik d\u00fcnyas\u0131 a\u00e7\u0131s\u0131ndan da ilklerin etkinli\u011fi oldu. <strong>Dj Buse Hac\u0131o\u011flu<\/strong>, kanat y\u00fcksekli\u011fi<strong> 135 metre<\/strong> olan r\u00fczgar t\u00fcrbininin<strong> 85 metre<\/strong> y\u00fckseklikteki nasel k\u0131sm\u0131nda sundu\u011fu performans ile T\u00fcrkiye\u2019nin en y\u00fcksekte ger\u00e7ekle\u015fen konserine imza att\u0131. Hac\u0131o\u011flu ayn\u0131 zamanda bu y\u00fckseklikte konser veren d\u00fcnyan\u0131n<strong> ilk kad\u0131n DJ<\/strong>\u2019i oldu.<strong> \u0130\u015f sa\u011fl\u0131\u011f\u0131 ve g\u00fcvenli\u011fi<\/strong> \u00f6nemlerinin \u00fcst seviyede al\u0131nd\u0131\u011f\u0131 \u00e7ekimin \u00f6ncesinde ekip, <strong>2 g\u00fcn s\u00fcren<\/strong> y\u00fcksekte \u00e7al\u0131\u015fma e\u011fitimlerini tamamlayarak performans\u0131n\u0131 ger\u00e7ekle\u015ftirdi.<\/p>\n<h3><strong>\u201cS\u00fcrd\u00fcr\u00fclebilirli\u011fin ve yenilenebilir enerjinin \u00f6nemini bu kez, m\u00fczi\u011fin g\u00fcc\u00fcyle aktarmak istedik\u201d<\/strong><\/h3>\n<p><em>Enerjisa \u00dcretim \u0130nsan ve K\u00fclt\u00fcr Genel M\u00fcd\u00fcr Yard\u0131mc\u0131s\u0131<\/em> <strong>Ay\u015feg\u00fcl G\u00fcrkale<\/strong>, <em>\u201cD\u00fcnya hepimizin evi ve b\u00fct\u00fcn evrendeki tek yuvam\u0131z. <strong>Topra\u011f\u0131n, atmosferin, suyun, r\u00fczg\u00e2r\u0131n<\/strong> ve <strong>bu gezegenin<\/strong> bize sundu\u011fu b\u00fct\u00fcn <strong>varl\u0131klar\u0131n zenginli\u011fini, \u00e7e\u015fitlili\u011fini<\/strong> ve <strong>s\u0131n\u0131rl\u0131 kaynaklar\u0131n\u0131 korumak<\/strong> zorunday\u0131z. Biz s\u00fcrd\u00fcr\u00fclebilir bir gelecek i\u00e7in sorumluluk \u00fcstlenmeyi ve gelece\u011fin in\u015fas\u0131nda aktif rol almay\u0131 kurum k\u00fclt\u00fcr\u00fcm\u00fcz\u00fcn ayr\u0131lmaz bir par\u00e7as\u0131 olarak g\u00f6r\u00fcyoruz. Bu alandaki <strong>bilin\u00e7 d\u00fczeyini<\/strong> ve<strong> fark\u0131ndal\u0131\u011f\u0131<\/strong> art\u0131rmak i\u00e7in \u00e7al\u0131\u015f\u0131yoruz. Kat etti\u011fimiz her mesafe, eri\u015fti\u011fimiz her insan bizi daha fazla motive ediyor ve bu hedefimize daha b\u00fcy\u00fck bir heyecanla odaklanmam\u0131z\u0131 sa\u011fl\u0131yor. Bu konuda uzun zamandan beri y\u00fcr\u00fctt\u00fc\u011f\u00fcm\u00fcz \u00e7e\u015fitli faaliyetlere s\u00fcrekli yenilerini ekleyerek yola devam ediyoruz. <strong>D\u00fcnya M\u00fczik G\u00fcn\u00fc<\/strong> vesilesiyle, <strong>s\u00fcrd\u00fcr\u00fclebilirli\u011fin<\/strong> ve <strong>yenilenebilir enerjinin<\/strong> \u00f6nemini bu kez m\u00fczi\u011fin g\u00fcc\u00fcyle, tutkusuyla aktarmak istedik. M\u00fczi\u011fin ruhuyla birle\u015fti\u011fimiz, <strong>\u00e7ok keyifli<\/strong> ve <strong>enerjimizi<\/strong> yans\u0131tan bir etkinlik oldu. Bu \u00f6zel \u00e7al\u0131\u015fmam\u0131z\u0131 do\u011faya ve yar\u0131nlar\u0131m\u0131za arma\u011fan ediyoruz\u201d<\/em> ifadelerini kulland\u0131.<\/p>\n<p>D\u00fcnyada bu y\u00fckseklikte performans sunan <strong>ilk kad\u0131n DJ<\/strong> olan <strong>Buse Hac\u0131o\u011flu<\/strong> ise,<em> \u201cBenim i\u00e7in \u00e7ok \u00f6zel, gurur dolu ve heyecan verici bir deneyimdi. <strong>\u00c7evre<\/strong> ve <strong>temiz enerji<\/strong> konusunda insanlar\u0131 bilin\u00e7lendirmek \u00fczere at\u0131lan her bir ad\u0131m \u00e7ok de\u011ferli. Bunu bir de<strong> evrensel m\u00fczikle birle\u015ftirmek<\/strong> benim i\u00e7in ayr\u0131 \u00f6neme sahip. B\u00f6yle bir amaca hizmet eden projede yer ald\u0131\u011f\u0131m i\u00e7in \u00e7ok mutluyum. Konseri <strong>m\u00fczik severler<\/strong> i\u00e7in de<strong> \u00f6l\u00fcms\u00fczle\u015ftirmek<\/strong> istedik ve bir b\u00f6l\u00fcm\u00fc kayda alarak hem benim hem de Enerjisa \u00dcretim\u2019in sosyal medya kanallar\u0131ndan yay\u0131nlad\u0131k. Bu f\u0131rsat\u0131 sunan Enerjisa \u00dcretim\u2019e te\u015fekk\u00fcr ediyorum\u201d<\/em> \u015feklinde konu\u015ftu.<\/p>\n<h3><strong>R\u00fczgar\u0131n ezgileri m\u00fczik ar\u015fivine girecek<\/strong><\/h3>\n<p>Etkinlikte yer verilen t\u00fcm ezgilerin Enerjisa \u00dcretim i\u00e7in \u00f6zel olarak d\u00fczenlendi\u011fi ve \u015fark\u0131n\u0131n <strong>isim<\/strong> hem de <strong>telif ba\u015fvurular\u0131n\u0131n<\/strong> ger\u00e7ekle\u015ftirildi\u011fi belirtildi. Eserin; <strong>m\u00fczik ar\u015fivinde<\/strong> resmi olarak yer almas\u0131 ve T\u00fcrkiye\u2019nin ilk <strong>r\u00fczgar t\u00fcrbini konseri<\/strong> ezgilerinin<strong> \u00f6l\u00fcms\u00fczle\u015ftirilmesi<\/strong> planlan\u0131yor.<\/p>\n<p><strong>Eser:<\/strong> The Sound of the Wind<\/p>\n<p><strong>D\u00fczenleme:<\/strong> Levent Lodos<\/p>\n<p><strong>M\u00fczik:<\/strong> Levent Lodos<\/p>\n<p><strong>Mix &amp; Mastering:<\/strong> Levent Lodos<\/p>\n<p><strong>St\u00fcdyo:<\/strong> Lab Recordings<\/p>\n<p style=\"text-align: center;\"><iframe loading=\"lazy\" title=\"YouTube video player\" src=\"https:\/\/www.youtube.com\/embed\/7mumd4Co218\" width=\"560\" height=\"315\" frameborder=\"0\" allowfullscreen=\"allowfullscreen\"><span data-mce-type=\"bookmark\" style=\"display: inline-block; width: 0px; overflow: hidden; line-height: 0;\" class=\"mce_SELRES_start\">\ufeff<\/span><\/iframe><\/p>\n<p><\/p>","protected":false},"excerpt":{"rendered":"<p>Sorry, this entry is only available in Turkish. For the sake of viewer convenience, the content is shown below in the alternative language. You may click the link to switch the active language. T\u00fcrkiye\u2019nin yerli ve yenilenebilir enerji hedefleri a\u00e7\u0131s\u0131ndan stratejik \u00f6neme sahip olan r\u00fczgar enerjisine dikkat \u00e7ekmek amac\u0131yla, \u00e7e\u015fitli platformlarda \u00e7ok say\u0131da proje geli\u015ftiren [&hellip;]<\/p>\n","protected":false},"author":1,"featured_media":157841,"comment_status":"open","ping_status":"open","sticky":false,"template":"","format":"standard","meta":[],"categories":[51,53,50],"tags":[80741,104160,35365,474,231,5320,312,104162,104161],"views":196,"_links":{"self":[{"href":"https:\/\/www.enerjigazetesi.ist\/en\/wp-json\/wp\/v2\/posts\/157837"}],"collection":[{"href":"https:\/\/www.enerjigazetesi.ist\/en\/wp-json\/wp\/v2\/posts"}],"about":[{"href":"https:\/\/www.enerjigazetesi.ist\/en\/wp-json\/wp\/v2\/types\/post"}],"author":[{"embeddable":true,"href":"https:\/\/www.enerjigazetesi.ist\/en\/wp-json\/wp\/v2\/users\/1"}],"replies":[{"embeddable":true,"href":"https:\/\/www.enerjigazetesi.ist\/en\/wp-json\/wp\/v2\/comments?post=157837"}],"version-history":[{"count":0,"href":"https:\/\/www.enerjigazetesi.ist\/en\/wp-json\/wp\/v2\/posts\/157837\/revisions"}],"wp:featuredmedia":[{"embeddable":true,"href":"https:\/\/www.enerjigazetesi.ist\/en\/wp-json\/wp\/v2\/media\/157841"}],"wp:attachment":[{"href":"https:\/\/www.enerjigazetesi.ist\/en\/wp-json\/wp\/v2\/media?parent=157837"}],"wp:term":[{"taxonomy":"category","embeddable":true,"href":"https:\/\/www.enerjigazetesi.ist\/en\/wp-json\/wp\/v2\/categories?post=157837"},{"taxonomy":"post_tag","embeddable":true,"href":"https:\/\/www.enerjigazetesi.ist\/en\/wp-json\/wp\/v2\/tags?post=157837"}],"curies":[{"name":"wp","href":"https:\/\/api.w.org\/{rel}","templated":true}]}}