{"id":157816,"date":"2022-06-21T15:09:30","date_gmt":"2022-06-21T12:09:30","guid":{"rendered":"https:\/\/www.enerjigazetesi.ist\/?p=157816"},"modified":"2022-06-21T15:09:30","modified_gmt":"2022-06-21T12:09:30","slug":"bedas-in-projesi-arge-egitim-ve-yayginlastirma-calistayinda-1inci-oldu","status":"publish","type":"post","link":"https:\/\/www.enerjigazetesi.ist\/en\/bedas-in-projesi-arge-egitim-ve-yayginlastirma-calistayinda-1inci-oldu\/","title":{"rendered":"(Turkish) BEDA\u015e\u2019\u0131n Projesi Ar&#038;Ge E\u011fitim ve Yayg\u0131nla\u015ft\u0131rma \u00c7al\u0131\u015ftay\u0131\u2019nda 1&#8217;inci Oldu"},"content":{"rendered":"<p class=\"qtranxs-available-languages-message qtranxs-available-languages-message-en\">Sorry, this entry is only available in <a href=\"https:\/\/www.enerjigazetesi.ist\/tr\/wp-json\/wp\/v2\/posts\/157816\" class=\"qtranxs-available-language-link qtranxs-available-language-link-tr\" title=\"Turkish\">Turkish<\/a>. For the sake of viewer convenience, the content is shown below in the alternative language. You may click the link to switch the active language.<\/p><p><\/p>\n<h2><strong>EPDK, Elder ve Enerji Uzmanlar\u0131 Derne\u011fi taraf\u0131ndan bu y\u0131l ilk kez ger\u00e7ekle\u015ftirilen \u2018Ar &amp; Ge E\u011fitim ve Yayg\u0131nla\u015ft\u0131rma \u00c7al\u0131\u015ftay\u0131\u2019\u0131nda, BEDA\u015e\u2019\u0131n \u201cYeni Nesil Al\u00e7ak Gerilim \u015eebekesinde Depar Tespit Cihaz Tasar\u0131m\u0131 Projesi\u201d birincili\u011fe lay\u0131k g\u00f6r\u00fcld\u00fc.<\/strong><\/h2>\n<p><em><img loading=\"lazy\" class=\"alignright wp-image-157818\" src=\"https:\/\/www.enerjigazetesi.ist\/wp-content\/uploads\/2022\/06\/bedas-in-projesi-arge-egitim-ve-yayginlastirma-calistayinda-1inci-oldu.jpg\" alt=\"\" width=\"320\" height=\"198\" srcset=\"https:\/\/www.enerjigazetesi.ist\/wp-content\/uploads\/2022\/06\/bedas-in-projesi-arge-egitim-ve-yayginlastirma-calistayinda-1inci-oldu.jpg 550w, https:\/\/www.enerjigazetesi.ist\/wp-content\/uploads\/2022\/06\/bedas-in-projesi-arge-egitim-ve-yayginlastirma-calistayinda-1inci-oldu-300x186.jpg 300w, https:\/\/www.enerjigazetesi.ist\/wp-content\/uploads\/2022\/06\/bedas-in-projesi-arge-egitim-ve-yayginlastirma-calistayinda-1inci-oldu-500x310.jpg 500w, https:\/\/www.enerjigazetesi.ist\/wp-content\/uploads\/2022\/06\/bedas-in-projesi-arge-egitim-ve-yayginlastirma-calistayinda-1inci-oldu-80x50.jpg 80w\" sizes=\"(max-width: 320px) 100vw, 320px\" \/>Enerji Piyasas\u0131 D\u00fczenleme Kurumu (EPDK), Elektrik Da\u011f\u0131t\u0131m Hizmetleri Derne\u011fi (Elder) ve Enerji Uzmanlar\u0131 Derne\u011fi<\/em> taraf\u0131ndan d\u00fczenlenen <strong>Ar&amp;Ge E\u011fitim ve Yayg\u0131nla\u015ft\u0131rma \u00c7al\u0131\u015ftay\u0131<\/strong>\u2019nda, <strong>Bo\u011fazi\u00e7i Elektrik Da\u011f\u0131t\u0131m A.\u015e. (BEDA\u015e)<\/strong>, <em>\u201cYeni Nesil Al\u00e7ak Gerilim \u015eebekesinde Depar Tespit Cihaz Tasar\u0131m\u0131 Projesi\u201d<\/em> ile 1&#8217;inci oldu. <strong>BEDA\u015e<\/strong>\u2019\u0131n <strong>Ar-Ge ekibi \u00f6d\u00fcl\u00fc<\/strong>, <em>EPDK Ar-Ge Komisyon Ba\u015fkan\u0131<\/em> <strong>Serkan Do\u011fan<\/strong>\u2019\u0131n elinden ald\u0131.<\/p>\n<h3><strong>\u00c7ALI\u015eTAYDA 21 DA\u011eITIM \u015e\u0130RKET\u0130, TOPLAM 67 PROJE SUNDU<\/strong><\/h3>\n<p><strong>16-18 Haziran 2022<\/strong> tarihleri aras\u0131nda ger\u00e7ekle\u015ftirilen <strong>Ar&amp;Ge E\u011fitim ve Yayg\u0131nla\u015ft\u0131rma \u00c7al\u0131\u015ftay\u0131<\/strong>\u2019na T\u00fcrkiye genelinde <strong>elektrik da\u011f\u0131t\u0131m hizmeti<\/strong> veren <strong>21 elektrik da\u011f\u0131t\u0131m \u015firketi<\/strong>nin <strong>(EDA\u015e)<\/strong> Ar-Ge birimlerinde yer alan <strong>m\u00fchendis, sistem i\u015fletme<\/strong> ve <strong>yat\u0131r\u0131m departman\u0131 \u00e7al\u0131\u015fanlar\u0131<\/strong> kat\u0131ld\u0131. Bu y\u0131l ilk kez ger\u00e7ekle\u015ftirilen \u00e7al\u0131\u015ftayda, <strong>21 EDA\u015e<\/strong> taraf\u0131ndan<strong> 67 projenin<\/strong> sunumu yap\u0131ld\u0131. \u00c7al\u0131\u015ftay\u0131n son g\u00fcn\u00fcnde sunumu ger\u00e7ekle\u015ftirilen projelere <strong>14 kategoride \u00f6d\u00fcl<\/strong> verilirken <strong>\u015eebeke \u0130\u015fletim Proje Kategorisi<\/strong>\u2019nde birincilik \u00f6d\u00fcl\u00fcn\u00fc BEDA\u015e\u2019\u0131n <strong>\u201cYeni Nesil Al\u00e7ak Gerilim \u015eebekesinde Depar Tespit Cihaz Tasar\u0131m\u0131 Projesi\u201d<\/strong> kazand\u0131.<\/p>\n<h3><strong>\u0130STANBUL AVRUPA YAKASI\u2019NDA AKT\u0130F OLARAK KULLANILIYOR<\/strong><\/h3>\n<p>Projeyi geli\u015ftiren ekibi tebrik eden ve g\u00f6sterdikleri ba\u015far\u0131ndan dolay\u0131 gurur duyduklar\u0131n\u0131 s\u00f6yleyen <strong>BEDA\u015e Sistem \u0130\u015fletme Direkt\u00f6r\u00fc Emrah Kalkan,<\/strong> <em>\u201cSahada kurulu olan elektriksel envanterin; <strong>co\u011frafya \u00f6zellikleri, abone say\u0131s\u0131<\/strong> ve <strong>eski y\u0131llardaki i\u015fletme kalitesiyle ba\u011flant\u0131l\u0131<\/strong> olarak, do\u011frulu\u011fu d\u00fcnyan\u0131n hi\u00e7bir yerinde<strong> % 100<\/strong> olam\u0131yor. <strong>Co\u011frafi Bilgi Sistemindeki (CBS)<\/strong> yanl\u0131\u015f ekipman e\u015fle\u015fim oran\u0131 \u00f6zellikle <strong>al\u00e7ak gerilim k\u0131s\u0131mlar\u0131nda<\/strong> fazlaca ya\u015fanabiliyor. Arkada\u015flar\u0131m\u0131z\u0131n geli\u015ftirdi\u011fi bu proje, <strong>saya\u00e7lara ek maliyet<\/strong> <strong>getirmeden<\/strong>, <strong>optik porttan okumalarda<\/strong> sayac\u0131n ba\u011fl\u0131 oldu\u011fu <strong>trafo, depar<\/strong> ve<strong> faz bilgisinin tespit edilmesine<\/strong> olanak tan\u0131makta. \u00dcstelik bu bilgilere de<strong> elektri\u011fi kesmeden<\/strong> ula\u015f\u0131lmas\u0131n\u0131 sa\u011fl\u0131yor. <strong>Sabit kurulumu olmayan<\/strong> ve<strong> \u00e7anta<\/strong> gibi ta\u015f\u0131nan bu cihaz\u0131 \u015fu anda <strong>\u0130stanbul Avrupa Yakas\u0131<\/strong>\u2019nda ekiplerimiz aktif bir \u015fekilde kullan\u0131yor. Arkada\u015flar\u0131m\u0131z taraf\u0131ndan geli\u015ftirilen, <strong>\u00f6ng\u00f6r\u00fclebilirlik<\/strong> ve <strong>verimlili\u011fi art\u0131ran<\/strong> s\u00f6z konusu cihaz\u0131n, <strong>\u015febeke unsular\u0131ndaki maliyetleri d\u00fc\u015f\u00fcrmesi<\/strong> nedeniyle sekt\u00f6re \u00f6nemli bir katk\u0131 sunaca\u011f\u0131na inan\u0131yoruz\u201d<\/em> ifadelerini kulland\u0131.<\/p>","protected":false},"excerpt":{"rendered":"<p>Sorry, this entry is only available in Turkish. For the sake of viewer convenience, the content is shown below in the alternative language. You may click the link to switch the active language. EPDK, Elder ve Enerji Uzmanlar\u0131 Derne\u011fi taraf\u0131ndan bu y\u0131l ilk kez ger\u00e7ekle\u015ftirilen \u2018Ar &amp; Ge E\u011fitim ve Yayg\u0131nla\u015ft\u0131rma \u00c7al\u0131\u015ftay\u0131\u2019\u0131nda, BEDA\u015e\u2019\u0131n \u201cYeni Nesil [&hellip;]<\/p>\n","protected":false},"author":1,"featured_media":157818,"comment_status":"open","ping_status":"open","sticky":false,"template":"","format":"standard","meta":[],"categories":[51,53],"tags":[104155,85229,26353],"views":117,"_links":{"self":[{"href":"https:\/\/www.enerjigazetesi.ist\/en\/wp-json\/wp\/v2\/posts\/157816"}],"collection":[{"href":"https:\/\/www.enerjigazetesi.ist\/en\/wp-json\/wp\/v2\/posts"}],"about":[{"href":"https:\/\/www.enerjigazetesi.ist\/en\/wp-json\/wp\/v2\/types\/post"}],"author":[{"embeddable":true,"href":"https:\/\/www.enerjigazetesi.ist\/en\/wp-json\/wp\/v2\/users\/1"}],"replies":[{"embeddable":true,"href":"https:\/\/www.enerjigazetesi.ist\/en\/wp-json\/wp\/v2\/comments?post=157816"}],"version-history":[{"count":0,"href":"https:\/\/www.enerjigazetesi.ist\/en\/wp-json\/wp\/v2\/posts\/157816\/revisions"}],"wp:featuredmedia":[{"embeddable":true,"href":"https:\/\/www.enerjigazetesi.ist\/en\/wp-json\/wp\/v2\/media\/157818"}],"wp:attachment":[{"href":"https:\/\/www.enerjigazetesi.ist\/en\/wp-json\/wp\/v2\/media?parent=157816"}],"wp:term":[{"taxonomy":"category","embeddable":true,"href":"https:\/\/www.enerjigazetesi.ist\/en\/wp-json\/wp\/v2\/categories?post=157816"},{"taxonomy":"post_tag","embeddable":true,"href":"https:\/\/www.enerjigazetesi.ist\/en\/wp-json\/wp\/v2\/tags?post=157816"}],"curies":[{"name":"wp","href":"https:\/\/api.w.org\/{rel}","templated":true}]}}