{"id":157751,"date":"2022-06-20T12:39:29","date_gmt":"2022-06-20T09:39:29","guid":{"rendered":"https:\/\/www.enerjigazetesi.ist\/?p=157751"},"modified":"2022-06-20T12:40:17","modified_gmt":"2022-06-20T09:40:17","slug":"gunes-enerjisi-ile-iklimlendirme-projesi-hayata-gecirildi","status":"publish","type":"post","link":"https:\/\/www.enerjigazetesi.ist\/en\/gunes-enerjisi-ile-iklimlendirme-projesi-hayata-gecirildi\/","title":{"rendered":"(Turkish) G\u00fcne\u015f Enerjisi ile \u0130klimlendirme Projesi Hayata Ge\u00e7irildi"},"content":{"rendered":"<p class=\"qtranxs-available-languages-message qtranxs-available-languages-message-en\">Sorry, this entry is only available in <a href=\"https:\/\/www.enerjigazetesi.ist\/tr\/wp-json\/wp\/v2\/posts\/157751\" class=\"qtranxs-available-language-link qtranxs-available-language-link-tr\" title=\"Turkish\">Turkish<\/a>. For the sake of viewer convenience, the content is shown below in the alternative language. You may click the link to switch the active language.<\/p><p><\/p>\n<h2>Merkezi Almanya\u2019n\u0131n Aachen kentinde bulunan, Dr. Ahmet Lokurlu liderli\u011findeki Soliterm Group, Avusturya men\u015feli MM Group\u2019un \u0130zmir\u2019deki \u00fcretim tesislerinde d\u00fcnyan\u0131n en b\u00fcy\u00fck end\u00fcstriyel g\u00fcne\u015f enerjili so\u011futma sistemini hayata ge\u00e7irdi.<\/h2>\n<p><img loading=\"lazy\" class=\"alignright wp-image-157755\" src=\"https:\/\/www.enerjigazetesi.ist\/wp-content\/uploads\/2022\/06\/gunes-enerjisi-ile-iklimlendirme-projesi-hayata-gecirildi-2.jpg\" alt=\"\" width=\"320\" height=\"214\" srcset=\"https:\/\/www.enerjigazetesi.ist\/wp-content\/uploads\/2022\/06\/gunes-enerjisi-ile-iklimlendirme-projesi-hayata-gecirildi-2.jpg 550w, https:\/\/www.enerjigazetesi.ist\/wp-content\/uploads\/2022\/06\/gunes-enerjisi-ile-iklimlendirme-projesi-hayata-gecirildi-2-300x200.jpg 300w, https:\/\/www.enerjigazetesi.ist\/wp-content\/uploads\/2022\/06\/gunes-enerjisi-ile-iklimlendirme-projesi-hayata-gecirildi-2-500x334.jpg 500w, https:\/\/www.enerjigazetesi.ist\/wp-content\/uploads\/2022\/06\/gunes-enerjisi-ile-iklimlendirme-projesi-hayata-gecirildi-2-75x50.jpg 75w, https:\/\/www.enerjigazetesi.ist\/wp-content\/uploads\/2022\/06\/gunes-enerjisi-ile-iklimlendirme-projesi-hayata-gecirildi-2-450x300.jpg 450w\" sizes=\"(max-width: 320px) 100vw, 320px\" \/>G\u00fcne\u015f enerjisi \u00e7\u00f6z\u00fcmleri i\u00e7in d\u00fcnyan\u0131n \u00f6nc\u00fc ve lider kurumlar\u0131ndan <strong>Soliterm Group<\/strong>\u2019un patentli teknolojisi, d\u00fcnyan\u0131n en b\u00fcy\u00fck karton \u00fcreticilerinden biri olan MM Group\u2019un <strong>\u0130zmir tesisleri<\/strong>nde, y\u0131lda <strong>3.000 tondan<\/strong> fazla<strong> CO2 emisyonunun tasarruf edilmesini<\/strong> sa\u011flayacak. Proje,<strong> Alman Enerji \u00c7\u00f6z\u00fcmleri Giri\u015fimi &#8211; Yenilenebilir Enerji \u00c7\u00f6z\u00fcmleri Program\u0131<\/strong>\u2019n\u0131n bir par\u00e7as\u0131 olarak <strong>Alman Federal Ekonomik \u0130\u015fler<\/strong> ve<strong> \u0130klim Eylemi Bakanl\u0131\u011f\u0131<\/strong> taraf\u0131ndan yak\u0131ndan izleniyor ve destekleniyor.<\/p>\n<h3><strong>Kendi alan\u0131nda d\u00fcnyada bir ilk<\/strong><\/h3>\n<p><strong>\u0130zmir-Tire<\/strong>&#8216;deki <strong>MM Graphia tesisleri<\/strong> \u00e7at\u0131s\u0131na kurulan <strong>4.500 m<sup>2<\/sup><\/strong>\u2019lik sistem ile<strong> 3,5 MW<\/strong>&#8216;\u0131n \u00fczerinde so\u011fuk \u00e7\u0131kt\u0131 elde edilecek. <strong>Soliterm Group<\/strong>\u2019un geli\u015ftirdi\u011fi <strong>parabolik oluklu kolekt\u00f6rler<\/strong> ve <strong>enerji beslemesini<\/strong> sa\u011flayan <strong>termal depolama sistemi<\/strong>, tesisin<strong> t\u00fcm \u0131s\u0131tma-so\u011futma<\/strong> ve <strong>s\u0131cak su ihtiyac\u0131<\/strong>n\u0131 <strong>% 80<\/strong> oran\u0131nda <strong>g\u00fcne\u015f enerjisi<\/strong> ile kar\u015f\u0131layacak. Sistem sayesinde tesis y\u0131lda<strong> 3.000 tondan<\/strong> fazla <strong>CO2 emisyonunun<\/strong> \u00f6n\u00fcne ge\u00e7ecek. Ba\u015fka bir deyi\u015fle yakla\u015f\u0131k <strong>1000<\/strong> arac\u0131n <strong>1 y\u0131lda<\/strong> atmosfere sald\u0131\u011f\u0131 karbon miktar\u0131n\u0131<strong> 1 y\u0131lda<\/strong> geri kazand\u0131racak. <strong>MM Graphia tesisleri<\/strong>nde hayata ge\u00e7irilen sistem \u00f6l\u00e7ek itibariyle, d\u00fcnyan\u0131n bu alandaki en b\u00fcy\u00fck projesi olma \u00f6zelli\u011fini ta\u015f\u0131yor.<\/p>\n<p>Projenin MM Graphia \u00fcretim tesislerinde d\u00fczenlenen lansman\u0131nda, <em>Soliterm Group CEO<\/em>\u2019su <strong>Dr. Ahmet Lokurlu<\/strong> ve <em>MM Graphia CEO<\/em>\u2019su <strong>Fuat Polat<\/strong>; <em>Almanya \u0130zmir Ba\u015fkonsolosu<\/em> <strong>Dr. Detlev Wolter<\/strong>, <em>Almanya Ekonomi ve \u00c7evre Bakanl\u0131\u011f\u0131 Dan\u0131\u015fman\u0131 <\/em><strong>Dr. Tobias Junne<\/strong>\u2019un aralar\u0131nda bulundu\u011fu yurt i\u00e7i ve yurt d\u0131\u015f\u0131ndan gelen misafirlere,<strong> end\u00fcstriyel g\u00fcne\u015f enerjisi so\u011futma sistemi<\/strong>ni tan\u0131tarak bilgi verdiler.<\/p>\n<h3><strong>\u0130nsanl\u0131k i\u00e7in harekete ge\u00e7ilmeli<\/strong><\/h3>\n<p><em>Soliterm Group CEO<\/em>\u2019su <strong>Dr. Ahmet Lokurlu<\/strong>, g\u00fcne\u015f enerjisinin d\u00fcnyan\u0131n<strong> en de\u011ferli<\/strong> <strong>yenilenebilir enerji kayna\u011f\u0131<\/strong> oldu\u011funa vurgu yaparak, solar enerji yat\u0131r\u0131mlar\u0131n\u0131n gelinen noktada bir tercih de\u011fil zorunluluk oldu\u011funu belirtti. Lokurlu,<em> \u201cBirle\u015fmi\u015f Milletler\u2019in son bulgular\u0131na g\u00f6re, \u00f6n\u00fcm\u00fczdeki <strong>5 y\u0131l<\/strong> i\u00e7inde y\u0131ll\u0131k ortalama k\u00fcresel s\u0131cakl\u0131klar\u0131n<strong> Paris Anla\u015fmas\u0131\u2019yla<\/strong> belirlenen <strong>1,5 santigrat dereceyi<\/strong> a\u015fma ihtimali <strong>y\u00fczde 50<\/strong> oldu.<strong> 1,5 derece taahh\u00fcd\u00fc<\/strong>, i\u015f d\u00fcnyas\u0131n\u0131n ve \u00f6zellikle end\u00fcstri alan\u0131nda \u00e7al\u0131\u015fan \u015firketlerin \u00e7\u00f6z\u00fcme ortak olmas\u0131 ile ger\u00e7ekle\u015febilir. 2050 y\u0131l\u0131na kadar her y\u0131l <strong>200 milyondan fazla<\/strong> insan iklim de\u011fi\u015fikli\u011fi nedeniyle yerinden olabilir. Bunlar \u00e7ok ciddi rakamlar. Karar vericilerin, bir an \u00f6nce bir dakika bile beklemeden harekete ge\u00e7meleri insanl\u0131k ad\u0131na b\u00fcy\u00fck \u00f6nem ta\u015f\u0131yor\u201d ifadelerini kulland\u0131. Pandemi s\u00fcrecinin, insanl\u0131\u011f\u0131n s\u00fcrd\u00fcr\u00fclebilir ya\u015fam konusunda bir s\u0131navdan ge\u00e7mesine neden oldu\u011funu s\u00f6yleyen <strong>Lokurlu<\/strong>, <strong>MM Group<\/strong>\u2019un pandemi \u00f6ncesinde ba\u015flatt\u0131\u011f\u0131 bu \u00f6nemli ad\u0131m\u0131n d\u00fcnyay\u0131 de\u011fi\u015ftirme potansiyeli ta\u015f\u0131d\u0131\u011f\u0131n\u0131 s\u00f6yledi. Lokurlu, \u201cMM Graphia\u2019n\u0131n \u0130zmir tesislerinde, kurumun \u00e7ok de\u011ferli CEO\u2019su Fuat Polat liderli\u011finde cesur bir yat\u0131r\u0131m karar\u0131 al\u0131nd\u0131 ve yenilenebilir d\u00f6n\u00fc\u015f\u00fcm kusursuz bir bi\u00e7imde ger\u00e7ekle\u015fti. <strong>\u0130klim krizi ile m\u00fccadele<\/strong> sadece h\u00fck\u00fcmetlerin sorumlulu\u011funa b\u0131rak\u0131lamayacak kadar \u00f6nemli bir konudur ve i\u015f d\u00fcnyas\u0131n\u0131n cesur liderleri sayesinde h\u0131z kazanabilir. G\u00fcn\u00fcm\u00fczde <strong>enerji fiyat patlamalar\u0131,<\/strong> \u00f6n\u00fcne ge\u00e7ilemez bir d\u00fczeyde ger\u00e7ekle\u015fiyor. U\u011fruna sava\u015flar \u00e7\u0131kan enerji ile ilgili ad\u0131m atmak, sadece<strong> karbondioksit sal\u0131m\u0131<\/strong> i\u00e7in veya ekonomik olmas\u0131 i\u00e7in de\u011fil ayn\u0131 zamanda<strong> enerji ba\u011f\u0131ms\u0131zl\u0131\u011f\u0131<\/strong> i\u00e7in de \u00f6nem ta\u015f\u0131yor. T\u00fcrkiye\u2019nin sonsuz g\u00fcne\u015f kaynaklar\u0131 kullan\u0131larak; ya\u015fama ge\u00e7irilen projelerle bu ba\u011f\u0131ms\u0131zl\u0131k kazan\u0131labilir, projelerin <strong>enerji g\u00fcvenli\u011fi<\/strong> sa\u011flan\u0131r ve ekonomiye b\u00fcy\u00fck bir katk\u0131 sa\u011flanm\u0131\u015f olur\u201d<\/em> ifadelerini kulland\u0131.<\/p>\n<h3><strong>S\u00fcrd\u00fcr\u00fclebilirlik k\u00fclt\u00fcr\u00fcm\u00fcz\u00fcn yap\u0131ta\u015f\u0131<\/strong><\/h3>\n<p>D\u00fcnyan\u0131n en b\u00fcy\u00fck karton \u00fcreticilerinden biri olan MM Group, <strong>22<\/strong> \u00fclkedeki<strong> 52<\/strong> \u00fcretim tesisinde <strong>12.000&#8217;den fazla<\/strong> ki\u015fiyi istihdam ediyor. \u015eirket, <strong>1,5\u00b0C<\/strong> <strong>\u0130\u015f Tutkusu<\/strong>&#8216;nun bir par\u00e7as\u0131 olarak net s\u0131f\u0131r emisyon taahh\u00fcd\u00fc i\u00e7in geri d\u00f6n\u00fc\u015ft\u00fcr\u00fclebilir ve biyolojik olarak par\u00e7alanabilen karton ambalajlarla <strong>s\u00fcrd\u00fcr\u00fclebilir kalk\u0131nmay\u0131 te\u015fvik ediyor<\/strong> ve <strong>verimli bir \u00fcretimi<\/strong> hedefliyor. Grubun \u0130zmir&#8217;deki MM Graphia \u00fcretim tesisinde enerji, \u00fcretim s\u00fcre\u00e7lerinde ve iklimlendirme ihtiyac\u0131 i\u00e7in kullan\u0131l\u0131yor. MM Graphia CEO\u2019su Fuat Polat, <strong>ye\u015fil d\u00f6n\u00fc\u015f\u00fcm\u00fcn<\/strong> ve t\u00fcm s\u00fcre\u00e7lerde <strong>iklim merce\u011fi<\/strong> kullanman\u0131n MM Group k\u00fclt\u00fcr\u00fcn\u00fcn bir par\u00e7as\u0131 oldu\u011funa dikkat \u00e7ekerek, Soliterm i\u015f ortakl\u0131\u011f\u0131yla at\u0131lan ad\u0131m\u0131n oyun de\u011fi\u015ftirici bir etkisi oldu\u011funu s\u00f6yledi. Fuat Polat,<em> \u201c<strong>1,5\u00b0C<\/strong> <strong>\u0130\u015f Tutkusu<\/strong>, grubumuzun bu alandaki \u00e7al\u0131\u015fmalar\u0131n\u0131 \u00f6zetleyen i\u015f yapma bi\u00e7imi ve att\u0131\u011f\u0131m\u0131z her ad\u0131mda <strong>net s\u0131f\u0131r taahh\u00fcd\u00fcne<\/strong> olan ba\u011fl\u0131l\u0131\u011f\u0131m\u0131z\u0131 art\u0131r\u0131yoruz. Soliterm teknolojisi ile tesisimizde y\u0131lda <strong>3.000 ton<\/strong>dan fazla <strong>CO2 emisyonunun<\/strong> \u00f6n\u00fcne ge\u00e7ecek ve \u00e7ok daha \u00f6nemlisi \u00f6nemli bir \u00f6rnek te\u015fkil etmi\u015f olaca\u011f\u0131z\u201d dedi. <strong>2 y\u0131l \u00f6nce<\/strong> bu yat\u0131r\u0131ma ba\u015flayarak \u00e7ok do\u011fru bir karar verdiklerini belirten Fuat Polat, \u201cHem yeterli olmayan <strong>enerji kaynaklar\u0131<\/strong> hem de<strong> artan maliyetler<\/strong> kar\u015f\u0131s\u0131nda kurmu\u015f oldu\u011fumuz bu tesis sayesinde, <strong>termal enerji ihtiyac\u0131m\u0131z\u0131n<\/strong> b\u00fcy\u00fck bir b\u00f6l\u00fcm\u00fcn\u00fc kar\u015f\u0131lamakla kalmay\u0131p, ayn\u0131 zamanda <strong>yenilenebilir enerji kullan\u0131m\u0131<\/strong> sayesinde \u00f6ncelikle <strong>do\u011faya, insanlar\u0131m\u0131za<\/strong> ve<strong> \u00fclke ekonomisine<\/strong> b\u00fcy\u00fck katk\u0131lar sa\u011flam\u0131\u015f olaca\u011f\u0131z\u201d<\/em> ifadelerini kulland\u0131.<\/p>","protected":false},"excerpt":{"rendered":"<p>Sorry, this entry is only available in Turkish. For the sake of viewer convenience, the content is shown below in the alternative language. You may click the link to switch the active language. Merkezi Almanya\u2019n\u0131n Aachen kentinde bulunan, Dr. Ahmet Lokurlu liderli\u011findeki Soliterm Group, Avusturya men\u015feli MM Group\u2019un \u0130zmir\u2019deki \u00fcretim tesislerinde d\u00fcnyan\u0131n en b\u00fcy\u00fck end\u00fcstriyel [&hellip;]<\/p>\n","protected":false},"author":1,"featured_media":157756,"comment_status":"open","ping_status":"open","sticky":false,"template":"","format":"standard","meta":[],"categories":[51,53,49],"tags":[98262,104130,2206,104128,104127],"views":227,"_links":{"self":[{"href":"https:\/\/www.enerjigazetesi.ist\/en\/wp-json\/wp\/v2\/posts\/157751"}],"collection":[{"href":"https:\/\/www.enerjigazetesi.ist\/en\/wp-json\/wp\/v2\/posts"}],"about":[{"href":"https:\/\/www.enerjigazetesi.ist\/en\/wp-json\/wp\/v2\/types\/post"}],"author":[{"embeddable":true,"href":"https:\/\/www.enerjigazetesi.ist\/en\/wp-json\/wp\/v2\/users\/1"}],"replies":[{"embeddable":true,"href":"https:\/\/www.enerjigazetesi.ist\/en\/wp-json\/wp\/v2\/comments?post=157751"}],"version-history":[{"count":0,"href":"https:\/\/www.enerjigazetesi.ist\/en\/wp-json\/wp\/v2\/posts\/157751\/revisions"}],"wp:featuredmedia":[{"embeddable":true,"href":"https:\/\/www.enerjigazetesi.ist\/en\/wp-json\/wp\/v2\/media\/157756"}],"wp:attachment":[{"href":"https:\/\/www.enerjigazetesi.ist\/en\/wp-json\/wp\/v2\/media?parent=157751"}],"wp:term":[{"taxonomy":"category","embeddable":true,"href":"https:\/\/www.enerjigazetesi.ist\/en\/wp-json\/wp\/v2\/categories?post=157751"},{"taxonomy":"post_tag","embeddable":true,"href":"https:\/\/www.enerjigazetesi.ist\/en\/wp-json\/wp\/v2\/tags?post=157751"}],"curies":[{"name":"wp","href":"https:\/\/api.w.org\/{rel}","templated":true}]}}