{"id":157735,"date":"2022-06-20T10:18:07","date_gmt":"2022-06-20T07:18:07","guid":{"rendered":"https:\/\/www.enerjigazetesi.ist\/?p=157735"},"modified":"2022-06-20T10:19:10","modified_gmt":"2022-06-20T07:19:10","slug":"makine-sektoru-yesil-makineler-yesil-dunya-mottosuyla-tek-ses-oldu","status":"publish","type":"post","link":"https:\/\/www.enerjigazetesi.ist\/en\/makine-sektoru-yesil-makineler-yesil-dunya-mottosuyla-tek-ses-oldu\/","title":{"rendered":"(Turkish) Makine Sekt\u00f6r\u00fc &#8216;Ye\u015fil Makineler, Ye\u015fil D\u00fcnya&#8217; Mottosuyla Tek Ses Oldu"},"content":{"rendered":"<p class=\"qtranxs-available-languages-message qtranxs-available-languages-message-en\">Sorry, this entry is only available in <a href=\"https:\/\/www.enerjigazetesi.ist\/tr\/wp-json\/wp\/v2\/posts\/157735\" class=\"qtranxs-available-language-link qtranxs-available-language-link-tr\" title=\"Turkish\">Turkish<\/a>. For the sake of viewer convenience, the content is shown below in the alternative language. You may click the link to switch the active language.<\/p><p><\/p>\n<h2><strong>T\u00fcrkiye Makine Federasyonu (MAKFED), \u201cYe\u015fil Makineler, Ye\u015fil D\u00fcnya\u201d mottosuyla 16 Haziran\u2019da \u0130stanbul\u2019da ger\u00e7ekle\u015ftirdi\u011fi Makine Zirvesi\u2019nde, i\u015f d\u00fcnyas\u0131n\u0131 bir araya getirdi. Zirvede yapt\u0131\u011f\u0131 konu\u015fmada T\u00fcrkiye\u2019nin 2053 y\u0131l\u0131 N\u00f6tr Karbon hedefine, \u00e7ekirde\u011finde makine sekt\u00f6r\u00fcn\u00fcn oldu\u011fu bir stratejiyle ilerleyebilece\u011fine vurgu yap\u0131ld\u0131.<\/strong><\/h2>\n<p>Pandemi etkisinde ge\u00e7en <strong>2 y\u0131ll\u0131k d\u00f6nemin<\/strong> sonunda yat\u0131r\u0131m\u0131n\u0131 <strong>% 49<\/strong>, \u00fcretimini <strong>% 42<\/strong> art\u0131rmay\u0131 <img loading=\"lazy\" class=\"alignright wp-image-157738\" src=\"https:\/\/www.enerjigazetesi.ist\/wp-content\/uploads\/2022\/06\/makine-sektoru-yesil-makineler-yesil-dunya-mottosuyla-tek-ses-oldu-2.jpg\" alt=\"\" width=\"320\" height=\"219\" srcset=\"https:\/\/www.enerjigazetesi.ist\/wp-content\/uploads\/2022\/06\/makine-sektoru-yesil-makineler-yesil-dunya-mottosuyla-tek-ses-oldu-2.jpg 550w, https:\/\/www.enerjigazetesi.ist\/wp-content\/uploads\/2022\/06\/makine-sektoru-yesil-makineler-yesil-dunya-mottosuyla-tek-ses-oldu-2-300x205.jpg 300w, https:\/\/www.enerjigazetesi.ist\/wp-content\/uploads\/2022\/06\/makine-sektoru-yesil-makineler-yesil-dunya-mottosuyla-tek-ses-oldu-2-500x342.jpg 500w, https:\/\/www.enerjigazetesi.ist\/wp-content\/uploads\/2022\/06\/makine-sektoru-yesil-makineler-yesil-dunya-mottosuyla-tek-ses-oldu-2-73x50.jpg 73w\" sizes=\"(max-width: 320px) 100vw, 320px\" \/>ba\u015faran ve <strong>23 milyar dolar<\/strong> ihracatla T\u00fcrkiye\u2019nin en b\u00fcy\u00fck <strong>3 sekt\u00f6r\u00fc<\/strong> aras\u0131na giren<strong> makine imalat sekt\u00f6r\u00fc<\/strong>, 16 Haziran\u2019da <strong>\u0130stanbul\u2019da<\/strong> d\u00fczenlenen <strong>Makine Zirvesi\u2019nde<\/strong> bir araya geldi. <strong>MAKFED<\/strong> ve <strong>\u00fcye derneklerin<\/strong> y\u00f6netim kurullar\u0131 ile sekt\u00f6r\u00fcn ve tedarik\u00e7ilerinin \u00fcst d\u00fczey y\u00f6neticilerinin i\u015ftirak etti\u011fi zirvenin a\u00e7\u0131l\u0131\u015f oturumunda konuklar aras\u0131nda yer alan<em> Sanayi ve Teknoloji Bakan\u0131 <strong>Mustafa Varank<\/strong>, Arupa Birli\u011fi T\u00fcrkiye Delegasyonu Ba\u015fkan\u0131 B\u00fcy\u00fckel\u00e7i <strong>Nikolaus Meyer-Landrut<\/strong> ve T\u0130M Ba\u015fkan\u0131 <strong>Mustafa G\u00fcltepe<\/strong><\/em> de kat\u0131l\u0131mc\u0131lara seslendi.<\/p>\n<h3><strong>\u201cB\u00fcy\u00fcme; katma de\u011fer ve \u00fcretim \u00fczerinden sa\u011flanmal\u0131\u201d<\/strong><\/h3>\n<p>Makine hakk\u0131nda konu\u015furken sadece bir sekt\u00f6r\u00fc de\u011fil, bir \u00fclkenin \u00fcretim kabiliyetini, yani rekabet g\u00fcc\u00fcn\u00fc konu\u015ftuklar\u0131n\u0131 ifade eden <strong>MAKFED Ba\u015fkan\u0131 Adnan Dalgak\u0131ran <\/strong><span style=\"text-decoration: underline;\">\u015funlar\u0131 s\u00f6yledi:<\/span><\/p>\n<p><em>\u201cT\u00fcrkiye\u2019nin b\u00fcy\u00fcmesini <strong>katma de\u011fer<\/strong> ve<strong> \u00fcretim<\/strong> \u00fczerinden ger\u00e7ekle\u015ftirmesi, b\u00fcy\u00fcmede s\u00fcrd\u00fcr\u00fclebilirli\u011fin \u00f6ne \u00e7\u0131kmas\u0131 gerekir. D\u00fcnyada art\u0131k, bir i\u015fin tamam\u0131n\u0131 yapabilmek de\u011fil, yap\u0131l\u0131rken ortaya \u00e7\u0131kan de\u011fer zincirinden en b\u00fcy\u00fck pay\u0131 almak marifet kabul ediliyor. Bunun da bilgi ya da teknoloji \u00fcretimi ve markala\u015fmayla sa\u011fland\u0131\u011f\u0131n\u0131 biliyoruz. E\u011fer <strong>elektronik<\/strong> ve<strong> yaz\u0131l\u0131m sekt\u00f6rleriyle<\/strong> i\u015f birli\u011fimiz geli\u015firse, makinelerimizin <strong>rekabet\u00e7ili\u011fi<\/strong> ve <strong>pazardaki de\u011feri de<\/strong> artacakt\u0131r. <strong>Ye\u015fil D\u00f6n\u00fc\u015f\u00fcm<\/strong>\u2019\u00fcn as\u0131l konusu standartlard\u0131r ve standartlar\u0131 belirlemek, belirleyen mekanizmalar i\u00e7inde yer almak \u00fclkemize <strong>\u00f6nemli<\/strong> ve<strong> stratejik avantajlar<\/strong> sa\u011flayacakt\u0131r. T\u00fcrkiye\u2019nin bunu kendi ba\u015f\u0131na yapabilmesi elbette m\u00fcmk\u00fcn de\u011fil ama<strong> ihtisas derneklerimiz<\/strong>, \u00fcye olduklar\u0131 <strong>AB \u00f6rg\u00fctleri<\/strong> arac\u0131l\u0131\u011f\u0131yla bu haz\u0131rl\u0131klarda g\u00f6rev alarak s\u00fcre\u00e7lere b\u00fcy\u00fck katk\u0131 sa\u011flayacakt\u0131r. <strong>\u00dcr\u00fcn<\/strong> ve <strong>teknoloji \u00e7e\u015fitlili\u011fi<\/strong> ile fark yaratarak uluslararas\u0131 <strong>rekabette h\u0131zl\u0131 g\u00fc\u00e7leniyoruz<\/strong>, ekonomiye y\u00f6n veren bir sekt\u00f6r olmakta kararl\u0131y\u0131z. T\u00fcrkiye\u2019yi makine b\u00fcy\u00fctecek\u201d.<\/em><\/p>\n<h3><strong>\u201cSekt\u00f6re yap\u0131lan yat\u0131r\u0131m, ekonomiye misliyle d\u00f6n\u00fcyor\u201d<\/strong><\/h3>\n<p>Zirve\u2019nin a\u00e7\u0131l\u0131\u015f\u0131nda konuklara hitap eden <strong>Sanayi ve Teknoloji Bakan\u0131 Mustafa Varank <\/strong>ise, makine sekt\u00f6r\u00fcn\u00fcn imalat sanayiinde kilit rolde oldu\u011funu vurgulayarak <em>\u201c<strong>18 bin 300 firma<\/strong> ile faaliyet g\u00f6steren sekt\u00f6r, <strong>23 milyar dolar\u0131<\/strong> a\u015fan performans\u0131yla 2021 y\u0131l\u0131nda en fazla ihracat yapan sekt\u00f6rlerden biri oldu\u201d dedi. Bakan Varank, konu\u015fmas\u0131nda \u201cTeknoloji Odakl\u0131 Sanayi Hamlesi Program\u0131: \u00dcretimde<strong> Yap\u0131sal D\u00f6n\u00fc\u015f\u00fcm \u00c7a\u011fr\u0131s\u0131<\/strong>\u201dn\u0131n de\u011ferlendirme sonu\u00e7lar\u0131n\u0131n a\u00e7\u0131klanaca\u011f\u0131 m\u00fcjdesini de verdi. <strong>Avrupa Ye\u015fil Mutabakat\u0131<\/strong>\u2019na uyumla ilgili gerekli t\u00fcm haz\u0131rl\u0131klar\u0131 yapmakta olduklar\u0131ndan da s\u00f6z eden Varank, konu\u015fmas\u0131n\u0131 \u201c<strong>yat\u0131r\u0131m, \u00fcretim <\/strong>ve<strong> istihdam<\/strong> politikalar\u0131m\u0131zda k\u00f6kl\u00fc de\u011fi\u015fikliklere yol a\u00e7acak<strong> d\u00f6n\u00fc\u015f\u00fcm\u00fc, ekonomik kalk\u0131nmam\u0131za<\/strong> uygun \u015fekilde hayata ge\u00e7irece\u011fiz\u201d<\/em> \u015feklinde s\u00fcrd\u00fcrd\u00fc.<\/p>\n<p><strong>Makine sekt\u00f6r\u00fcn\u00fcn<\/strong> b\u00fcy\u00fcmede kritik konumda oldu\u011fundan, ayr\u0131ca,<strong> ana<\/strong> ve<strong> yan sanayinin<\/strong>, geli\u015ftik\u00e7e pe\u015fi s\u0131ra pek \u00e7ok sekt\u00f6r\u00fc de besleyen bir yap\u0131da oldu\u011fundan bahseden Varank, <em>\u201cSekt\u00f6re yap\u0131lan bir birim yat\u0131r\u0131m, ekonomiye misliyle katma de\u011fer olarak geri d\u00f6n\u00fcyor\u201d dedi. <strong>Ye\u015fil<\/strong> ve <strong>dijital d\u00f6n\u00fc\u015f\u00fcme<\/strong> y\u00f6nelik \u00e7al\u0131\u015fmalar\u0131n, sekt\u00f6re b\u00fcy\u00fck katk\u0131lar sa\u011flayaca\u011f\u0131na ve yak\u0131n d\u00f6nemde rekabet\u00e7ili\u011fi \u00e7ok daha ileri bir noktaya ta\u015f\u0131yaca\u011f\u0131na vurgu yapan Varank, konu\u015fmas\u0131n\u0131 \u201cT\u00fcm i\u015fletmelerimizi Bakanl\u0131\u011f\u0131m\u0131zla s\u0131k\u0131 dirsek temas\u0131 i\u00e7inde olmaya ve <strong>Bakanl\u0131\u011f\u0131m\u0131z\u0131n desteklerinden<\/strong> faydalanmaya davet ediyorum\u201d<\/em> diyerek sonland\u0131rd\u0131.<\/p>\n<h3><strong>&#8220;Ger\u00e7ek s\u00fcrd\u00fcr\u00fclebilirli\u011fe ge\u00e7memiz gerekiyor&#8221;<\/strong><\/h3>\n<p>Zirvede AB\u2019nin <strong>iklim de\u011fi\u015fikli\u011fi<\/strong> ve <strong>ikiz d\u00f6n\u00fc\u015f\u00fcm politikalar\u0131<\/strong> \u00fczerine bir konu\u015fma yapan <strong>Avrupa Birli\u011fi T\u00fcrkiye Delegasyonu Ba\u015fkan\u0131 B\u00fcy\u00fckel\u00e7i Nikolaus Meyer-Landrut<\/strong> ise \u00fcretim ve t\u00fcketim kal\u0131plar\u0131n\u0131n makinelerin <strong>ye\u015filli\u011finin de irdelendi\u011fi<\/strong> g\u00fcncel y\u00f6nelime uygun hale getirilmesi gerekti\u011fini s\u00f6yledi. <strong>Meyer-Landrut<\/strong>, 2019\u2019da a\u00e7\u0131klanan <strong>Ye\u015fil Mutabakat\u0131n<\/strong>, Avrupa Birli\u011fi\u2019nin <strong>iklim de\u011fi\u015fikli\u011fi<\/strong> sorununa yan\u0131t vermek \u00fczere uygulamaya soktu\u011fu<strong> yeni ekonomik b\u00fcy\u00fcme stratejisi<\/strong> oldu\u011funu aktard\u0131.<\/p>\n<p>Koronavir\u00fcs salg\u0131n\u0131n\u0131n ve <strong>Rusya<\/strong>&#8216;n\u0131n <strong>Ukrayna<\/strong>&#8216;ya kar\u015f\u0131 a\u00e7t\u0131\u011f\u0131 sava\u015f\u0131n,<strong> k\u00fcresel ekonomik d\u00fczenin<\/strong> ne kadar hassas oldu\u011funu bir defa daha g\u00f6zler \u00f6n\u00fcne serdi\u011fini belirten Meyer-Landrut, s\u00f6zlerine <span style=\"text-decoration: underline;\">\u015f\u00f6yle devam etti:<\/span><em> &#8220;Ger\u00e7ek s\u00fcrd\u00fcr\u00fclebilirli\u011fe ge\u00e7memiz gerekiyor. <strong>S\u00fcrd\u00fcr\u00fclebilir \u00fcr\u00fcn giri\u015fimi<\/strong>, bu y\u0131l mart ay\u0131nda a\u00e7\u0131kland\u0131. Ekonomik modelde <strong>s\u00fcrd\u00fcr\u00fclebilir bir d\u00f6n\u00fc\u015f\u00fcm<\/strong> hedefleyen bu giri\u015fim, sadece enerji verimlili\u011fini te\u015fvik etmekle kalm\u0131yor, baz\u0131 \u00fcr\u00fcnlerde \u00e7evresel etkilerin genel anlamda azalt\u0131lmas\u0131n\u0131 da \u00f6ng\u00f6r\u00fcyor.&#8221; <strong>Meyer-Landrut<\/strong>, T\u00fcrkiye&#8217;nin \u00e7ok \u00f6nemli ticaret ortaklar\u0131 oldu\u011funu da aktararak, &#8220;<strong>6. B\u00fcy\u00fck Ticaret Orta\u011f\u0131m\u0131zs\u0131n\u0131z<\/strong> ve <strong>Avrupa Birli\u011fi<\/strong>, T\u00fcrkiye\u2019nin en b\u00fcy\u00fck ihracat pazar\u0131. Ticaret hacmimiz 2021\u2019de <strong>157 milyar avronun<\/strong> \u00fczerine \u00e7\u0131kt\u0131. <strong>Avrupa Birli\u011fi<\/strong> ve <strong>T\u00fcrk \u015firketleri<\/strong> aras\u0131nda \u00f6zellikle <strong>makine, tekstil<\/strong> ve<strong> otomotiv sekt\u00f6rleri<\/strong> olmak \u00fczere derin bir de\u011fer zinciri var\u201d<\/em> \u00eefadelerini kulland\u0131.<\/p>\n<h3><strong>\u201c500 milyar dolar ihracat i\u00e7in, ye\u015fil d\u00f6n\u00fc\u015f\u00fcm\u00fc elbirli\u011fi ile ba\u015faraca\u011f\u0131z\u201d<\/strong><\/h3>\n<p><strong>T\u0130M T\u00fcrkiye \u0130hracat\u00e7\u0131lar Meclisi<\/strong>\u2019nin yeni Y\u00f6netim Kurulu Ba\u015fkan\u0131 <strong>Mustafa G\u00fcltepe<\/strong> ise, <em>\u201c<strong>\u0130klim de\u011fi\u015fikli\u011finin menfi etkilerini<\/strong> her alanda hissediyoruz. <strong>Ye\u015fil D\u00f6n\u00fc\u015f\u00fcm<\/strong> tercih de\u011fil zorunluluk haline geldi\u201d diyerek <strong>karbon sal\u0131m\u0131n\u0131n\u0131<\/strong> asgariye indirecek<strong> makine<\/strong> ve<strong> \u00fcretim<\/strong> y\u00f6ntemlerine ihtiyac\u0131n h\u0131zla artaca\u011f\u0131n\u0131n alt\u0131n\u0131 \u00e7izdi.<\/em><\/p>\n<p><em>G\u00fcltepe, konu\u015fmas\u0131nda T\u0130M \u00e7at\u0131s\u0131 alt\u0131nda mevcut <strong>27<\/strong> sekt\u00f6rden <strong>61<\/strong> ihracat\u00e7\u0131 birli\u011finin, <strong>s\u00fcrd\u00fcr\u00fclebilir bir d\u00fcnya<\/strong> ve<strong> ye\u015fil \u00fcretim<\/strong> i\u00e7in elele \u00e7al\u0131\u015faca\u011f\u0131n\u0131 ve <strong>eylem planlar\u0131n\u0131<\/strong> a\u00e7\u0131klam\u0131\u015f bulunan <strong>tekstil, tar\u0131m<\/strong> ve <strong>hayvanc\u0131l\u0131k<\/strong> gibi sekt\u00f6rlerin<strong>, makine sekt\u00f6r\u00fcn\u00fcn<\/strong> haz\u0131rl\u0131klar\u0131ndan da istifade edece\u011fini a\u00e7\u0131klad\u0131. <strong>S\u0131f\u0131r emisyon hedefine varmak<\/strong> i\u00e7in imalat\u00e7\u0131 firmalara \u00f6nemli sorumluluk d\u00fc\u015ft\u00fc\u011f\u00fcnden bahseden G\u00fcltepe, \u201cBu y\u0131l sonunda ihracat\u0131m\u0131z <strong>250 milyar dolar\u0131<\/strong> a\u015facak, bir sonraki durak olan <strong>500 milyar dolara<\/strong> en k\u0131sa s\u00fcrede ula\u015fmak i\u00e7in<strong> ye\u015fil d\u00f6n\u00fc\u015f\u00fcm\u00fc el birli\u011fi ile<\/strong> ba\u015faraca\u011f\u0131z\u201d<\/em> ifadelerini kulland\u0131.<\/p>","protected":false},"excerpt":{"rendered":"<p>Sorry, this entry is only available in Turkish. For the sake of viewer convenience, the content is shown below in the alternative language. You may click the link to switch the active language. T\u00fcrkiye Makine Federasyonu (MAKFED), \u201cYe\u015fil Makineler, Ye\u015fil D\u00fcnya\u201d mottosuyla 16 Haziran\u2019da \u0130stanbul\u2019da ger\u00e7ekle\u015ftirdi\u011fi Makine Zirvesi\u2019nde, i\u015f d\u00fcnyas\u0131n\u0131 bir araya getirdi. Zirvede yapt\u0131\u011f\u0131 [&hellip;]<\/p>\n","protected":false},"author":1,"featured_media":157739,"comment_status":"open","ping_status":"open","sticky":false,"template":"","format":"standard","meta":[],"categories":[53,52],"tags":[98543,104118,104119,104117,104122,2482,104121,104120],"views":92,"_links":{"self":[{"href":"https:\/\/www.enerjigazetesi.ist\/en\/wp-json\/wp\/v2\/posts\/157735"}],"collection":[{"href":"https:\/\/www.enerjigazetesi.ist\/en\/wp-json\/wp\/v2\/posts"}],"about":[{"href":"https:\/\/www.enerjigazetesi.ist\/en\/wp-json\/wp\/v2\/types\/post"}],"author":[{"embeddable":true,"href":"https:\/\/www.enerjigazetesi.ist\/en\/wp-json\/wp\/v2\/users\/1"}],"replies":[{"embeddable":true,"href":"https:\/\/www.enerjigazetesi.ist\/en\/wp-json\/wp\/v2\/comments?post=157735"}],"version-history":[{"count":0,"href":"https:\/\/www.enerjigazetesi.ist\/en\/wp-json\/wp\/v2\/posts\/157735\/revisions"}],"wp:featuredmedia":[{"embeddable":true,"href":"https:\/\/www.enerjigazetesi.ist\/en\/wp-json\/wp\/v2\/media\/157739"}],"wp:attachment":[{"href":"https:\/\/www.enerjigazetesi.ist\/en\/wp-json\/wp\/v2\/media?parent=157735"}],"wp:term":[{"taxonomy":"category","embeddable":true,"href":"https:\/\/www.enerjigazetesi.ist\/en\/wp-json\/wp\/v2\/categories?post=157735"},{"taxonomy":"post_tag","embeddable":true,"href":"https:\/\/www.enerjigazetesi.ist\/en\/wp-json\/wp\/v2\/tags?post=157735"}],"curies":[{"name":"wp","href":"https:\/\/api.w.org\/{rel}","templated":true}]}}