{"id":157723,"date":"2022-06-19T23:46:59","date_gmt":"2022-06-19T20:46:59","guid":{"rendered":"https:\/\/www.enerjigazetesi.ist\/?p=157723"},"modified":"2022-06-19T23:52:55","modified_gmt":"2022-06-19T20:52:55","slug":"elektrikli-arac-ve-yenilenebilir-teknolojilere-3-milyar-dolarlik-yatirim-yapilacak","status":"publish","type":"post","link":"https:\/\/www.enerjigazetesi.ist\/en\/elektrikli-arac-ve-yenilenebilir-teknolojilere-3-milyar-dolarlik-yatirim-yapilacak\/","title":{"rendered":"(Turkish) Elektrikli Ara\u00e7 ve Yenilenebilir Teknolojilere 3 Milyar Dolarl\u0131k Yat\u0131r\u0131m&#8230;"},"content":{"rendered":"<p class=\"qtranxs-available-languages-message qtranxs-available-languages-message-en\">Sorry, this entry is only available in <a href=\"https:\/\/www.enerjigazetesi.ist\/tr\/wp-json\/wp\/v2\/posts\/157723\" class=\"qtranxs-available-language-link qtranxs-available-language-link-tr\" title=\"Turkish\">Turkish<\/a>. For the sake of viewer convenience, the content is shown below in the alternative language. You may click the link to switch the active language.<\/p><p><\/p>\n<h2>Bakan D\u00f6nmez, Elektrik Da\u011f\u0131t\u0131m Hizmetleri Derne\u011fi (ELDER) 14&#8217;\u00fcnc\u00fc Sekt\u00f6r De\u011ferlendirme Toplant\u0131s\u0131&#8217;nda yapt\u0131\u011f\u0131 konu\u015fmada, bug\u00fcn \u00f6zellikle do\u011fal afet zaman\u0131nda da\u011f\u0131t\u0131m \u015firketlerinin ataca\u011f\u0131 ad\u0131mlar\u0131 ele alacaklar\u0131n\u0131 ifade etti.<\/h2>\n<p><strong>Elektrik da\u011f\u0131t\u0131m<\/strong> sekt\u00f6r\u00fcn\u00fcn <strong>2021&#8217;de<\/strong> ya\u015fanan k\u00fcresel tedarik sorunlar\u0131na ra\u011fmen yat\u0131r\u0131mlar\u0131n\u0131 b\u00fcy\u00fck oranda ger\u00e7ekle\u015ftirdi\u011fini vurgulayan\u00a0D\u00f6nmez, <em>&#8220;<strong>2016-2020<\/strong> aras\u0131nda yani <strong>3&#8217;\u00fcnc\u00fc uygulama<\/strong> d\u00f6neminde toplam <strong>74,3 milyar liral\u0131k<\/strong> elektrik da\u011f\u0131t\u0131m yat\u0131r\u0131m\u0131 yap\u0131ld\u0131. <strong>2021-2025 y\u0131llar\u0131n\u0131<\/strong> <img loading=\"lazy\" class=\"alignright wp-image-157725\" src=\"https:\/\/www.enerjigazetesi.ist\/wp-content\/uploads\/2022\/06\/elektrikli-arac-ve-yenilenebilir-teknolojilere-3-milyar-dolarlik-yatirim-yapilacak.jpg\" alt=\"\" width=\"320\" height=\"211\" srcset=\"https:\/\/www.enerjigazetesi.ist\/wp-content\/uploads\/2022\/06\/elektrikli-arac-ve-yenilenebilir-teknolojilere-3-milyar-dolarlik-yatirim-yapilacak.jpg 550w, https:\/\/www.enerjigazetesi.ist\/wp-content\/uploads\/2022\/06\/elektrikli-arac-ve-yenilenebilir-teknolojilere-3-milyar-dolarlik-yatirim-yapilacak-300x197.jpg 300w, https:\/\/www.enerjigazetesi.ist\/wp-content\/uploads\/2022\/06\/elektrikli-arac-ve-yenilenebilir-teknolojilere-3-milyar-dolarlik-yatirim-yapilacak-500x329.jpg 500w, https:\/\/www.enerjigazetesi.ist\/wp-content\/uploads\/2022\/06\/elektrikli-arac-ve-yenilenebilir-teknolojilere-3-milyar-dolarlik-yatirim-yapilacak-76x50.jpg 76w\" sizes=\"(max-width: 320px) 100vw, 320px\" \/>kapsayan <strong>4. uygulama d\u00f6nemi<\/strong> i\u00e7in bu rakam<strong> 124 milyar lira<\/strong> olarak belirlendi. Halihaz\u0131rda <strong>16 milyar lira<\/strong>s\u0131 \u015febeke, <strong>4 milyar liras\u0131<\/strong> da di\u011fer yat\u0131r\u0131mlar olmak \u00fczere toplam <strong>20 milyar liral\u0131k<\/strong> yat\u0131r\u0131m hayata ge\u00e7irildi.&#8221;<\/em> diye konu\u015ftu.<\/p>\n<p>Bakan\u00a0D\u00f6nmez, <strong>planl\u0131 bak\u0131m<\/strong> i\u00e7in de <strong>% 99,3<\/strong>&#8216;l\u00fck ger\u00e7ekle\u015fme oran\u0131na ula\u015f\u0131ld\u0131\u011f\u0131na dikkati \u00e7ekerek, burada <strong>daimi rehabilitasyon, yenileme<\/strong> ve <strong>geli\u015ftirmenin<\/strong> \u00f6nemli oldu\u011funu anlatt\u0131.<\/p>\n<p><strong>Elektrikte kay\u0131p oran\u0131<\/strong>n\u0131n 2000&#8217;li y\u0131llar\u0131n ba\u015f\u0131nda <strong>% 20<\/strong>&#8216;den fazla oldu\u011funu kaydeden\u00a0D\u00f6nmez, <em>&#8220;Bug\u00fcn ise neredeyse yar\u0131 yar\u0131ya bir d\u00fc\u015f\u00fc\u015f g\u00f6r\u00fcyoruz. <strong>2021&#8217;de<\/strong> elektrikte kay\u0131p oran\u0131n\u0131 <strong>y\u00fczde 11,9<\/strong>&#8216;a d\u00fc\u015f\u00fcrd\u00fck.&#8221;<\/em> ifadesini kulland\u0131.<\/p>\n<h3><strong>Resmi ve dini bayramlarda bor\u00e7tan kaynakl\u0131 kesinti yap\u0131lmayacak<\/strong><\/h3>\n<p>D\u00f6nmez,<strong> m\u00fc\u015fteri memnuniyeti<\/strong> kapsam\u0131nda \u00e7a\u011fr\u0131 merkezlerine gelen aramalar\u0131n da \u00f6nemine de\u011finerek, \u015firketlerin <strong>\u00e7a\u011fr\u0131 merkezlerine ula\u015f\u0131labilirlik<\/strong> oran\u0131n\u0131n <strong>% 99,5<\/strong> oldu\u011funu aktard\u0131.<\/p>\n<p>\u015eirketlerin <strong>bak\u0131m zaman\u0131, i\u00e7eri\u011fi, kullan\u0131lan malzeme <\/strong>ve <strong>tutanaklar<\/strong> gibi verilerin raporland\u0131\u011f\u0131 <strong>Bak\u0131m Y\u00f6netim Sistemi<\/strong>&#8216;ni kuracaklar\u0131 bilgisini veren\u00a0D\u00f6nmez, <em>&#8220;Acil durumlara ili\u015fkin bir y\u00f6netim planlar\u0131 olacak. Gerekiyorsa <strong>\u0130HA&#8217;lar\u0131<\/strong> ve <strong>dronlar\u0131<\/strong> envanterlerine dahil etmelerini arzu ediyoruz. Yine olas\u0131 bir durumda <strong>mobil jenerat\u00f6rlerin<\/strong> sahada haz\u0131r bulunmas\u0131n\u0131 bekliyoruz. Vatanda\u015flar\u0131m\u0131z\u0131n ald\u0131\u011f\u0131<strong> hizmetin kalitesi<\/strong> ve<strong> h\u0131zl\u0131 olmas\u0131<\/strong> kadar kolay eri\u015filebilir olmas\u0131 da bizler i\u00e7in \u00f6nemli bir husus.&#8221;<\/em> de\u011ferlendirmesinde bulundu.<\/p>\n<p>D\u00f6nmez, bor\u00e7tan kaynakl\u0131 kesintilerin<strong> resmi<\/strong> ve<strong> dini bayramlar ile cuma, cumartesi<\/strong> ve <strong>pazar g\u00fcnleri<\/strong> yap\u0131lmamas\u0131na ili\u015fkin uygulaman\u0131n da hayata ge\u00e7irildi\u011fini hat\u0131rlatt\u0131.<\/p>\n<p><strong>Yeni da\u011f\u0131t\u0131m \u015febekesi modelleri<\/strong> ve <strong>teknolojilerinin<\/strong> \u00f6neminin de alt\u0131n\u0131 \u00e7izen\u00a0D\u00f6nmez, \u015f<span style=\"text-decoration: underline;\">\u00f6yle devam etti:<\/span><\/p>\n<p><em>&#8220;\u00d6n\u00fcm\u00fczdeki y\u0131llar\u0131n en \u00f6nemli konu ba\u015fl\u0131klar\u0131ndan biri <strong>elektrikli otomobiller<\/strong> olacak. 2030&#8217;a kadar<strong> elektrikli ara\u00e7 \u015febeke altyap\u0131s\u0131<\/strong> i\u00e7in <strong>1 milyar dolarl\u0131k yat\u0131r\u0131m<\/strong> yap\u0131lacak. Da\u011f\u0131t\u0131k enerji \u00fcretimi \u00f6zellikle ana \u015febekeye binen y\u00fck\u00fcn azalt\u0131lmas\u0131 a\u00e7\u0131s\u0131ndan \u00f6nemli. Bu nedenle, <strong>2030&#8217;a kadar<\/strong> <strong>da\u011f\u0131t\u0131k \u00fcretim<\/strong> ve <strong>yenilenebilir enerji teknolojileri<\/strong> i\u00e7in <strong>2 milyar dolarl\u0131k<\/strong> \u015febeke yat\u0131r\u0131m\u0131 yap\u0131lmas\u0131 gerekiyor.&#8221;<\/em><\/p>\n<p>Bakan\u00a0D\u00f6nmez, <strong>siber g\u00fcvenlik<\/strong> ve <strong>dijital d\u00f6n\u00fc\u015f\u00fcm\u00fcn<\/strong> sekt\u00f6r i\u00e7in kritik oldu\u011funa dikkati \u00e7ekerek, s\u00f6zlerini <span style=\"text-decoration: underline;\">\u015f\u00f6yle tamamlad\u0131:<\/span><\/p>\n<p><em>&#8220;Dijital olgunluk seviyemizi art\u0131racak uygulamalar\u0131 hayata ge\u00e7irdik\u00e7e, <strong>t\u00fcketici memnuniyeti<\/strong> ve <strong>\u015febeke g\u00fcvenli\u011fimiz de<\/strong> ayn\u0131 oranda artacak. <strong>Sekt\u00f6rel siber atak da\u011f\u0131l\u0131m\u0131na<\/strong> geldi\u011fimizde ise orada olduk\u00e7a pop\u00fcler oldu\u011fumuzu g\u00f6r\u00fcyoruz. Siber sald\u0131r\u0131lar\u0131n <strong>y\u00fczde 11<\/strong>&#8216;i enerji sekt\u00f6r\u00fcne yap\u0131l\u0131yor. Yakla\u015f\u0131k <strong>9<\/strong> siber ataktan<strong> 1&#8217;inin<\/strong> enerji sekt\u00f6r\u00fcne yap\u0131l\u0131yor olmas\u0131 <strong>dijital g\u00fcvenlik meselesi<\/strong>nin \u00f6nemini g\u00f6steriyor.&#8221;\u200b\u200b\u200b\u200b\u200b\u200b\u200b<\/em><\/p>","protected":false},"excerpt":{"rendered":"<p>Sorry, this entry is only available in Turkish. For the sake of viewer convenience, the content is shown below in the alternative language. You may click the link to switch the active language. Bakan D\u00f6nmez, Elektrik Da\u011f\u0131t\u0131m Hizmetleri Derne\u011fi (ELDER) 14&#8217;\u00fcnc\u00fc Sekt\u00f6r De\u011ferlendirme Toplant\u0131s\u0131&#8217;nda yapt\u0131\u011f\u0131 konu\u015fmada, bug\u00fcn \u00f6zellikle do\u011fal afet zaman\u0131nda da\u011f\u0131t\u0131m \u015firketlerinin ataca\u011f\u0131 ad\u0131mlar\u0131 [&hellip;]<\/p>\n","protected":false},"author":1,"featured_media":157728,"comment_status":"open","ping_status":"open","sticky":false,"template":"","format":"standard","meta":[],"categories":[51,53],"tags":[102712,86639,65147,1824,7315,104115],"views":105,"_links":{"self":[{"href":"https:\/\/www.enerjigazetesi.ist\/en\/wp-json\/wp\/v2\/posts\/157723"}],"collection":[{"href":"https:\/\/www.enerjigazetesi.ist\/en\/wp-json\/wp\/v2\/posts"}],"about":[{"href":"https:\/\/www.enerjigazetesi.ist\/en\/wp-json\/wp\/v2\/types\/post"}],"author":[{"embeddable":true,"href":"https:\/\/www.enerjigazetesi.ist\/en\/wp-json\/wp\/v2\/users\/1"}],"replies":[{"embeddable":true,"href":"https:\/\/www.enerjigazetesi.ist\/en\/wp-json\/wp\/v2\/comments?post=157723"}],"version-history":[{"count":0,"href":"https:\/\/www.enerjigazetesi.ist\/en\/wp-json\/wp\/v2\/posts\/157723\/revisions"}],"wp:featuredmedia":[{"embeddable":true,"href":"https:\/\/www.enerjigazetesi.ist\/en\/wp-json\/wp\/v2\/media\/157728"}],"wp:attachment":[{"href":"https:\/\/www.enerjigazetesi.ist\/en\/wp-json\/wp\/v2\/media?parent=157723"}],"wp:term":[{"taxonomy":"category","embeddable":true,"href":"https:\/\/www.enerjigazetesi.ist\/en\/wp-json\/wp\/v2\/categories?post=157723"},{"taxonomy":"post_tag","embeddable":true,"href":"https:\/\/www.enerjigazetesi.ist\/en\/wp-json\/wp\/v2\/tags?post=157723"}],"curies":[{"name":"wp","href":"https:\/\/api.w.org\/{rel}","templated":true}]}}