{"id":157564,"date":"2022-06-16T22:58:07","date_gmt":"2022-06-16T19:58:07","guid":{"rendered":"https:\/\/www.enerjigazetesi.ist\/?p=157564"},"modified":"2022-06-16T22:58:43","modified_gmt":"2022-06-16T19:58:43","slug":"yaz-tatili-nde-guvenli-bir-yolculuk-icin-oneriler","status":"publish","type":"post","link":"https:\/\/www.enerjigazetesi.ist\/en\/yaz-tatili-nde-guvenli-bir-yolculuk-icin-oneriler\/","title":{"rendered":"(Turkish) Yaz Tatilinde G\u00fcvenli Bir Yolculuk \u0130\u00e7in \u00d6neriler&#8230;"},"content":{"rendered":"<p class=\"qtranxs-available-languages-message qtranxs-available-languages-message-en\">Sorry, this entry is only available in <a href=\"https:\/\/www.enerjigazetesi.ist\/tr\/wp-json\/wp\/v2\/posts\/157564\" class=\"qtranxs-available-language-link qtranxs-available-language-link-tr\" title=\"Turkish\">Turkish<\/a>. For the sake of viewer convenience, the content is shown below in the alternative language. You may click the link to switch the active language.<\/p><p><\/p>\n<h2>E\u011fitim y\u0131l\u0131n\u0131n biti\u015fi ve yaz mevsiminin gelmesi ile kara yoluyla seyahatler de fazlala\u015f\u0131rken yola \u00e7\u0131kmadan \u00f6nce g\u00fcvenli s\u00fcr\u00fc\u015f i\u00e7in yap\u0131lmas\u0131 gerekenlerin alt\u0131 \u00e7izilerek do\u011fru hava bas\u0131nc\u0131 ve do\u011fru lastik se\u00e7imi emniyetli ara\u00e7 yolculu\u011fu i\u00e7in en \u00f6nemli kriterler aras\u0131nda yer al\u0131yor.<\/h2>\n<p>Yaz <strong>mevsiminin<\/strong> gelmesi ile karayolunda uzun yol seyahatleri art\u0131\u015f g\u00f6sterirken yaz\u0131n ve tatilin keyfini \u00e7\u0131karmak i\u00e7in yola daha fazla arac\u0131n \u00e7\u0131kmas\u0131 \u00f6ng\u00f6r\u00fcl\u00fcyor. G\u00fcvenli s\u00fcr\u00fc\u015f <strong>d\u00f6rt mevsim<\/strong> \u00f6nem ifade ederken, havalar\u0131n \u0131s\u0131nmas\u0131yla daha da dikkatli olunmas\u0131 gerekiyor. Lastik \u00fcreticilerinden Goodyear, yaz<strong><img loading=\"lazy\" class=\"alignright wp-image-157581\" src=\"https:\/\/www.enerjigazetesi.ist\/wp-content\/uploads\/2022\/06\/yaz-tatili-nde-guvenli-bir-yolculuk-icin-oneriler-1.jpg\" alt=\"\" width=\"320\" height=\"214\" srcset=\"https:\/\/www.enerjigazetesi.ist\/wp-content\/uploads\/2022\/06\/yaz-tatili-nde-guvenli-bir-yolculuk-icin-oneriler-1.jpg 550w, https:\/\/www.enerjigazetesi.ist\/wp-content\/uploads\/2022\/06\/yaz-tatili-nde-guvenli-bir-yolculuk-icin-oneriler-1-300x200.jpg 300w, https:\/\/www.enerjigazetesi.ist\/wp-content\/uploads\/2022\/06\/yaz-tatili-nde-guvenli-bir-yolculuk-icin-oneriler-1-500x334.jpg 500w, https:\/\/www.enerjigazetesi.ist\/wp-content\/uploads\/2022\/06\/yaz-tatili-nde-guvenli-bir-yolculuk-icin-oneriler-1-75x50.jpg 75w, https:\/\/www.enerjigazetesi.ist\/wp-content\/uploads\/2022\/06\/yaz-tatili-nde-guvenli-bir-yolculuk-icin-oneriler-1-450x300.jpg 450w\" sizes=\"(max-width: 320px) 100vw, 320px\" \/><\/strong> aylar\u0131nda<strong> yaz lasti\u011fi se\u00e7ilmesi<\/strong> gerekti\u011fi konusunda <strong>s\u00fcr\u00fcc\u00fcleri uyar\u0131yor<\/strong> ve<strong> \u00f6nemli ipu\u00e7lar\u0131<\/strong> veriyor. <strong>Uzun s\u00fcre park halinde<\/strong> durmu\u015f olan <strong>ara\u00e7 lastikleri<\/strong>nin, tatil i\u00e7in yola \u00e7\u0131kmadan \u00f6nce<strong> bak\u0131m\u0131n\u0131n yap\u0131lmas\u0131<\/strong> ise g\u00fcvenli s\u00fcr\u00fc\u015f i\u00e7in \u00f6nem ta\u015f\u0131yor.<\/p>\n<h3><strong>Uzun s\u00fcre park halinde kalm\u0131\u015f ara\u00e7lar\u0131n lastiklerini koruyacak \u00f6neriler<\/strong><\/h3>\n<p>S\u00fcr\u00fcc\u00fclere, kendi emniyetleri ba\u015fta olmak \u00fczere aileleri ile keyifli ve g\u00fcvenli bir yaz tatili deneyimi i\u00e7in g\u00fcvenli <strong>s\u00fcr\u00fc\u015f keyfi \u00f6nerilerini<\/strong> s\u0131ral\u0131yor. Buna g\u00f6re, \u00f6ncelikle <strong>mevsime g\u00f6re lastik se\u00e7imi<\/strong> b\u00fcy\u00fck \u00f6nem ta\u015f\u0131yor. Yaz\u0131n y\u00fckselen s\u0131cakl\u0131kla beraber <strong>g\u00fcvenli s\u00fcr\u00fc\u015f<\/strong> ve <strong>d\u00fc\u015f\u00fck yak\u0131t t\u00fcketimi<\/strong> hem de <strong>lastik \u00f6mr\u00fcn\u00fc uzatmak<\/strong> amac\u0131yla yaz ya da <strong>4 mevsim lastiklerinin<\/strong> tercih edilmesi gerekiyor. Yaz lastikleri <strong>kuru<\/strong> ve<strong> \u0131slak zeminde<\/strong> iyi bir <strong>yol tutu\u015fu<\/strong> sa\u011flarken<strong> s\u00fcr\u00fc\u015f hakimiyeti<\/strong>ni de en \u00fcst seviye ta\u015f\u0131yor. \u0130statistiksel verilere g\u00f6re; \u00f6l\u00fcmle sonu\u00e7lanan kazalar\u0131n kuru yol kesimlerinde meydana geldi\u011fi d\u00fc\u015f\u00fcn\u00fcld\u00fc\u011f\u00fcnde, <strong>h\u0131zl\u0131 ara\u00e7 kullanmaya<\/strong> ba\u011fl\u0131 olarak <strong>kuru zeminde<\/strong> de l<strong>astiklerin yol tutu\u015funun<\/strong> <strong>zay\u0131flayaca\u011f\u0131, direksiyona y\u00f6n vermenin zorla\u015faca\u011f\u0131<\/strong> unutulmamal\u0131 ve <strong>limitler a\u015f\u0131lmamal\u0131.<\/strong><\/p>\n<p>S\u00fcr\u00fcc\u00fclerin araca binmeden \u00f6nce \u00e7evresini dola\u015f\u0131p<strong> s\u00fcr\u00fc\u015f g\u00fcvenli\u011fini<\/strong> etkileyebilecek olumsuz bir ko\u015ful olup olmad\u0131\u011f\u0131n\u0131 kontrol etmeleri gerekti\u011fini dile getirilirken bu sayede <strong>arac\u0131n genel durumunun da g\u00f6zlemlenebilece\u011fi<\/strong> ifade ediliyor.<\/p>\n<p><strong>Yol g\u00fcvenli\u011fini<\/strong> tehdit eden etkenlerin ba\u015f\u0131nda <strong>lasti\u011fin hasar alm\u0131\u015f olmas\u0131n\u0131n<\/strong> alt\u0131 \u00e7iziliyor. Uzun yola \u00e7\u0131kmadan \u00f6nce lasti\u011finizin genel durumu mutlaka kontrol edilmeli. Arac\u0131n\u0131z\u0131n lastiklerini, <strong>otomobil \u00fcreticilerinin<\/strong> tavsiye etti\u011fi <strong>bas\u0131n\u00e7 de\u011ferlerine<\/strong> uygun bir \u015fekilde <strong>\u015fi\u015firmek<\/strong>, lastik bak\u0131m\u0131nda en \u00f6nemli noktalardan biridir. Lasti\u011finizi<strong> yanl\u0131\u015f bas\u0131n\u00e7 de\u011ferleriyle<\/strong> \u015fi\u015firmek hem <strong>s\u00fcr\u00fc\u015f g\u00fcvenli\u011fini<\/strong> olumsuz etkileyebilir hem de <strong>yak\u0131t t\u00fcketimini<\/strong> art\u0131rabilmektedir.<\/p>\n<p>Arac\u0131n\u0131zdaki <strong>t\u00fcm s\u0131v\u0131lar\u0131 takviye etmenin<\/strong> \u00f6nemi de<strong> g\u00fcvenli bir yolculuk<\/strong> i\u00e7in \u00e7ok \u00f6nemli. <strong>Motor ya\u011f\u0131n\u0131z\u0131<\/strong> d\u00fczenli olarak kontrol etmeli,<strong> yeterli silecek suyu<\/strong> bulundu\u011fundan emin olmal\u0131s\u0131n\u0131z, bununla birlikte <strong>fren hidroli\u011fi<\/strong> veya <strong>motor so\u011futma suyunu da<\/strong> unutmaman\u0131z gerekiyor.<\/p>","protected":false},"excerpt":{"rendered":"<p>Sorry, this entry is only available in Turkish. For the sake of viewer convenience, the content is shown below in the alternative language. You may click the link to switch the active language. E\u011fitim y\u0131l\u0131n\u0131n biti\u015fi ve yaz mevsiminin gelmesi ile kara yoluyla seyahatler de fazlala\u015f\u0131rken yola \u00e7\u0131kmadan \u00f6nce g\u00fcvenli s\u00fcr\u00fc\u015f i\u00e7in yap\u0131lmas\u0131 gerekenlerin alt\u0131 [&hellip;]<\/p>\n","protected":false},"author":19,"featured_media":157580,"comment_status":"open","ping_status":"open","sticky":false,"template":"","format":"standard","meta":[],"categories":[53,52],"tags":[104049,104050,79019,104052,104051,67,103,13867,98409,104053,104048,57125,104047,30238],"views":123,"_links":{"self":[{"href":"https:\/\/www.enerjigazetesi.ist\/en\/wp-json\/wp\/v2\/posts\/157564"}],"collection":[{"href":"https:\/\/www.enerjigazetesi.ist\/en\/wp-json\/wp\/v2\/posts"}],"about":[{"href":"https:\/\/www.enerjigazetesi.ist\/en\/wp-json\/wp\/v2\/types\/post"}],"author":[{"embeddable":true,"href":"https:\/\/www.enerjigazetesi.ist\/en\/wp-json\/wp\/v2\/users\/19"}],"replies":[{"embeddable":true,"href":"https:\/\/www.enerjigazetesi.ist\/en\/wp-json\/wp\/v2\/comments?post=157564"}],"version-history":[{"count":0,"href":"https:\/\/www.enerjigazetesi.ist\/en\/wp-json\/wp\/v2\/posts\/157564\/revisions"}],"wp:featuredmedia":[{"embeddable":true,"href":"https:\/\/www.enerjigazetesi.ist\/en\/wp-json\/wp\/v2\/media\/157580"}],"wp:attachment":[{"href":"https:\/\/www.enerjigazetesi.ist\/en\/wp-json\/wp\/v2\/media?parent=157564"}],"wp:term":[{"taxonomy":"category","embeddable":true,"href":"https:\/\/www.enerjigazetesi.ist\/en\/wp-json\/wp\/v2\/categories?post=157564"},{"taxonomy":"post_tag","embeddable":true,"href":"https:\/\/www.enerjigazetesi.ist\/en\/wp-json\/wp\/v2\/tags?post=157564"}],"curies":[{"name":"wp","href":"https:\/\/api.w.org\/{rel}","templated":true}]}}