{"id":157512,"date":"2022-06-15T18:39:30","date_gmt":"2022-06-15T15:39:30","guid":{"rendered":"https:\/\/www.enerjigazetesi.ist\/?p=157512"},"modified":"2022-06-15T18:39:30","modified_gmt":"2022-06-15T15:39:30","slug":"ruzgarin-kanatlari-belgesel-filmi-izleyiciyle-bulusuyor","status":"publish","type":"post","link":"https:\/\/www.enerjigazetesi.ist\/en\/ruzgarin-kanatlari-belgesel-filmi-izleyiciyle-bulusuyor\/","title":{"rendered":"(Turkish) R\u00fczgar\u0131n Kanatlar\u0131 Belgesel Filmi \u0130zleyiciyle Bulu\u015fuyor"},"content":{"rendered":"<p class=\"qtranxs-available-languages-message qtranxs-available-languages-message-en\">Sorry, this entry is only available in <a href=\"https:\/\/www.enerjigazetesi.ist\/tr\/wp-json\/wp\/v2\/posts\/157512\" class=\"qtranxs-available-language-link qtranxs-available-language-link-tr\" title=\"Turkish\">Turkish<\/a>. For the sake of viewer convenience, the content is shown below in the alternative language. You may click the link to switch the active language.<\/p><p><\/p>\n<h2>Enerjisa \u00dcretim, belgesel film yap\u0131mc\u0131s\u0131 Co\u015fkun Aral ve ekibiyle \u00e7al\u0131\u015ft\u0131\u011f\u0131 \u201cR\u00fczgar\u0131n Kanatlar\u0131\u201d belgesel filmini \u00e7ekerken kurulu\u015f belgesel filmiyle enerji okur yazarl\u0131\u011f\u0131n\u0131 da art\u0131rmay\u0131 hedefliyor.<\/h2>\n<h3><strong>Belgesel Serisi 3 b\u00f6l\u00fcmden Meydana Geliyor<\/strong><\/h3>\n<p>Daha \u00f6nce <strong>Habitat TV<\/strong> ve <strong>Co\u015fkun Aral<\/strong>\u2019\u0131n liderli\u011fi ile <strong>Tufanbeyli Santrali<\/strong> ve<strong> Yamanl\u0131 II Hidroelektrik Santrali<\/strong> yak\u0131nlar\u0131nda nesli t\u00fckenmekte olan <strong>endemik kelebek<\/strong> t\u00fcr\u00fcne dikkat \u00e7ekmek <img loading=\"lazy\" class=\"alignright wp-image-157514\" src=\"https:\/\/www.enerjigazetesi.ist\/wp-content\/uploads\/2022\/06\/ruzgarin-kanatlari-belgesel-filmi-izleyiciyle-bulusuyor.jpg\" alt=\"\" width=\"320\" height=\"219\" srcset=\"https:\/\/www.enerjigazetesi.ist\/wp-content\/uploads\/2022\/06\/ruzgarin-kanatlari-belgesel-filmi-izleyiciyle-bulusuyor.jpg 524w, https:\/\/www.enerjigazetesi.ist\/wp-content\/uploads\/2022\/06\/ruzgarin-kanatlari-belgesel-filmi-izleyiciyle-bulusuyor-300x206.jpg 300w, https:\/\/www.enerjigazetesi.ist\/wp-content\/uploads\/2022\/06\/ruzgarin-kanatlari-belgesel-filmi-izleyiciyle-bulusuyor-500x343.jpg 500w, https:\/\/www.enerjigazetesi.ist\/wp-content\/uploads\/2022\/06\/ruzgarin-kanatlari-belgesel-filmi-izleyiciyle-bulusuyor-73x50.jpg 73w\" sizes=\"(max-width: 320px) 100vw, 320px\" \/>amac\u0131yla <strong>\u201cSaimbeyli Mavisi\u201d belgeselini<\/strong> yay\u0131nlayan <strong>Enerjisa \u00dcretim<\/strong>, \u015fimdi de yepyeni bir yap\u0131m olan <strong>\u2018\u2019R\u00fczgar\u0131n Kanatlar\u0131\u2019\u2019 Belgeseli<\/strong> ile ekranlarda yer alacak. <strong>3 b\u00f6l\u00fcmden<\/strong> olu\u015facak ve<strong> r\u00fczgar enerjisi<\/strong> hakk\u0131nda <strong>A\u2019dan Z\u2019ye<\/strong> bilgiler aktaracak belgesel <strong>15 Haziran \u00c7ar\u015famba G\u00fcn\u00fc<\/strong> saat <strong>20.30\u2019da<\/strong> <strong>Habitat TV<\/strong>\u2019de ve <strong>Enerjisa \u00dcretim<\/strong>\u2019in sosyal medya hesaplar\u0131nda seyirci ile bulu\u015facak.<\/p>\n<p><strong>Abraham Lincoln<\/strong>\u2019\u00fcn <em>\u201cDo\u011fan\u0131n b\u00fct\u00fcn g\u00fc\u00e7leri aras\u0131nda bence <strong>r\u00fczgar<\/strong> en b\u00fcy\u00fck itici g\u00fcce sahip. R\u00fczgar <strong>hala evcille\u015ftirilmemi\u015f<\/strong> ve <strong>dizginlenmemi\u015f<\/strong> bir g\u00fc\u00e7 ve muhtemelen bundan sonra yap\u0131lacak en b\u00fcy\u00fck ke\u015fiflerden biri <strong>r\u00fczgar\u0131n ehlile\u015ftirilmesi<\/strong> ve <strong>dizginle\u015ftirilmesi<\/strong> olacakt\u0131r\u201d<\/em> s\u00f6zleriyle ba\u015flayan <strong>belgesel filminde;<\/strong> <em>r\u00fczgar tirb\u00fcnlerinin tarihi, yat\u0131r\u0131m s\u00fcre\u00e7leri, T\u00fcrkiye\u2019deki r\u00fczgar enerjisi potansiyeli, operasyonel s\u00fcre\u00e7ler, i\u015fletme ve bak\u0131m planlamalar\u0131<\/em> anlat\u0131l\u0131yor. <strong>Karbon ayak izinin azalt\u0131lmas\u0131<\/strong> ve enerji konular\u0131n\u0131n alt\u0131n\u0131 \u00e7izen belgesel filmi, <strong>Enerjisa \u00dcretim<\/strong>\u2019in <strong>gelecek yat\u0131r\u0131mlar\u0131<\/strong> ve <strong>r\u00fczgar yat\u0131r\u0131mlar\u0131n\u0131 da<\/strong> izleyiciyle bulu\u015fturuyor.<\/p>","protected":false},"excerpt":{"rendered":"<p>Sorry, this entry is only available in Turkish. For the sake of viewer convenience, the content is shown below in the alternative language. You may click the link to switch the active language. Enerjisa \u00dcretim, belgesel film yap\u0131mc\u0131s\u0131 Co\u015fkun Aral ve ekibiyle \u00e7al\u0131\u015ft\u0131\u011f\u0131 \u201cR\u00fczgar\u0131n Kanatlar\u0131\u201d belgesel filmini \u00e7ekerken kurulu\u015f belgesel filmiyle enerji okur yazarl\u0131\u011f\u0131n\u0131 da [&hellip;]<\/p>\n","protected":false},"author":1,"featured_media":157514,"comment_status":"open","ping_status":"open","sticky":false,"template":"","format":"standard","meta":[],"categories":[51,53,50],"tags":[104035,48142,104034,62865,35365,58580,474,231,104033],"views":204,"_links":{"self":[{"href":"https:\/\/www.enerjigazetesi.ist\/en\/wp-json\/wp\/v2\/posts\/157512"}],"collection":[{"href":"https:\/\/www.enerjigazetesi.ist\/en\/wp-json\/wp\/v2\/posts"}],"about":[{"href":"https:\/\/www.enerjigazetesi.ist\/en\/wp-json\/wp\/v2\/types\/post"}],"author":[{"embeddable":true,"href":"https:\/\/www.enerjigazetesi.ist\/en\/wp-json\/wp\/v2\/users\/1"}],"replies":[{"embeddable":true,"href":"https:\/\/www.enerjigazetesi.ist\/en\/wp-json\/wp\/v2\/comments?post=157512"}],"version-history":[{"count":0,"href":"https:\/\/www.enerjigazetesi.ist\/en\/wp-json\/wp\/v2\/posts\/157512\/revisions"}],"wp:featuredmedia":[{"embeddable":true,"href":"https:\/\/www.enerjigazetesi.ist\/en\/wp-json\/wp\/v2\/media\/157514"}],"wp:attachment":[{"href":"https:\/\/www.enerjigazetesi.ist\/en\/wp-json\/wp\/v2\/media?parent=157512"}],"wp:term":[{"taxonomy":"category","embeddable":true,"href":"https:\/\/www.enerjigazetesi.ist\/en\/wp-json\/wp\/v2\/categories?post=157512"},{"taxonomy":"post_tag","embeddable":true,"href":"https:\/\/www.enerjigazetesi.ist\/en\/wp-json\/wp\/v2\/tags?post=157512"}],"curies":[{"name":"wp","href":"https:\/\/api.w.org\/{rel}","templated":true}]}}