{"id":157493,"date":"2022-06-15T14:38:25","date_gmt":"2022-06-15T11:38:25","guid":{"rendered":"https:\/\/www.enerjigazetesi.ist\/?p=157493"},"modified":"2022-06-15T14:40:21","modified_gmt":"2022-06-15T11:40:21","slug":"kagider-ve-yuvam-dunya-yesil-is-odulunu-zeynep-balca-yilmaz-kazandi","status":"publish","type":"post","link":"https:\/\/www.enerjigazetesi.ist\/en\/kagider-ve-yuvam-dunya-yesil-is-odulunu-zeynep-balca-yilmaz-kazandi\/","title":{"rendered":"(Turkish) KAG\u0130DER ve Yuvam D\u00fcnya &#8216;Ye\u015fil \u0130\u015f \u00d6d\u00fcl\u00fc&#8217;n\u00fc Zeynep Balca Y\u0131lmaz Kazand\u0131"},"content":{"rendered":"<p class=\"qtranxs-available-languages-message qtranxs-available-languages-message-en\">Sorry, this entry is only available in <a href=\"https:\/\/www.enerjigazetesi.ist\/tr\/wp-json\/wp\/v2\/posts\/157493\" class=\"qtranxs-available-language-link qtranxs-available-language-link-tr\" title=\"Turkish\">Turkish<\/a>. For the sake of viewer convenience, the content is shown below in the alternative language. You may click the link to switch the active language.<\/p><p><\/p>\n<h2>Bu y\u0131l KAG\u0130DER (T\u00fcrkiye Kad\u0131n Giri\u015fimciler Derne\u011fi) ve Yuvam D\u00fcnya i\u015f birli\u011fiyle 2&#8217;incisi d\u00fczenlenen \u2018Ye\u015fil \u0130\u015f \u00d6d\u00fcl\u00fc\u2019 t\u00f6reni ger\u00e7ekle\u015ftirildi.<\/h2>\n<div id=\"attachment_157496\" style=\"width: 330px\" class=\"wp-caption alignright\"><img aria-describedby=\"caption-attachment-157496\" loading=\"lazy\" class=\"wp-image-157496\" src=\"https:\/\/www.enerjigazetesi.ist\/wp-content\/uploads\/2022\/06\/kagider-ve-yuvam-dunya-yesil-is-odulunu-zeynep-balca-yilmaz-kazandi-2.jpg\" alt=\"\" width=\"320\" height=\"210\" srcset=\"https:\/\/www.enerjigazetesi.ist\/wp-content\/uploads\/2022\/06\/kagider-ve-yuvam-dunya-yesil-is-odulunu-zeynep-balca-yilmaz-kazandi-2.jpg 550w, https:\/\/www.enerjigazetesi.ist\/wp-content\/uploads\/2022\/06\/kagider-ve-yuvam-dunya-yesil-is-odulunu-zeynep-balca-yilmaz-kazandi-2-300x197.jpg 300w, https:\/\/www.enerjigazetesi.ist\/wp-content\/uploads\/2022\/06\/kagider-ve-yuvam-dunya-yesil-is-odulunu-zeynep-balca-yilmaz-kazandi-2-500x328.jpg 500w, https:\/\/www.enerjigazetesi.ist\/wp-content\/uploads\/2022\/06\/kagider-ve-yuvam-dunya-yesil-is-odulunu-zeynep-balca-yilmaz-kazandi-2-76x50.jpg 76w\" sizes=\"(max-width: 320px) 100vw, 320px\" \/><p id=\"caption-attachment-157496\" class=\"wp-caption-text\">Searover \u015firketinin kurucusu giri\u015fimci Zeynep Balca Y\u0131lmaz<\/p><\/div>\n<p><strong>Borusan Holding<\/strong>\u2019in mekan sponsorlu\u011funda <strong>Perili K\u00f6\u015fk<\/strong>\u2019te d\u00fczenlenen t\u00f6rende <strong>Searover \u015firketi<\/strong>nin kurucusu giri\u015fimci <em>Zeynep Balca Y\u0131lmaz<\/em> <strong>\u2018Ye\u015fil \u0130\u015f \u00d6d\u00fcl\u00fc\u2019<\/strong>n\u00fcn sahibi oldu. <strong>Ye\u015fil \u0130\u015f Mansiyon \u00d6d\u00fcl\u00fc<\/strong> ise Peddon \u015firketi kurucusu giri\u015fimci <strong>Reyhan Miray<\/strong>\u2019a verildi.<\/p>\n<p>Kad\u0131n giri\u015fimcilerin ilgisiyle kar\u015f\u0131lanan Ye\u015fil \u0130\u015f \u00d6d\u00fcl\u00fc i\u00e7in yap\u0131lan ba\u015fvurular\u0131 de\u011ferlendiren Se\u00e7im Komitesi ise <em>Emine Erdem, Uygar \u00d6zesmi, Canan Ercan \u00c7elik, Elif Ergu, Feride Do\u011fan, \u00d6zg\u00fcl \u00d6zt\u00fcrk ve Prof. Dr. G\u00fcler Aras<\/em> olu\u015ftu.<\/p>\n<h3><strong>Erdem: \u2018\u0130\u015f s\u00fcre\u00e7lerinde ye\u015fil d\u00fc\u015f\u00fcnen kad\u0131n giri\u015fimcileri ta\u00e7land\u0131r\u0131yoruz\u2019<\/strong><\/h3>\n<p><strong>KAG\u0130DER Ba\u015fkan\u0131 Emine Erdem<\/strong> sonu\u00e7lar\u0131n a\u00e7\u0131klanmas\u0131n\u0131n ard\u0131ndan yapt\u0131\u011f\u0131 konu\u015fmada <span style=\"text-decoration: underline;\">\u015funlar\u0131 ifade etti:<\/span><\/p>\n<div id=\"attachment_157495\" style=\"width: 330px\" class=\"wp-caption alignleft\"><img aria-describedby=\"caption-attachment-157495\" loading=\"lazy\" class=\"wp-image-157495\" src=\"https:\/\/www.enerjigazetesi.ist\/wp-content\/uploads\/2022\/06\/kagider-ve-yuvam-dunya-yesil-is-odulunu-zeynep-balca-yilmaz-kazandi-1.jpg\" alt=\"\" width=\"320\" height=\"201\" srcset=\"https:\/\/www.enerjigazetesi.ist\/wp-content\/uploads\/2022\/06\/kagider-ve-yuvam-dunya-yesil-is-odulunu-zeynep-balca-yilmaz-kazandi-1.jpg 550w, https:\/\/www.enerjigazetesi.ist\/wp-content\/uploads\/2022\/06\/kagider-ve-yuvam-dunya-yesil-is-odulunu-zeynep-balca-yilmaz-kazandi-1-300x188.jpg 300w, https:\/\/www.enerjigazetesi.ist\/wp-content\/uploads\/2022\/06\/kagider-ve-yuvam-dunya-yesil-is-odulunu-zeynep-balca-yilmaz-kazandi-1-500x314.jpg 500w, https:\/\/www.enerjigazetesi.ist\/wp-content\/uploads\/2022\/06\/kagider-ve-yuvam-dunya-yesil-is-odulunu-zeynep-balca-yilmaz-kazandi-1-80x50.jpg 80w\" sizes=\"(max-width: 320px) 100vw, 320px\" \/><p id=\"caption-attachment-157495\" class=\"wp-caption-text\">Peddon \u015firketi kurucusu giri\u015fimci Reyhan Miray<\/p><\/div>\n<p><em>\u201cKAG\u0130DER olarak kuruldu\u011fumuzdan g\u00fcnden beri 20 y\u0131ld\u0131r<strong> i\u015f d\u00fcnyas\u0131nda<\/strong> ve<strong> toplumumuzda<\/strong> cinsiyet e\u015fitli\u011fine dayal\u0131 bir k\u00fclt\u00fcr geli\u015ftirmek, <strong>kad\u0131n giri\u015fimcili\u011fini yayg\u0131nla\u015ft\u0131rmak<\/strong>, kad\u0131n giri\u015fimcilerin <strong>bilgiye<\/strong> ve<strong> pazara eri\u015fimini kolayla\u015ft\u0131rmak<\/strong>, onlara ilham alacaklar\u0131 <strong>rol modeller sunmak<\/strong> ve<strong> cesaret vermek<\/strong> i\u00e7in pek \u00e7ok \u00e7al\u0131\u015fma yapt\u0131k ve yapmaya devam edece\u011fiz. <strong>Kad\u0131n giri\u015fimciler<\/strong> i\u00e7in f\u0131rsat e\u015fitli\u011fi yarat\u0131rken bir yandan da <strong>ye\u015fil ekonomiyi<\/strong> kad\u0131nlarla b\u00fcy\u00fctmek i\u00e7in \u00e7al\u0131\u015f\u0131yoruz. Bu ba\u011flamda i\u015f s\u00fcre\u00e7lerinde ye\u015fil d\u00fc\u015f\u00fcnen kad\u0131n giri\u015fimcileri g\u00f6r\u00fcn\u00fcr k\u0131lmak, ta\u00e7land\u0131rmak hedefiyle <strong>Yuvam D\u00fcnya Derne\u011fi<\/strong> i\u015f birli\u011finde <strong>\u2018Ye\u015fil \u0130\u015f \u00d6d\u00fclleri\u2019<\/strong>ni d\u00fczenliyoruz. \u00d6d\u00fcle ba\u015fvurmu\u015f, finale kalm\u0131\u015f ve \u00f6d\u00fcl alan her bir kad\u0131n giri\u015fimciye d\u00fcnyam\u0131z\u0131n gelece\u011fi i\u00e7in duyarl\u0131l\u0131klar\u0131n\u0131 g\u00f6n\u00fclden kutlar\u0131m, her birinin hikayesi bizlerin gelece\u011fe \u00fcmitle bakmas\u0131n\u0131 sa\u011fl\u0131yor ve her birinin hikayesi di\u011fer<strong> kad\u0131n giri\u015fimcilere, i\u015f d\u00fcnyas\u0131na ilham verecek.<\/strong>\u201d<\/em><\/p>\n<h3><strong>K\u0131v\u0131lc\u0131m Kocab\u0131y\u0131k: \u2018\u0130klim krizi y\u00fczy\u0131l\u0131m\u0131z\u0131n en acil sorunu\u2019<\/strong><\/h3>\n<p><strong>Yuvam D\u00fcnya Y\u00f6netim Kurulu Ba\u015fkan\u0131 K\u0131v\u0131lc\u0131m Kocab\u0131y\u0131k<\/strong> ise konu\u015fmas\u0131nda <span style=\"text-decoration: underline;\">\u015funlar\u0131 s\u00f6yledi:<\/span><\/p>\n<p><em>\u201c<strong>Yuvam D\u00fcnya Derne\u011fi<\/strong> olarak, i\u00e7inde bulundu\u011fumuz y\u00fczy\u0131l\u0131n en acil sorunu olan iklim krizi konusunda \u00e7al\u0131\u015fmalar y\u00fcr\u00fct\u00fcyoruz. \u0130klim krizinin etkilerinden en fazla etkilenen gruplar aras\u0131nda kad\u0131nlar ve k\u0131z \u00e7ocuklar\u0131 bulunuyor. Bu nedenle <strong>iklim kriziyle m\u00fccadele<\/strong> aksiyonlar\u0131n\u0131n tasar\u0131m\u0131 ve uygulanmas\u0131na kad\u0131nlar\u0131n dahil olmas\u0131 b\u00fcy\u00fck \u00f6nem ta\u015f\u0131yor. Art\u0131k kar maksimizasyonu mant\u0131\u011f\u0131ndan kar optimizasyonuna ge\u00e7en, <strong>d\u00f6ng\u00fcsel ekonomi modelini<\/strong> benimseyen, <strong>toplumsal<\/strong> ve<strong> \u00e7evresel sorunlar\u0131 ama\u00e7 edinen<\/strong> liderlere ihtiyac\u0131m\u0131z var. <strong>KAG\u0130DER<\/strong> ile birlikte d\u00fczenledi\u011fimiz <strong>Ye\u015fil \u0130\u015f \u00d6d\u00fcl\u00fc<\/strong>\u2019ne ilgi duyan <strong>kad\u0131n giri\u015fimciler<\/strong> ve \u00f6nc\u00fc \u00e7al\u0131\u015fmalar\u0131, <strong>iklim krizi ile m\u00fccadele<\/strong> herkes i\u00e7in daha adil, <strong>daha ye\u015fil<\/strong> ve<strong> daha temiz bir gezegen yaratmak<\/strong> i\u00e7in f\u0131rsatlar\u0131m\u0131z oldu\u011funu, i\u015f birli\u011fini g\u00fc\u00e7 birli\u011fine d\u00f6n\u00fc\u015ft\u00fcrerek kolektif fayda yaratabilece\u011fimizin en b\u00fcy\u00fck kan\u0131t\u0131. <strong>Ye\u015fil \u0130\u015f \u00d6d\u00fcl\u00fc<\/strong>\u2019n\u00fc kazanan <strong>Zeynep Balca Y\u0131lmaz<\/strong> ve Mansiyon \u00d6d\u00fcl\u00fc\u2019n\u00fc kazanan <strong>Reyhan Miray<\/strong>\u2019\u0131 tebrik ediyor,<strong> cesaretleri<\/strong> ve <strong>ilham veren \u00e7al\u0131\u015fmalar\u0131<\/strong> nedeniyle herkes ad\u0131na te\u015fekk\u00fcr etmek istiyorum.\u201d<\/em><\/p>","protected":false},"excerpt":{"rendered":"<p>Sorry, this entry is only available in Turkish. For the sake of viewer convenience, the content is shown below in the alternative language. You may click the link to switch the active language. Bu y\u0131l KAG\u0130DER (T\u00fcrkiye Kad\u0131n Giri\u015fimciler Derne\u011fi) ve Yuvam D\u00fcnya i\u015f birli\u011fiyle 2&#8217;incisi d\u00fczenlenen \u2018Ye\u015fil \u0130\u015f \u00d6d\u00fcl\u00fc\u2019 t\u00f6reni ger\u00e7ekle\u015ftirildi. Borusan Holding\u2019in mekan [&hellip;]<\/p>\n","protected":false},"author":1,"featured_media":157496,"comment_status":"open","ping_status":"open","sticky":false,"template":"","format":"standard","meta":[],"categories":[53,52],"tags":[63728,59248,83122,90,104027,104024,104025,102072,104026],"views":234,"_links":{"self":[{"href":"https:\/\/www.enerjigazetesi.ist\/en\/wp-json\/wp\/v2\/posts\/157493"}],"collection":[{"href":"https:\/\/www.enerjigazetesi.ist\/en\/wp-json\/wp\/v2\/posts"}],"about":[{"href":"https:\/\/www.enerjigazetesi.ist\/en\/wp-json\/wp\/v2\/types\/post"}],"author":[{"embeddable":true,"href":"https:\/\/www.enerjigazetesi.ist\/en\/wp-json\/wp\/v2\/users\/1"}],"replies":[{"embeddable":true,"href":"https:\/\/www.enerjigazetesi.ist\/en\/wp-json\/wp\/v2\/comments?post=157493"}],"version-history":[{"count":0,"href":"https:\/\/www.enerjigazetesi.ist\/en\/wp-json\/wp\/v2\/posts\/157493\/revisions"}],"wp:featuredmedia":[{"embeddable":true,"href":"https:\/\/www.enerjigazetesi.ist\/en\/wp-json\/wp\/v2\/media\/157496"}],"wp:attachment":[{"href":"https:\/\/www.enerjigazetesi.ist\/en\/wp-json\/wp\/v2\/media?parent=157493"}],"wp:term":[{"taxonomy":"category","embeddable":true,"href":"https:\/\/www.enerjigazetesi.ist\/en\/wp-json\/wp\/v2\/categories?post=157493"},{"taxonomy":"post_tag","embeddable":true,"href":"https:\/\/www.enerjigazetesi.ist\/en\/wp-json\/wp\/v2\/tags?post=157493"}],"curies":[{"name":"wp","href":"https:\/\/api.w.org\/{rel}","templated":true}]}}