{"id":157422,"date":"2022-06-14T13:39:42","date_gmt":"2022-06-14T10:39:42","guid":{"rendered":"https:\/\/www.enerjigazetesi.ist\/?p=157422"},"modified":"2022-06-14T13:39:42","modified_gmt":"2022-06-14T10:39:42","slug":"izocam-turkiye-nin-500-buyuk-sanayi-kurulusu-arasinda-yer-aldi","status":"publish","type":"post","link":"https:\/\/www.enerjigazetesi.ist\/en\/izocam-turkiye-nin-500-buyuk-sanayi-kurulusu-arasinda-yer-aldi\/","title":{"rendered":"(Turkish) &#8217;\u0130zocam&#8217; T\u00fcrkiye&#8217;nin 500 B\u00fcy\u00fck Sanayi Kurulu\u015fu Aras\u0131nda Yer Ald\u0131"},"content":{"rendered":"<p class=\"qtranxs-available-languages-message qtranxs-available-languages-message-en\">Sorry, this entry is only available in <a href=\"https:\/\/www.enerjigazetesi.ist\/tr\/wp-json\/wp\/v2\/posts\/157422\" class=\"qtranxs-available-language-link qtranxs-available-language-link-tr\" title=\"Turkish\">Turkish<\/a>. For the sake of viewer convenience, the content is shown below in the alternative language. You may click the link to switch the active language.<\/p><p><\/p>\n<h2>\u0130zocam, yurti\u00e7i ve yurtd\u0131\u015f\u0131 pazarlarda ba\u015far\u0131 \u00e7\u0131tas\u0131n\u0131 y\u00fckselterek bu y\u0131l da \u0130SO 500\u2019deki yerini al\u0131rken \u0130SO 500 listesinde bir \u00f6nceki y\u0131la oranla 8 basamak daha y\u00fckselerek 456&#8217;\u0131nc\u0131 s\u0131raya y\u00fckseldi.<\/h2>\n<p><em>\u0130zocam Genel Direkt\u00f6r\u00fc<\/em> <strong>Murat Savc\u0131<\/strong>, sekt\u00f6rdeki lider konumlar\u0131n\u0131 her y\u0131l <strong>\u0130SO 500<\/strong> listesine girerek ve T\u00fcrkiye\u2019nin en b\u00fcy\u00fck ilk <strong>500 sanayi kurulu\u015fundan biri<\/strong> olmay\u0131 ba\u015fararak ta\u00e7land\u0131rd\u0131klar\u0131n\u0131 belirtti. 2021 y\u0131l\u0131n\u0131 \u00e7ift basamakl\u0131 b\u00fcy\u00fcme rakamlar\u0131na ula\u015farak ve<strong> 2020 y\u0131l\u0131ndaki cirolar\u0131n\u0131n<\/strong> <img loading=\"lazy\" class=\"alignright wp-image-157424\" src=\"https:\/\/www.enerjigazetesi.ist\/wp-content\/uploads\/2022\/06\/izocam-turkiye-nin-500-buyuk-sanayi-kurulusu-arasinda-yer-aldi-2.jpg\" alt=\"\" width=\"300\" height=\"260\" srcset=\"https:\/\/www.enerjigazetesi.ist\/wp-content\/uploads\/2022\/06\/izocam-turkiye-nin-500-buyuk-sanayi-kurulusu-arasinda-yer-aldi-2.jpg 550w, https:\/\/www.enerjigazetesi.ist\/wp-content\/uploads\/2022\/06\/izocam-turkiye-nin-500-buyuk-sanayi-kurulusu-arasinda-yer-aldi-2-300x260.jpg 300w, https:\/\/www.enerjigazetesi.ist\/wp-content\/uploads\/2022\/06\/izocam-turkiye-nin-500-buyuk-sanayi-kurulusu-arasinda-yer-aldi-2-462x400.jpg 462w, https:\/\/www.enerjigazetesi.ist\/wp-content\/uploads\/2022\/06\/izocam-turkiye-nin-500-buyuk-sanayi-kurulusu-arasinda-yer-aldi-2-58x50.jpg 58w, https:\/\/www.enerjigazetesi.ist\/wp-content\/uploads\/2022\/06\/izocam-turkiye-nin-500-buyuk-sanayi-kurulusu-arasinda-yer-aldi-2-500x433.jpg 500w\" sizes=\"(max-width: 300px) 100vw, 300px\" \/>neredeyse<strong> 2 kat\u0131na<\/strong> yak\u0131n bir <strong>b\u00fcy\u00fcme elde ederek<\/strong> kapatt\u0131klar\u0131n\u0131 kaydeden Savc\u0131, y\u0131l\u0131 <strong>1,2 milyar TL<\/strong>\u2019lik bir <strong>sat\u0131\u015f has\u0131lat\u0131<\/strong> ile tamamlad\u0131klar\u0131n\u0131 aktard\u0131. <strong>\u0130\u00e7 piyasadaki pazar<\/strong> paylar\u0131n\u0131n <strong>%25<\/strong>&#8216;lere yakla\u015ft\u0131\u011f\u0131n\u0131 s\u00f6yleyen Savc\u0131, ihracat\u0131 <strong>800.000 m\u00b3<\/strong>\u2019\u00fc a\u015fan bir \u015firket olarak ge\u00e7en seneki cirolar\u0131n\u0131n<strong> %20<\/strong>\u2019sini ise<strong> ihracat gelirlerinin<\/strong> olu\u015fturdu\u011funu a\u00e7\u0131klad\u0131.<\/p>\n<p>A\u00e7\u0131klamas\u0131nda<strong> 2022 y\u0131l\u0131 hedeflerine<\/strong> de yer veren <em>\u0130zocam Genel Direkt\u00f6r\u00fc<\/em> <strong>Murat Savc\u0131<\/strong>, 2022 y\u0131l\u0131nda <strong>2 milyar TL<\/strong>\u2019lik bir sat\u0131\u015f rakam\u0131n\u0131n \u00fczerine \u00e7\u0131kmay\u0131 ama\u00e7lad\u0131klar\u0131n\u0131 kaydetti. \u0130hracat sat\u0131\u015flar\u0131n\u0131 ise<strong> 30 milyon $<\/strong> seviyesinin \u00fczerine \u00e7\u0131kartmay\u0131 hedeflediklerini vurgulayan Murat Savc\u0131, <em>&#8220;\u0130hracat\u0131n ciromuz i\u00e7indeki pay\u0131n\u0131, orta vadede <strong>%30<\/strong>\u2019un \u00fczerine \u00e7\u0131karmay\u0131 hedefliyoruz. Bu hedef do\u011frultusunda<strong> 2022\u2019de<\/strong> yeni pazar aray\u0131\u015flar\u0131m\u0131z devam edecek. Yurtd\u0131\u015f\u0131nda ba\u015fta <strong>T\u00fcrkiye Cumhuriyetler, Afrika, Balkanlar, Asya ve Orta Do\u011fu\u2019da<\/strong> olmak \u00fczere ihracat faaliyetlerimizi aral\u0131ks\u0131z devam ettiriyoruz. \u0130zocam, \u00f6zellikle <strong>Orta Do\u011fu<\/strong> ve<strong> Balkanlarda t<\/strong>ercih edilen bir marka. Orta Do\u011fu iklimlendirme pazar\u0131n\u0131n en \u00f6nemli \u00fcreticisi konumunday\u0131z. Bu sene de<strong> iklimlendirme<\/strong> i\u00e7in \u00e7\u0131karaca\u011f\u0131m\u0131z yeni \u00fcr\u00fcnlerimizle bu g\u00fc\u00e7l\u00fc konumumuzu korumaya devam edece\u011fiz. \u0130hracat gelirlerimizin ciromuz i\u00e7indeki pay\u0131n\u0131 art\u0131rma hedefimiz do\u011frultusunda, <strong>yeni pazar aray\u0131\u015flar\u0131m\u0131z\u0131<\/strong> s\u00fcrd\u00fcrece\u011fiz. Mevcutta yer ald\u0131\u011f\u0131m\u0131z \u00fclke pazarlar\u0131ndaki bayi a\u011f\u0131m\u0131z\u0131 geni\u015fletirken, potansiyel olarak g\u00f6rd\u00fc\u011f\u00fcm\u00fcz \u00fclkelerde de yeni bayilikler verece\u011fiz. \u00d6zellikle son y\u0131llarda odakland\u0131\u011f\u0131m\u0131z Orta Afrika\u2019daki pazar aray\u0131\u015flar\u0131m\u0131z <strong>2022\u2019de de<\/strong> devam ediyor. <strong>BDT \u00fclkelerinde<\/strong> ise tan\u0131t\u0131m faaliyetlerimizi art\u0131rmay\u0131 hedefliyoruz\u201d<\/em> diye konu\u015ftu.<\/p>","protected":false},"excerpt":{"rendered":"<p>Sorry, this entry is only available in Turkish. For the sake of viewer convenience, the content is shown below in the alternative language. You may click the link to switch the active language. \u0130zocam, yurti\u00e7i ve yurtd\u0131\u015f\u0131 pazarlarda ba\u015far\u0131 \u00e7\u0131tas\u0131n\u0131 y\u00fckselterek bu y\u0131l da \u0130SO 500\u2019deki yerini al\u0131rken \u0130SO 500 listesinde bir \u00f6nceki y\u0131la oranla [&hellip;]<\/p>\n","protected":false},"author":1,"featured_media":157425,"comment_status":"open","ping_status":"open","sticky":false,"template":"","format":"standard","meta":[],"categories":[53,52],"tags":[26559,16145,91272,80451,103991,793,43365],"views":138,"_links":{"self":[{"href":"https:\/\/www.enerjigazetesi.ist\/en\/wp-json\/wp\/v2\/posts\/157422"}],"collection":[{"href":"https:\/\/www.enerjigazetesi.ist\/en\/wp-json\/wp\/v2\/posts"}],"about":[{"href":"https:\/\/www.enerjigazetesi.ist\/en\/wp-json\/wp\/v2\/types\/post"}],"author":[{"embeddable":true,"href":"https:\/\/www.enerjigazetesi.ist\/en\/wp-json\/wp\/v2\/users\/1"}],"replies":[{"embeddable":true,"href":"https:\/\/www.enerjigazetesi.ist\/en\/wp-json\/wp\/v2\/comments?post=157422"}],"version-history":[{"count":0,"href":"https:\/\/www.enerjigazetesi.ist\/en\/wp-json\/wp\/v2\/posts\/157422\/revisions"}],"wp:featuredmedia":[{"embeddable":true,"href":"https:\/\/www.enerjigazetesi.ist\/en\/wp-json\/wp\/v2\/media\/157425"}],"wp:attachment":[{"href":"https:\/\/www.enerjigazetesi.ist\/en\/wp-json\/wp\/v2\/media?parent=157422"}],"wp:term":[{"taxonomy":"category","embeddable":true,"href":"https:\/\/www.enerjigazetesi.ist\/en\/wp-json\/wp\/v2\/categories?post=157422"},{"taxonomy":"post_tag","embeddable":true,"href":"https:\/\/www.enerjigazetesi.ist\/en\/wp-json\/wp\/v2\/tags?post=157422"}],"curies":[{"name":"wp","href":"https:\/\/api.w.org\/{rel}","templated":true}]}}