{"id":157412,"date":"2022-06-14T12:52:35","date_gmt":"2022-06-14T09:52:35","guid":{"rendered":"https:\/\/www.enerjigazetesi.ist\/?p=157412"},"modified":"2022-06-16T12:23:56","modified_gmt":"2022-06-16T09:23:56","slug":"tp-petrol-dagitim-yuzde-27-lik-oranla-2021-yilinda-da-buyumesini-surdurdu","status":"publish","type":"post","link":"https:\/\/www.enerjigazetesi.ist\/en\/tp-petrol-dagitim-yuzde-27-lik-oranla-2021-yilinda-da-buyumesini-surdurdu\/","title":{"rendered":"(Turkish) &#8217;TP Petrol Da\u011f\u0131t\u0131m&#8217; % 27&#8217;lik Oranla 2021 Y\u0131l\u0131nda da B\u00fcy\u00fcmesini S\u00fcrd\u00fcrd\u00fc"},"content":{"rendered":"<p class=\"qtranxs-available-languages-message qtranxs-available-languages-message-en\">Sorry, this entry is only available in <a href=\"https:\/\/www.enerjigazetesi.ist\/tr\/wp-json\/wp\/v2\/posts\/157412\" class=\"qtranxs-available-language-link qtranxs-available-language-link-tr\" title=\"Turkish\">Turkish<\/a>. For the sake of viewer convenience, the content is shown below in the alternative language. You may click the link to switch the active language.<\/p><p><\/p>\n<h2>T\u00fcrkiye Petrolleri markas\u0131yla faaliyet g\u00f6steren TP Petrol Da\u011f\u0131t\u0131m A.\u015e. (TPPD), son 2 y\u0131lda toplam tonajda % 70\u2019lik b\u00fcy\u00fcmenin yan\u0131nda ayn\u0131 zamanda beyaz \u00fcr\u00fcn ve otogaz pazar\u0131nda da \u00f6nemli oranda bir b\u00fcy\u00fcme ya\u015fad\u0131.<\/h2>\n<p><strong>Sat\u0131\u015flardan bayi a\u011f\u0131n\u0131<\/strong> geni\u015fletmeye, <strong>perakendeden dijitalle\u015fmeye<\/strong> kadar 2021 y\u0131l\u0131n\u0131 de\u011ferlendiren <strong>TP Petrol Da\u011f\u0131t\u0131m A.\u015e. Genel M\u00fcd\u00fcr\u00fc Fidan Bay\u0131nd\u0131r Y\u0131ld\u0131z<\/strong>, 2020\u2019de elde ettikleri beyaz \u00fcr\u00fcn sat\u0131\u015f\u0131nda<strong> akaryak\u0131t sekt\u00f6r\u00fcn\u00fcn<\/strong> en h\u0131zl\u0131 b\u00fcy\u00fcyen \u015firketi olma vas\u0131flar\u0131n\u0131, 2021\u2019de <strong>pompa sat\u0131\u015flar\u0131nda<\/strong> en h\u0131zl\u0131 b\u00fcy\u00fcyen <strong>akaryak\u0131t markas\u0131<\/strong> olarak devam ettirdiklerini belirtti.<\/p>\n<h3><strong>Otogaz\u2019da % 32 B\u00fcy\u00fcme Oran\u0131yla Sekt\u00f6r\u00fcn En H\u0131zl\u0131 B\u00fcy\u00fcyen Markas\u0131<\/strong><\/h3>\n<p>Genel M\u00fcd\u00fcr Y\u0131ld\u0131z, <em>TP Petrol Da\u011f\u0131t\u0131m A.\u015e.<\/em> olarak <strong>2 y\u0131l i\u00e7inde<\/strong> faaliyet g\u00f6sterdikleri t\u00fcm alanlarda \u00e7ok <img loading=\"lazy\" class=\"alignright wp-image-157418\" src=\"https:\/\/www.enerjigazetesi.ist\/wp-content\/uploads\/2022\/06\/tp-petrol-dagitim-yuzde-27-lik-oranla-2021-yilinda-da-buyumesini-surdurdu-2.jpg\" alt=\"\" width=\"320\" height=\"214\" srcset=\"https:\/\/www.enerjigazetesi.ist\/wp-content\/uploads\/2022\/06\/tp-petrol-dagitim-yuzde-27-lik-oranla-2021-yilinda-da-buyumesini-surdurdu-2.jpg 550w, https:\/\/www.enerjigazetesi.ist\/wp-content\/uploads\/2022\/06\/tp-petrol-dagitim-yuzde-27-lik-oranla-2021-yilinda-da-buyumesini-surdurdu-2-300x200.jpg 300w, https:\/\/www.enerjigazetesi.ist\/wp-content\/uploads\/2022\/06\/tp-petrol-dagitim-yuzde-27-lik-oranla-2021-yilinda-da-buyumesini-surdurdu-2-500x334.jpg 500w, https:\/\/www.enerjigazetesi.ist\/wp-content\/uploads\/2022\/06\/tp-petrol-dagitim-yuzde-27-lik-oranla-2021-yilinda-da-buyumesini-surdurdu-2-75x50.jpg 75w, https:\/\/www.enerjigazetesi.ist\/wp-content\/uploads\/2022\/06\/tp-petrol-dagitim-yuzde-27-lik-oranla-2021-yilinda-da-buyumesini-surdurdu-2-450x300.jpg 450w\" sizes=\"(max-width: 320px) 100vw, 320px\" \/>g\u00fc\u00e7l\u00fc bir b\u00fcy\u00fcme yakalad\u0131klar\u0131na dikkat \u00e7ekerken <strong>ge\u00e7en 2 y\u0131lda<\/strong> t\u00fcm faaliyet kollar\u0131nda b\u00fcy\u00fcmeye odakland\u0131klar\u0131n\u0131n alt\u0131n\u0131 \u00e7izen Y\u0131ld\u0131z, <strong>EPDK verileri<\/strong>ne g\u00f6re 2021 y\u0131l\u0131nda <strong>pompa sat\u0131\u015flar\u0131<\/strong>nda sekt\u00f6r <strong>% 15<\/strong> b\u00fcy\u00fcrken, <strong>% 27<\/strong> b\u00fcy\u00fcd\u00fcklerini dile getirerek pompa sat\u0131\u015flar\u0131nda sekt\u00f6r\u00fcn en h\u0131zl\u0131 b\u00fcy\u00fcyen markas\u0131 olduklar\u0131n\u0131 belirtti.<\/p>\n<p><strong>Otogaz<\/strong>da da benzer bir ba\u015far\u0131 yakalayan <strong>TP Petrol Da\u011f\u0131t\u0131m A.\u015e.<\/strong>, EPDK verilerine g\u00f6re<strong> % 2<\/strong> b\u00fcy\u00fcyen otogaz pazar\u0131nda <strong>% 32<\/strong> b\u00fcy\u00fcme ile sekt\u00f6r\u00fcn bu alanda da en h\u0131zl\u0131 b\u00fcy\u00fcyen markas\u0131 oldu.<\/p>\n<p>Son 2 y\u0131lda toplamda<strong> 250 yeni bayiyi<\/strong> a\u011f\u0131na katan <strong>TP Petrol Da\u011f\u0131t\u0131m A.\u015e.<\/strong>, bayi say\u0131s\u0131n\u0131<strong> 785\u2019e<\/strong> \u00e7\u0131kararak istasyon a\u011f\u0131nda da \u00f6nemli bir b\u00fcy\u00fcme elde etti.<\/p>\n<h3><strong>\u00a0Akaryak\u0131tta \u00d6deme Erteleme F\u0131rsat\u0131 Sunan \u0130lk ve Tek Marka<\/strong><\/h3>\n<p><strong>Mobil sadakat uygulamas\u0131<\/strong> TP Mobil\u2019le T\u00fcrkiye\u2019de bir ilke imza atarak akaryak\u0131t al\u0131mlar\u0131nda yepyeni bir d\u00f6nem ba\u015flatt\u0131klar\u0131n\u0131 duyuran Y\u0131ld\u0131z, \u201c<strong>Akaryak\u0131tta \u015eimdi Al, Sonra \u00d6de<\/strong> d\u00f6nemini ba\u015flatt\u0131k.\u201d dedi. <strong>TP Mobil uygulamas\u0131<\/strong> ile ilgili bilgi veren Y\u0131ld\u0131z <span style=\"text-decoration: underline;\">\u015funlar\u0131 kaydetti:<\/span><\/p>\n<p><em>\u201cUygulama \u00fczerinden bir <strong>banka hesab\u0131na, kredi kart\u0131na<\/strong> ya da <strong>kefile<\/strong> gerek olmadan an\u0131nda haz\u0131r limit tan\u0131mlay\u0131p, t\u00fcketicilerimize akaryak\u0131t al\u0131mlar\u0131nda <strong>\u00f6deme erteleme kolayl\u0131\u011f\u0131<\/strong> sa\u011fl\u0131yoruz. Sistemden yararlanan t\u00fcketiciler \u00f6demelerini<strong> haftal\u0131k<\/strong>, <strong>15 g\u00fcnl\u00fck<\/strong> ya da <strong>ayl\u0131k<\/strong> olarak erteleyebiliyor. T\u00fcketiciler ayn\u0131 zamanda <strong>banka hesab\u0131<\/strong> olmadan, <strong>IBAN numaras\u0131na<\/strong> gerek duymadan, <strong>telefon numaras\u0131<\/strong> veya <strong>QR kodla<\/strong> diledikleri <strong>g\u00fcn<\/strong> ve<strong> saatte \u00fccretsiz para transferi<\/strong> imk\u00e2n\u0131na da sahip oluyorlar. \u00dcstelik <strong>TP Mobil<\/strong> sadece <strong>akaryak\u0131t al\u0131mlar\u0131nda<\/strong> kullan\u0131lacak bir \u00e7\u00f6z\u00fcm de\u011fil. Kullan\u0131c\u0131lar, i\u00e7erisinde yer alan ve ki\u015fiye \u00f6zel olu\u015fturulan <strong>TP Mobil Kart<\/strong> ile <strong>marketten, kozmeti\u011fe mobilyadan giyime<\/strong> t\u00fcm al\u0131\u015fveri\u015flerini diledi\u011fi gibi yapabilirken,<strong> \u00fcye i\u015fyerlerinden<\/strong> an\u0131nda indirim kazan\u0131yorlar.\u201d<\/em><\/p>\n<p>TP Mobil\u2019de sigorta sat\u0131\u015f\u0131ndan ara\u00e7 kiralamaya kadar geni\u015f bir hizmet a\u011f\u0131 sunuldu\u011funu belirten Genel M\u00fcd\u00fcr Y\u0131ld\u0131z; <strong>\u00f6n \u00f6demeli c\u00fczdana kredi kart\u0131yla<\/strong> ya da <strong>havale \/ EFT y\u00f6ntemi<\/strong> ile bakiye y\u00fcklenmesini sa\u011flayan TP Mobil\u2019in, ayn\u0131 zamanda<strong> alt\u0131n<\/strong> veya<strong> g\u00fcm\u00fc\u015f al\u0131m \u2013 sat\u0131m i\u015flemleri<\/strong>nin de ger\u00e7ekle\u015ftirilmesine imk\u00e2n tan\u0131d\u0131\u011f\u0131n\u0131 anlatt\u0131 ve ekledi: \u00a0<em>\u201c<strong>Dijital yat\u0131r\u0131mlar\u0131m\u0131z\u0131<\/strong> oda\u011fa alarak, kullan\u0131c\u0131 davran\u0131\u015flar\u0131n\u0131 anbean g\u00f6zlemleyerek <strong>de\u011fi\u015fen beklenti<\/strong> ve ihtiya\u00e7lar\u0131na g\u00f6re m\u00fc\u015fterilerimize fayda sa\u011flayacak hizmet ve \u00fcr\u00fcnleri <strong>TP Mobil uygulamas\u0131<\/strong> \u00fczerinden sunmaya devam edece\u011fiz.\u201d<\/em><\/p>\n<h3><strong>Madeni Ya\u011fda Yakalanan Ba\u015far\u0131 \u0130vmesi Art\u0131r\u0131lacak<\/strong><\/h3>\n<p><strong>Madeni ya\u011f<\/strong> alan\u0131nda da <strong>son 2 y\u0131lda<\/strong> sat\u0131\u015flar\u0131n\u0131 <strong>5 kat<\/strong> y\u00fckselten<strong> TP Petrol Da\u011f\u0131t\u0131m A.\u015e.,<\/strong> istasyonlar\u0131nda madeni ya\u011f sat\u0131\u015flar\u0131n\u0131 artt\u0131rmak amac\u0131 ile sat\u0131\u015f stratejisini tamamen de\u011fi\u015ftirdi ve T\u00fcrkiye genelinde distrib\u00fct\u00f6r modeline ge\u00e7ti. Konuya dair de\u011ferlendirmede bulunan Y\u0131ld\u0131z: <em>\u201cT\u00fcrkiye genelinde olu\u015fturdu\u011fumuz bu yeni alt yap\u0131 ile daha <strong>g\u00fc\u00e7l\u00fc, s\u00fcrd\u00fcrebilir<\/strong> ve <strong>karl\u0131 bir b\u00fcy\u00fcmenin<\/strong> temelini atm\u0131\u015f olduk. Att\u0131\u011f\u0131m\u0131z bu temelin \u00fczerine her ay yeni tu\u011flalar koymaya devam ediyoruz. <strong>Madeni ya\u011fda<\/strong> yakalad\u0131\u011f\u0131m\u0131z bu ba\u015far\u0131y\u0131 koruyup bu alanda da sekt\u00f6rdeki yerimizi daha da g\u00fc\u00e7lendirmeyi hedefliyoruz.\u201d ifadelerini kulland\u0131.<\/em><\/p>","protected":false},"excerpt":{"rendered":"<p>Sorry, this entry is only available in Turkish. For the sake of viewer convenience, the content is shown below in the alternative language. You may click the link to switch the active language. T\u00fcrkiye Petrolleri markas\u0131yla faaliyet g\u00f6steren TP Petrol Da\u011f\u0131t\u0131m A.\u015e. (TPPD), son 2 y\u0131lda toplam tonajda % 70\u2019lik b\u00fcy\u00fcmenin yan\u0131nda ayn\u0131 zamanda beyaz [&hellip;]<\/p>\n","protected":false},"author":19,"featured_media":157419,"comment_status":"open","ping_status":"open","sticky":false,"template":"","format":"standard","meta":[],"categories":[53,44],"tags":[35344,22039,37513,104042,38625,34935,103989,6154,103990,31724,2794],"views":259,"_links":{"self":[{"href":"https:\/\/www.enerjigazetesi.ist\/en\/wp-json\/wp\/v2\/posts\/157412"}],"collection":[{"href":"https:\/\/www.enerjigazetesi.ist\/en\/wp-json\/wp\/v2\/posts"}],"about":[{"href":"https:\/\/www.enerjigazetesi.ist\/en\/wp-json\/wp\/v2\/types\/post"}],"author":[{"embeddable":true,"href":"https:\/\/www.enerjigazetesi.ist\/en\/wp-json\/wp\/v2\/users\/19"}],"replies":[{"embeddable":true,"href":"https:\/\/www.enerjigazetesi.ist\/en\/wp-json\/wp\/v2\/comments?post=157412"}],"version-history":[{"count":1,"href":"https:\/\/www.enerjigazetesi.ist\/en\/wp-json\/wp\/v2\/posts\/157412\/revisions"}],"predecessor-version":[{"id":157413,"href":"https:\/\/www.enerjigazetesi.ist\/en\/wp-json\/wp\/v2\/posts\/157412\/revisions\/157413"}],"wp:featuredmedia":[{"embeddable":true,"href":"https:\/\/www.enerjigazetesi.ist\/en\/wp-json\/wp\/v2\/media\/157419"}],"wp:attachment":[{"href":"https:\/\/www.enerjigazetesi.ist\/en\/wp-json\/wp\/v2\/media?parent=157412"}],"wp:term":[{"taxonomy":"category","embeddable":true,"href":"https:\/\/www.enerjigazetesi.ist\/en\/wp-json\/wp\/v2\/categories?post=157412"},{"taxonomy":"post_tag","embeddable":true,"href":"https:\/\/www.enerjigazetesi.ist\/en\/wp-json\/wp\/v2\/tags?post=157412"}],"curies":[{"name":"wp","href":"https:\/\/api.w.org\/{rel}","templated":true}]}}