{"id":157395,"date":"2022-06-14T11:31:17","date_gmt":"2022-06-14T08:31:17","guid":{"rendered":"https:\/\/www.enerjigazetesi.ist\/?p=157395"},"modified":"2022-06-14T11:32:55","modified_gmt":"2022-06-14T08:32:55","slug":"ayedas-adalara-100-milyon-liralik-deniz-alti-enerji-yatirimi-gerceklestirdi","status":"publish","type":"post","link":"https:\/\/www.enerjigazetesi.ist\/en\/ayedas-adalara-100-milyon-liralik-deniz-alti-enerji-yatirimi-gerceklestirdi\/","title":{"rendered":"(Turkish) &#8217;Ayeda\u015f&#8217; Adalar\u2019a 100 Milyon Liral\u0131k Deniz Alt\u0131 Enerji Yat\u0131r\u0131m\u0131 Ger\u00e7ekle\u015ftirdi"},"content":{"rendered":"<p class=\"qtranxs-available-languages-message qtranxs-available-languages-message-en\">Sorry, this entry is only available in <a href=\"https:\/\/www.enerjigazetesi.ist\/tr\/wp-json\/wp\/v2\/posts\/157395\" class=\"qtranxs-available-language-link qtranxs-available-language-link-tr\" title=\"Turkish\">Turkish<\/a>. For the sake of viewer convenience, the content is shown below in the alternative language. You may click the link to switch the active language.<\/p><p><\/p>\n<h2>\u0130stanbul Anadolu Yakas\u0131 EDA\u015e (Ayeda\u015f), \u0130stanbul\u2019un simgelerinden olan Adalar il\u00e7esi i\u00e7in 2021 y\u0131l\u0131nda \u00e7al\u0131\u015fmalar\u0131na ba\u015flad\u0131\u011f\u0131 deniz alt\u0131 yat\u0131r\u0131mlar\u0131n\u0131 2022 y\u0131l\u0131n\u0131n ilk yar\u0131s\u0131nda tamamlad\u0131.<\/h2>\n<p><img loading=\"lazy\" class=\"alignright wp-image-157397\" src=\"https:\/\/www.enerjigazetesi.ist\/wp-content\/uploads\/2022\/06\/ayedas-adalara-100-milyon-liralik-deniz-alti-enerji-yatirimi-gerceklestirdi-1.jpg\" alt=\"\" width=\"320\" height=\"216\" srcset=\"https:\/\/www.enerjigazetesi.ist\/wp-content\/uploads\/2022\/06\/ayedas-adalara-100-milyon-liralik-deniz-alti-enerji-yatirimi-gerceklestirdi-1.jpg 550w, https:\/\/www.enerjigazetesi.ist\/wp-content\/uploads\/2022\/06\/ayedas-adalara-100-milyon-liralik-deniz-alti-enerji-yatirimi-gerceklestirdi-1-300x203.jpg 300w, https:\/\/www.enerjigazetesi.ist\/wp-content\/uploads\/2022\/06\/ayedas-adalara-100-milyon-liralik-deniz-alti-enerji-yatirimi-gerceklestirdi-1-500x338.jpg 500w, https:\/\/www.enerjigazetesi.ist\/wp-content\/uploads\/2022\/06\/ayedas-adalara-100-milyon-liralik-deniz-alti-enerji-yatirimi-gerceklestirdi-1-74x50.jpg 74w\" sizes=\"(max-width: 320px) 100vw, 320px\" \/>Ayeda\u015f, yaz mevsiminde <strong>yerli<\/strong> ve <strong>yabanc\u0131 turistler<\/strong> taraf\u0131ndan ziyaret edilen ve \u00f6zellikle <strong>hafta sonu yo\u011fun<\/strong> bir i\u00e7 turizm hareketine sahip olan Adalar il\u00e7esinde,<strong> 5 kat\u0131na<\/strong> kadar ula\u015fan<strong> enerji t\u00fcketimini<\/strong> kar\u015f\u0131layabilme amac\u0131yla hatlar\u0131n g\u00fc\u00e7lendirilmesi i\u00e7in <strong>yeni yat\u0131r\u0131mlar<\/strong> planlad\u0131. Bu kapsamda <strong>s\u00fcrd\u00fcr\u00fclebilir<\/strong> ve<strong> kesintisiz enerji sa\u011flanabilmesi<\/strong> amac\u0131yla yat\u0131r\u0131m \u00e7al\u0131\u015fmalar\u0131n\u0131 s\u00fcrd\u00fcren Ayeda\u015f, <strong>100 milyon TL<\/strong> tutar\u0131ndaki enerji yat\u0131r\u0131m\u0131n\u0131 ger\u00e7ekle\u015ftirdi.<\/p>\n<h3><strong>Deniz alt\u0131na toplam 13 km\u2019lik kablo d\u00f6\u015fendi<\/strong><\/h3>\n<p>Ayeda\u015f <strong>3 fazdan<\/strong> olu\u015fan yat\u0131r\u0131m kapsam\u0131nda; <strong>Dragos<\/strong> ile <strong>Burgazada<\/strong> aras\u0131nda yakla\u015f\u0131k <strong>7 kilometre<\/strong>, Dragos ile Heybeliada aras\u0131nda yakla\u015f\u0131k <strong>4,5 kilometre<\/strong> ve B\u00fcy\u00fckada ile Heybeliada aras\u0131nda yakla\u015f\u0131k <strong>1,5 kilometre<\/strong> olmak \u00fczere toplamda 1<strong>3 kilometrelik<\/strong> <em>orta gerilim deniz kablosu<\/em> tesis etti.<\/p>\n<h3><strong>Son teknoloji \u00fcr\u00fcn\u00fc kablolar kullan\u0131ld\u0131<\/strong><\/h3>\n<p>Ayeda\u015f\u2019\u0131n ger\u00e7ekle\u015ftirdi\u011fi yat\u0131r\u0131m kapsam\u0131nda tesis edilen kablolar\u0131n, <strong>tedarik s\u00fcreklili\u011fini sa\u011flamak<\/strong> ve hizmet kalitesini art\u0131rmak i\u00e7in<strong> son teknoloji y\u00f6ntemlerine<\/strong> g\u00f6re ve <strong>deniz alt\u0131 ko\u015fullar\u0131nda<\/strong> uzun y\u0131llar \u00e7al\u0131\u015fmaya uygun olarak \u00fcretimi sa\u011fland\u0131. Tek par\u00e7a olarak tesis edilerek hizmete al\u0131nan kablolar sayesinde, <strong>Adalar il\u00e7esi<\/strong>nin <strong>elektrik tedarik s\u00fcreklili\u011fine<\/strong> ili\u015fkin risklerin <strong>minimum seviyeye indirilmesi<\/strong> hedeflendi.<\/p>\n<p>Daha \u00f6nce de <strong>kapasite art\u0131\u015f\u0131<\/strong> ve <strong>tedarik s\u00fcreklili\u011fini sa\u011flamak<\/strong> ad\u0131na,<strong> 2014<\/strong> ve <strong>2020 y\u0131llar\u0131<\/strong> aras\u0131nda <strong>Adalar \u0130l\u00e7esi<\/strong>\u2019nde yat\u0131r\u0131mlar yapan <strong>Ayeda\u015f<\/strong>, yakla\u015f\u0131k <strong>32 kilometre<\/strong> orta gerilim deniz kablosu, ba\u011flant\u0131lar\u0131n\u0131n yap\u0131lmas\u0131 i\u00e7in yakla\u015f\u0131k <strong>7 kilometre<\/strong> orta gerilim kara kablosu, bir adet <strong>Da\u011f\u0131t\u0131m Merkezi<\/strong> ve bir adet <strong>g\u00fc\u00e7 trafosu<\/strong> tesis ederek kullan\u0131c\u0131lar\u0131n\u0131n hizmetine sunmu\u015ftu.<\/p>","protected":false},"excerpt":{"rendered":"<p>Sorry, this entry is only available in Turkish. For the sake of viewer convenience, the content is shown below in the alternative language. You may click the link to switch the active language. \u0130stanbul Anadolu Yakas\u0131 EDA\u015e (Ayeda\u015f), \u0130stanbul\u2019un simgelerinden olan Adalar il\u00e7esi i\u00e7in 2021 y\u0131l\u0131nda \u00e7al\u0131\u015fmalar\u0131na ba\u015flad\u0131\u011f\u0131 deniz alt\u0131 yat\u0131r\u0131mlar\u0131n\u0131 2022 y\u0131l\u0131n\u0131n ilk yar\u0131s\u0131nda [&hellip;]<\/p>\n","protected":false},"author":1,"featured_media":157398,"comment_status":"open","ping_status":"open","sticky":false,"template":"","format":"standard","meta":[],"categories":[51,53],"tags":[103981,103984,103982,99853,15016,103980,103983],"views":56,"_links":{"self":[{"href":"https:\/\/www.enerjigazetesi.ist\/en\/wp-json\/wp\/v2\/posts\/157395"}],"collection":[{"href":"https:\/\/www.enerjigazetesi.ist\/en\/wp-json\/wp\/v2\/posts"}],"about":[{"href":"https:\/\/www.enerjigazetesi.ist\/en\/wp-json\/wp\/v2\/types\/post"}],"author":[{"embeddable":true,"href":"https:\/\/www.enerjigazetesi.ist\/en\/wp-json\/wp\/v2\/users\/1"}],"replies":[{"embeddable":true,"href":"https:\/\/www.enerjigazetesi.ist\/en\/wp-json\/wp\/v2\/comments?post=157395"}],"version-history":[{"count":0,"href":"https:\/\/www.enerjigazetesi.ist\/en\/wp-json\/wp\/v2\/posts\/157395\/revisions"}],"wp:featuredmedia":[{"embeddable":true,"href":"https:\/\/www.enerjigazetesi.ist\/en\/wp-json\/wp\/v2\/media\/157398"}],"wp:attachment":[{"href":"https:\/\/www.enerjigazetesi.ist\/en\/wp-json\/wp\/v2\/media?parent=157395"}],"wp:term":[{"taxonomy":"category","embeddable":true,"href":"https:\/\/www.enerjigazetesi.ist\/en\/wp-json\/wp\/v2\/categories?post=157395"},{"taxonomy":"post_tag","embeddable":true,"href":"https:\/\/www.enerjigazetesi.ist\/en\/wp-json\/wp\/v2\/tags?post=157395"}],"curies":[{"name":"wp","href":"https:\/\/api.w.org\/{rel}","templated":true}]}}