{"id":157356,"date":"2022-06-13T12:58:57","date_gmt":"2022-06-13T09:58:57","guid":{"rendered":"https:\/\/www.enerjigazetesi.ist\/?p=157356"},"modified":"2022-06-13T12:58:57","modified_gmt":"2022-06-13T09:58:57","slug":"enerjisa-ile-aydin-mimar-sinan-mesleki-ve-teknik-anadolu-lisesi-ile-is-birligi","status":"publish","type":"post","link":"https:\/\/www.enerjigazetesi.ist\/en\/enerjisa-ile-aydin-mimar-sinan-mesleki-ve-teknik-anadolu-lisesi-ile-is-birligi\/","title":{"rendered":"(Turkish) Enerjisa ile Ayd\u0131n Mimar Sinan Mesleki ve Teknik Anadolu Lisesi ile \u0130\u015f Birli\u011fi"},"content":{"rendered":"<p class=\"qtranxs-available-languages-message qtranxs-available-languages-message-en\">Sorry, this entry is only available in <a href=\"https:\/\/www.enerjigazetesi.ist\/tr\/wp-json\/wp\/v2\/posts\/157356\" class=\"qtranxs-available-language-link qtranxs-available-language-link-tr\" title=\"Turkish\">Turkish<\/a>. For the sake of viewer convenience, the content is shown below in the alternative language. You may click the link to switch the active language.<\/p><p><\/p>\n<h2>Enerjisa \u00dcretim, kad\u0131nlar\u0131n i\u015f hayat\u0131n\u0131n bir par\u00e7as\u0131 olmas\u0131 ve gen\u00e7lerin daha kaliteli bir ortamda spor yapmalar\u0131 i\u00e7in projeler geli\u015ftirmeyi s\u00fcrd\u00fcr\u00fcrken \u00f6zellikle basketbol sporunun geli\u015fmesi i\u00e7in yapt\u0131\u011f\u0131 \u00e7al\u0131\u015fmalarla gen\u00e7lere dokunan Enerjisa \u00dcretim, bu \u00e7al\u0131\u015fmalar\u0131na bir yenisini daha ekleyerek Ayd\u0131n Mimar Sinan Mesleki ve Teknik Anadolu Lisesi\u2019nin basketbol sahas\u0131n\u0131 yeniledi.<\/h2>\n<p>Yenileme \u00e7al\u0131\u015fmalar\u0131n\u0131n yan\u0131 s\u0131ra okulun<strong> bah\u00e7e duvarlar\u0131<\/strong> <strong>grafiti sanat\u00e7\u0131s\u0131<\/strong> taraf\u0131ndan<strong> boyanarak,<\/strong> <strong>yenilenebilir enerji<\/strong> temal\u0131 <strong>farkl\u0131 \u015fekil<\/strong> ve <strong>\u00e7izimlerle<\/strong> renklendirildi. Basketbol sahas\u0131 yenilenen lisede, ayn\u0131 zamanda <strong>Yenilenebilir Enerji Teknolojileri Alan\u0131<\/strong>\u2019n\u0131n bulundu\u011fu bilgisi de payla\u015f\u0131ld\u0131.<\/p>\n<h3><strong>\u201c\u00dclkemizde sporun geli\u015fmesini g\u00f6n\u00fclden destekliyoruz\u201d<\/strong><\/h3>\n<p>Basketbol sahas\u0131n\u0131n a\u00e7\u0131l\u0131\u015f t\u00f6reni; <em>Ayd\u0131n \u0130l Milli E\u011fitim M\u00fcd\u00fcr Yard\u0131mc\u0131s\u0131<\/em> <strong>G\u00fclfidan Kendirlio\u011flu<\/strong>, <em>Enerjisa \u00dcretim<\/em> CEO\u2019su \u0130hsan Erbil Bay\u00e7\u00f6l, G\u00fcler <em>Legacy Kurucusu ve eski milli basketbolcu<\/em> Necati G\u00fcler ve <em>Erkek A Milli Tak\u0131m Genel Menejeri<\/em> Muratcan G\u00fcler\u2019in kat\u0131l\u0131m\u0131yla ger\u00e7ekle\u015fti. A\u00e7\u0131l\u0131\u015f t\u00f6reninde <img loading=\"lazy\" class=\"alignright wp-image-157358\" src=\"https:\/\/www.enerjigazetesi.ist\/wp-content\/uploads\/2022\/06\/enerjisa-ile-aydin-mimar-sinan-mesleki-ve-teknik-anadolu-lisesi-ile-is-birligi-1.jpg\" alt=\"\" width=\"320\" height=\"209\" srcset=\"https:\/\/www.enerjigazetesi.ist\/wp-content\/uploads\/2022\/06\/enerjisa-ile-aydin-mimar-sinan-mesleki-ve-teknik-anadolu-lisesi-ile-is-birligi-1.jpg 520w, https:\/\/www.enerjigazetesi.ist\/wp-content\/uploads\/2022\/06\/enerjisa-ile-aydin-mimar-sinan-mesleki-ve-teknik-anadolu-lisesi-ile-is-birligi-1-300x196.jpg 300w, https:\/\/www.enerjigazetesi.ist\/wp-content\/uploads\/2022\/06\/enerjisa-ile-aydin-mimar-sinan-mesleki-ve-teknik-anadolu-lisesi-ile-is-birligi-1-500x327.jpg 500w, https:\/\/www.enerjigazetesi.ist\/wp-content\/uploads\/2022\/06\/enerjisa-ile-aydin-mimar-sinan-mesleki-ve-teknik-anadolu-lisesi-ile-is-birligi-1-76x50.jpg 76w\" sizes=\"(max-width: 320px) 100vw, 320px\" \/><strong>Grup Action<\/strong>\u2019un e\u011flenceli sma\u00e7 g\u00f6sterisi \u00f6\u011frenciler taraf\u0131ndan b\u00fcy\u00fck bir ilgiyle takip edilirken, t\u00f6rene kat\u0131lan <em>Ayd\u0131n \u0130l Milli E\u011fitim M\u00fcd\u00fcr Yard\u0131mc\u0131s\u0131<\/em> G\u00fclfidan Kendirlio\u011flu; \u201c<em>Yap\u0131lan yenileme ve spora olan destekleri i\u00e7in t\u00fcm Enerjisa \u00dcretim ailesine te\u015fekk\u00fcr ederim. Gelece\u011fimiz olan \u00e7ocuklar\u0131m\u0131z\u0131n iyi bir ortamda bunu ba\u015farabilmeleri olduk\u00e7a \u00f6nemli<\/em>\u201d ifadelerini kulland\u0131.<\/p>\n<p>T\u00f6rende bulunan <em>Enerjisa \u00dcretim CEO<\/em>\u2019su \u0130hsan Erbil Bay\u00e7\u00f6l ise, \u201c<em><strong>Enerjisa \u00dcretim<\/strong> olarak \u00e7ocuklar\u0131n nitelikli bir e\u011fitim almas\u0131, sporun hayatlar\u0131n\u0131n bir par\u00e7as\u0131 olmas\u0131n\u0131n sa\u011flanmas\u0131, sa\u011fl\u0131kl\u0131, \u00e7a\u011fda\u015f ve vizyoner bir nesilin yeti\u015fmesi amac\u0131yla \u00e7al\u0131\u015fmalar ger\u00e7ekle\u015ftirmek en \u00f6nemli \u00f6nceliklerimiz aras\u0131nda yer al\u0131yor.\u00a0Bu kapsamda kad\u0131nlar\u0131n sekt\u00f6r\u00fcm\u00fczde daha \u00e7ok yer almas\u0131 i\u00e7in <strong>k\u0131z \u00f6\u011frencilerinin<\/strong> tamam\u0131na <strong>staj imkan\u0131<\/strong> sundu\u011fumuz ve Ayd\u0131n\u2019daki \u00e7ocuklar\u0131m\u0131z i\u00e7in daha keyifli ve kaliteli bir spor alan\u0131 yaratt\u0131\u011f\u0131m\u0131z i\u00e7in \u00e7ok mutluyuz. \u00dclkemizde<strong> sporun geli\u015fmesini<\/strong> g\u00f6n\u00fclden destekliyoruz. \u00c7ocuklar\u0131m\u0131z\u0131n <strong>erken ya\u015fta spora al\u0131\u015ft\u0131r\u0131lmalar\u0131<\/strong> ve<strong> iyi bir e\u011fitim almalar\u0131<\/strong> bu anlamda \u00e7ok \u00f6nemli<\/em>\u201d dedi.<\/p>\n<h3><strong>K\u0131z \u00f6\u011frencilere staj imkan\u0131 sa\u011flan\u0131yor<\/strong><\/h3>\n<p><strong>Enerjisa \u00dcretim<\/strong>; yenileme ile birlikte, <strong>Yenilenebilir Enerji Teknolojileri<\/strong> ve<strong> Elektrik-Elektronik Teknolojileri<\/strong> alanlar\u0131nda okuyan ve zorunlu staj\u0131 olan <strong>11. s\u0131n\u0131f<\/strong> k\u0131z \u00f6\u011frencilerine de <strong>staj imkan\u0131<\/strong> tan\u0131d\u0131\u011f\u0131n\u0131 a\u00e7\u0131klad\u0131. <strong>Kad\u0131n istihdam\u0131<\/strong>n\u0131n da art\u0131r\u0131lmas\u0131n\u0131 ama\u00e7layan program ile \u00f6\u011frencilere, <strong>yenilenebilir enerji sekt\u00f6r\u00fc<\/strong>n\u00fcn gerektirdi\u011fi yetkinlikler kazand\u0131r\u0131l\u0131rken, \u00f6\u011frencilerin pratik mesleki geli\u015fimlerine katk\u0131 sa\u011flanmas\u0131 planland\u0131\u011f\u0131 belirtildi. <strong>2022 \u2013 2024 y\u0131llar\u0131<\/strong>n\u0131 kapsayacak programda <strong>r\u00fczgar<\/strong> ve <strong>g\u00fcne\u015f santrallerinde<\/strong> staj imkan\u0131 sa\u011flanacak.<\/p>","protected":false},"excerpt":{"rendered":"<p>Sorry, this entry is only available in Turkish. For the sake of viewer convenience, the content is shown below in the alternative language. You may click the link to switch the active language. Enerjisa \u00dcretim, kad\u0131nlar\u0131n i\u015f hayat\u0131n\u0131n bir par\u00e7as\u0131 olmas\u0131 ve gen\u00e7lerin daha kaliteli bir ortamda spor yapmalar\u0131 i\u00e7in projeler geli\u015ftirmeyi s\u00fcrd\u00fcr\u00fcrken \u00f6zellikle basketbol [&hellip;]<\/p>\n","protected":false},"author":1,"featured_media":157359,"comment_status":"open","ping_status":"open","sticky":false,"template":"","format":"standard","meta":[],"categories":[51,53],"tags":[103969,103968,35365,33518,3940],"views":103,"_links":{"self":[{"href":"https:\/\/www.enerjigazetesi.ist\/en\/wp-json\/wp\/v2\/posts\/157356"}],"collection":[{"href":"https:\/\/www.enerjigazetesi.ist\/en\/wp-json\/wp\/v2\/posts"}],"about":[{"href":"https:\/\/www.enerjigazetesi.ist\/en\/wp-json\/wp\/v2\/types\/post"}],"author":[{"embeddable":true,"href":"https:\/\/www.enerjigazetesi.ist\/en\/wp-json\/wp\/v2\/users\/1"}],"replies":[{"embeddable":true,"href":"https:\/\/www.enerjigazetesi.ist\/en\/wp-json\/wp\/v2\/comments?post=157356"}],"version-history":[{"count":0,"href":"https:\/\/www.enerjigazetesi.ist\/en\/wp-json\/wp\/v2\/posts\/157356\/revisions"}],"wp:featuredmedia":[{"embeddable":true,"href":"https:\/\/www.enerjigazetesi.ist\/en\/wp-json\/wp\/v2\/media\/157359"}],"wp:attachment":[{"href":"https:\/\/www.enerjigazetesi.ist\/en\/wp-json\/wp\/v2\/media?parent=157356"}],"wp:term":[{"taxonomy":"category","embeddable":true,"href":"https:\/\/www.enerjigazetesi.ist\/en\/wp-json\/wp\/v2\/categories?post=157356"},{"taxonomy":"post_tag","embeddable":true,"href":"https:\/\/www.enerjigazetesi.ist\/en\/wp-json\/wp\/v2\/tags?post=157356"}],"curies":[{"name":"wp","href":"https:\/\/api.w.org\/{rel}","templated":true}]}}