{"id":157191,"date":"2022-06-10T10:37:30","date_gmt":"2022-06-10T07:37:30","guid":{"rendered":"https:\/\/www.enerjigazetesi.ist\/?p=157191"},"modified":"2022-06-10T10:38:09","modified_gmt":"2022-06-10T07:38:09","slug":"sedas-surdurulebilirlikte-buyukten-ote-surdurulebilir-350-listesine-girdi","status":"publish","type":"post","link":"https:\/\/www.enerjigazetesi.ist\/en\/sedas-surdurulebilirlikte-buyukten-ote-surdurulebilir-350-listesine-girdi\/","title":{"rendered":"(Turkish) &#8217;SEDA\u015e&#8217; S\u00fcrd\u00fcr\u00fclebilirlikte &#8220;B\u00fcy\u00fckten \u00d6te S\u00fcrd\u00fcr\u00fclebilir 350&#8221; Listesine Girdi"},"content":{"rendered":"<p class=\"qtranxs-available-languages-message qtranxs-available-languages-message-en\">Sorry, this entry is only available in <a href=\"https:\/\/www.enerjigazetesi.ist\/tr\/wp-json\/wp\/v2\/posts\/157191\" class=\"qtranxs-available-language-link qtranxs-available-language-link-tr\" title=\"Turkish\">Turkish<\/a>. For the sake of viewer convenience, the content is shown below in the alternative language. You may click the link to switch the active language.<\/p><p><\/p>\n<h2><strong>SEDA\u015e, s\u00fcrd\u00fcr\u00fclebilirlik alan\u0131ndaki ba\u015far\u0131lar\u0131na bir yenisini daha ekledi. \u015eirket, i\u015f d\u00fcnyas\u0131 dergisi Inbusiness\u2019\u0131n \u201cB\u00fcy\u00fckten \u00d6te S\u00fcrd\u00fcr\u00fclebilir 350\u201d listesinde g\u00f6sterilerek bu alanda en iyilerden biri oldu.<\/strong><\/h2>\n<div id=\"attachment_157195\" style=\"width: 330px\" class=\"wp-caption alignright\"><img aria-describedby=\"caption-attachment-157195\" loading=\"lazy\" class=\"wp-image-157195\" src=\"https:\/\/www.enerjigazetesi.ist\/wp-content\/uploads\/2022\/06\/Sedas-Dr-Necmi-Odyakmaz.jpg\" alt=\"\" width=\"320\" height=\"300\" srcset=\"https:\/\/www.enerjigazetesi.ist\/wp-content\/uploads\/2022\/06\/Sedas-Dr-Necmi-Odyakmaz.jpg 550w, https:\/\/www.enerjigazetesi.ist\/wp-content\/uploads\/2022\/06\/Sedas-Dr-Necmi-Odyakmaz-300x281.jpg 300w, https:\/\/www.enerjigazetesi.ist\/wp-content\/uploads\/2022\/06\/Sedas-Dr-Necmi-Odyakmaz-426x400.jpg 426w, https:\/\/www.enerjigazetesi.ist\/wp-content\/uploads\/2022\/06\/Sedas-Dr-Necmi-Odyakmaz-53x50.jpg 53w, https:\/\/www.enerjigazetesi.ist\/wp-content\/uploads\/2022\/06\/Sedas-Dr-Necmi-Odyakmaz-500x469.jpg 500w\" sizes=\"(max-width: 320px) 100vw, 320px\" \/><p id=\"caption-attachment-157195\" class=\"wp-caption-text\">SEDA\u015e Y\u00f6netim Kurulu ve \u0130cra Ba\u015fkan\u0131 Dr. Necmi Odyakmaz<\/p><\/div>\n<p><strong>Birle\u015fmi\u015f Milletler (BM) K\u00fcresel \u0130lkeler S\u00f6zle\u015fmesi<\/strong>\u2019ni imzalayarak d\u00fcnyan\u0131n en b\u00fcy\u00fck s\u00fcrd\u00fcr\u00fclebilirlik inisiyatifi <strong>Global Compact\u2019<\/strong>e \u00fcye olan <strong>SEDA\u015e<\/strong>, yeni bir ba\u015far\u0131ya daha imza att\u0131. \u015eirket, <em>daha iyi bir gelecek i\u00e7in y\u00fcr\u00fctt\u00fc\u011f\u00fc<\/em> \u00e7al\u0131\u015fmalarla ayl\u0131k<strong> i\u015f<\/strong> ve <strong>ekonomi<\/strong> dergisi Inbusiness taraf\u0131ndan haz\u0131rlanan <strong>\u201cB\u00fcy\u00fckten \u00d6te S\u00fcrd\u00fcr\u00fclebilir 350\u201d<\/strong> listesine girdi. SEDA\u015e b\u00f6ylelikle <strong>s\u00fcrd\u00fcr\u00fclebilir kalk\u0131nma<\/strong> i\u00e7in BM taraf\u0131ndan kabul edilen <strong>17 K\u00fcresel Ama\u00e7 do\u011frultusunda taahh\u00fct<\/strong> veren en iyi \u015firketler aras\u0131na kat\u0131ld\u0131.<\/p>\n<h3><strong>\u201cS\u00fcrd\u00fcr\u00fclebilir b\u00fcy\u00fcmenin de\u011ferine inan\u0131yoruz\u201d<\/strong><\/h3>\n<p><em>SEDA\u015e Y\u00f6netim Kurulu ve \u0130cra Ba\u015fkan\u0131<\/em> Dr. Necmi Odyakmaz, <strong>s\u00fcrd\u00fcr\u00fclebilir kalk\u0131nma anlay\u0131\u015f\u0131<\/strong> do\u011frultusunda <strong>toplumsal<\/strong> ve <strong>\u00e7evresel sorumluluklar\u0131n\u0131<\/strong> yerine getirmeye \u00f6ncelik verdiklerini ifade etti. SEDA\u015e\u2019\u0131n bu alandaki performans\u0131n\u0131 s\u00fcrekli g\u00fc\u00e7lendirdi\u011fini belirten Odyakmaz, <em>\u201cBM Global Compact \u00fcyesi olarak faaliyet b\u00f6lgemiz <strong>Kocaeli, Gebze, Sakarya, Bolu<\/strong> ve<strong> D\u00fczce<\/strong> ba\u015fta olmak \u00fczere hem <strong>\u00fclkemiz<\/strong> ve <strong>d\u00fcnyam\u0131z<\/strong> i\u00e7in s\u00fcrd\u00fcr\u00fclebilir b\u00fcy\u00fcmenin de\u011ferine inan\u0131yoruz.<strong> Toplumsal cinsiyet e\u015fitli\u011fi, \u00e7evre, insan haklar\u0131, \u00e7al\u0131\u015fma standartlar\u0131<\/strong> ve<strong> yolsuzlukla m\u00fccadele<\/strong> gibi acil konulardaki \u00e7al\u0131\u015fmalar\u0131 y\u00fcr\u00fct\u00fcyor, elde etti\u011fimiz sonu\u00e7lar\u0131 raporlayarak payda\u015flar\u0131m\u0131za sunuyoruz. <strong>S\u00fcrd\u00fcr\u00fclebilir kalk\u0131nma<\/strong> anlay\u0131\u015f\u0131yla \u015firketimizde ve faaliyet b\u00f6lgemizde hayata ge\u00e7irdi\u011fimiz uygulamalar\u0131n ba\u015far\u0131ya ula\u015fmas\u0131ndan mutluluk duyuyoruz\u201d<\/em> ifadelerini kulland\u0131.<\/p>\n<p><strong>\u201cB\u00fcy\u00fckten \u00d6te S\u00fcrd\u00fcr\u00fclebilir 350\u201d<\/strong> listesi, <strong>BM Global Compact \u00fcyesi<\/strong> \u015firketlerin, <strong>17 S\u00fcrd\u00fcr\u00fclebilir Kalk\u0131nma Amac\u0131<\/strong> do\u011frultusunda y\u00fcr\u00fctt\u00fckleri ba\u015far\u0131l\u0131 \u00e7al\u0131\u015fmalar ile hedeflerini ortaya koymas\u0131yla \u00f6nem ta\u015f\u0131yor.<\/p>","protected":false},"excerpt":{"rendered":"<p>Sorry, this entry is only available in Turkish. For the sake of viewer convenience, the content is shown below in the alternative language. You may click the link to switch the active language. SEDA\u015e, s\u00fcrd\u00fcr\u00fclebilirlik alan\u0131ndaki ba\u015far\u0131lar\u0131na bir yenisini daha ekledi. \u015eirket, i\u015f d\u00fcnyas\u0131 dergisi Inbusiness\u2019\u0131n \u201cB\u00fcy\u00fckten \u00d6te S\u00fcrd\u00fcr\u00fclebilir 350\u201d listesinde g\u00f6sterilerek bu alanda en [&hellip;]<\/p>\n","protected":false},"author":1,"featured_media":157194,"comment_status":"open","ping_status":"open","sticky":false,"template":"","format":"standard","meta":[],"categories":[51,53],"tags":[2873,103907,103908,98671,64561,4033],"views":75,"_links":{"self":[{"href":"https:\/\/www.enerjigazetesi.ist\/en\/wp-json\/wp\/v2\/posts\/157191"}],"collection":[{"href":"https:\/\/www.enerjigazetesi.ist\/en\/wp-json\/wp\/v2\/posts"}],"about":[{"href":"https:\/\/www.enerjigazetesi.ist\/en\/wp-json\/wp\/v2\/types\/post"}],"author":[{"embeddable":true,"href":"https:\/\/www.enerjigazetesi.ist\/en\/wp-json\/wp\/v2\/users\/1"}],"replies":[{"embeddable":true,"href":"https:\/\/www.enerjigazetesi.ist\/en\/wp-json\/wp\/v2\/comments?post=157191"}],"version-history":[{"count":0,"href":"https:\/\/www.enerjigazetesi.ist\/en\/wp-json\/wp\/v2\/posts\/157191\/revisions"}],"wp:featuredmedia":[{"embeddable":true,"href":"https:\/\/www.enerjigazetesi.ist\/en\/wp-json\/wp\/v2\/media\/157194"}],"wp:attachment":[{"href":"https:\/\/www.enerjigazetesi.ist\/en\/wp-json\/wp\/v2\/media?parent=157191"}],"wp:term":[{"taxonomy":"category","embeddable":true,"href":"https:\/\/www.enerjigazetesi.ist\/en\/wp-json\/wp\/v2\/categories?post=157191"},{"taxonomy":"post_tag","embeddable":true,"href":"https:\/\/www.enerjigazetesi.ist\/en\/wp-json\/wp\/v2\/tags?post=157191"}],"curies":[{"name":"wp","href":"https:\/\/api.w.org\/{rel}","templated":true}]}}