{"id":15718,"date":"2013-09-24T17:51:31","date_gmt":"2013-09-24T14:51:31","guid":{"rendered":"https:\/\/www.enerjigazetesi.ist\/?p=15718"},"modified":"2013-09-24T17:51:31","modified_gmt":"2013-09-24T14:51:31","slug":"carsambada-termal-enerji-arayisi","status":"publish","type":"post","link":"https:\/\/www.enerjigazetesi.ist\/en\/carsambada-termal-enerji-arayisi\/","title":{"rendered":"(Turkish) \u00c7ar\u015famba&#8217;da Termal Enerji Aray\u0131\u015f\u0131"},"content":{"rendered":"<p class=\"qtranxs-available-languages-message qtranxs-available-languages-message-en\">Sorry, this entry is only available in <a href=\"https:\/\/www.enerjigazetesi.ist\/tr\/wp-json\/wp\/v2\/posts\/15718\" class=\"qtranxs-available-language-link qtranxs-available-language-link-tr\" title=\"Turkish\">Turkish<\/a>. For the sake of viewer convenience, the content is shown below in the alternative language. You may click the link to switch the active language.<\/p><p><strong>Samsun&#8217;un \u00c7ar\u015famba \u0130l\u00e7e Kaymakam\u0131 Caner Y\u0131ld\u0131z, jeotermal enerjinin \u00e7\u0131kart\u0131lmas\u0131 i\u00e7in u\u011fra\u015ft\u0131klar\u0131 ve \u00e7ok \u00fcmitli olduklar\u0131n\u0131 s\u00f6yledi.<\/strong><\/p>\n<p>Kaymakam Caner Y\u0131ld\u0131z, bal\u0131k\u00e7\u0131l\u0131k, termal enerji, turizm ve g\u0131da ihtisas OSB&#8217;nin kurulmas\u0131 hakk\u0131nda \u00f6nemli a\u00e7\u0131klamalarda bulundu. Caner Y\u0131ld\u0131z, &#8220;Jeotermal enerjinin \u00e7\u0131kart\u0131lmas\u0131 i\u00e7in u\u011fra\u015f\u0131yoruz. 2 y\u0131lda \u00f6nemli geli\u015fmeler kaydettik. \u015eu a\u015famada bin 830 metrede 73 derece s\u0131cakl\u0131kta suyu \u00c7ar\u015famba&#8217;da TPAO&#8217;ya ait kuyu i\u00e7erisinde tespit ettik. Bu kuyu da TPAO&#8217;da<a href=\"https:\/\/www.enerjigazetesi.ist\/wp-content\/uploads\/2013\/09\/carsamba-39da-termal-enerji-arayisi.jpg\"><img loading=\"lazy\" class=\"alignright size-medium wp-image-15719\" title=\"carsamba-da-termal-enerji-arayisi\" src=\"https:\/\/www.enerjigazetesi.ist\/wp-content\/uploads\/2013\/09\/carsamba-39da-termal-enerji-arayisi-300x181.jpg\" alt=\"\" width=\"300\" height=\"181\" srcset=\"https:\/\/www.enerjigazetesi.ist\/wp-content\/uploads\/2013\/09\/carsamba-39da-termal-enerji-arayisi-300x181.jpg 300w, https:\/\/www.enerjigazetesi.ist\/wp-content\/uploads\/2013\/09\/carsamba-39da-termal-enerji-arayisi-80x48.jpg 80w, https:\/\/www.enerjigazetesi.ist\/wp-content\/uploads\/2013\/09\/carsamba-39da-termal-enerji-arayisi.jpg 480w\" sizes=\"(max-width: 300px) 100vw, 300px\" \/><\/a> ilk defa T\u00fcrkiye&#8217;de petrol kuyusunu Samsun Valili\u011fi ad\u0131na benim imzam ile, Say\u0131n Valimizin de yetkilendirmesiyle \u0130l\u00e7e \u00d6zel \u0130dare&#8217;ye tahsis edildi. Kuyunun i\u00e7erisindeki suyu \u00e7\u0131kartaca\u011f\u0131z. Esas \u00fczerinde durdu\u011fumuz konu bu. Suyu \u00e7\u0131kartmak i\u00e7inde TPAO&#8217;ya ait sondaj makineleri ile, \u00f6zel bir y\u00f6ntemle \u00e7\u0131kart\u0131l\u0131yor.<\/p>\n<p>50 bin d\u00f6n\u00fcm arazi arama yapabilmek i\u00e7in \u00d6zel \u0130dare&#8217;den jeotermal arama ruhsat\u0131n\u0131 ald\u0131k. Buradaki su sadece MTA ve TPAO&#8217;nun yapt\u0131\u011f\u0131 \u00e7al\u0131\u015fmalar\u0131n d\u0131\u015f\u0131nda, ODT\u00dc&#8217;den getirdi\u011fimiz hocalar\u0131m\u0131z da \u00c7ar\u015famba Ovas\u0131&#8217;n\u0131n su s\u0131cakl\u0131\u011f\u0131n\u0131n 73 derecede olmad\u0131\u011f\u0131n\u0131, s\u0131cakl\u0131\u011f\u0131n100 derecenin \u00fcst\u00fcnde oldu\u011funu s\u00f6yl\u00fcyorlar. Kuyuda tesad\u00fcfen a\u00e7\u0131lm\u0131\u015f bir kuyu. Petrol i\u00e7in a\u00e7\u0131lan bir kuyu. \u00c7ar\u015famba&#8217;n\u0131n kuzey b\u00f6l\u00fcmlerinde su s\u0131cakl\u0131\u011f\u0131n\u0131n 100 derecenin \u00fcst\u00fcnde oldu\u011fu da belirtiliyor. B\u00f6yle olursa yeni kuyular a\u00e7\u0131lacakt\u0131r. Su yery\u00fcz\u00fcne \u00e7\u0131kt\u0131\u011f\u0131nda s\u0131cakl\u0131kta 3-5 derecelik bir d\u00fc\u015f\u00fc\u015f oluyor.<\/p>\n<p>G\u00fcn\u00fcm\u00fczde bu s\u0131cakl\u0131\u011f\u0131n alt\u0131nda bir\u00e7ok il\u00e7ede konutlar bu enerjiye sahip. Bunlar Simav, Sarayk\u00f6y, Bergama, Bal\u00e7ova. 70 bin konut bu enerjiden faydalan\u0131yor. Bu enerjiyi \u00e7\u0131kard\u0131\u011f\u0131m\u0131zda turizmde seralar da kullanaca\u011f\u0131z. Termal enerjiden \u00e7ok \u00fcmitliyiz. \u0130n\u015fallah k\u0131sa zamanda sonuca ula\u015faca\u011f\u0131z&#8221; dedi.<\/p>\n<p>Kaynak: <a href=\"http:\/\/www.energyworld.com.tr\/root.vol?title=carsamba-39da-termal-enerji-arayisi&amp;exec=page&amp;nid=575765\" target=\"_blank\">Energy World<\/a><\/p>","protected":false},"excerpt":{"rendered":"<p>Sorry, this entry is only available in Turkish. For the sake of viewer convenience, the content is shown below in the alternative language. You may click the link to switch the active language.Samsun&#8217;un \u00c7ar\u015famba \u0130l\u00e7e Kaymakam\u0131 Caner Y\u0131ld\u0131z, jeotermal enerjinin \u00e7\u0131kart\u0131lmas\u0131 i\u00e7in u\u011fra\u015ft\u0131klar\u0131 ve \u00e7ok \u00fcmitli olduklar\u0131n\u0131 s\u00f6yledi. Kaymakam Caner Y\u0131ld\u0131z, bal\u0131k\u00e7\u0131l\u0131k, termal enerji, turizm [&hellip;]<\/p>\n","protected":false},"author":1,"featured_media":15719,"comment_status":"open","ping_status":"open","sticky":false,"template":"","format":"standard","meta":[],"categories":[53,48],"tags":[8919,8918,63,67,1009,165,58,56,1998,842,505,105],"views":1715,"_links":{"self":[{"href":"https:\/\/www.enerjigazetesi.ist\/en\/wp-json\/wp\/v2\/posts\/15718"}],"collection":[{"href":"https:\/\/www.enerjigazetesi.ist\/en\/wp-json\/wp\/v2\/posts"}],"about":[{"href":"https:\/\/www.enerjigazetesi.ist\/en\/wp-json\/wp\/v2\/types\/post"}],"author":[{"embeddable":true,"href":"https:\/\/www.enerjigazetesi.ist\/en\/wp-json\/wp\/v2\/users\/1"}],"replies":[{"embeddable":true,"href":"https:\/\/www.enerjigazetesi.ist\/en\/wp-json\/wp\/v2\/comments?post=15718"}],"version-history":[{"count":2,"href":"https:\/\/www.enerjigazetesi.ist\/en\/wp-json\/wp\/v2\/posts\/15718\/revisions"}],"predecessor-version":[{"id":15721,"href":"https:\/\/www.enerjigazetesi.ist\/en\/wp-json\/wp\/v2\/posts\/15718\/revisions\/15721"}],"wp:featuredmedia":[{"embeddable":true,"href":"https:\/\/www.enerjigazetesi.ist\/en\/wp-json\/wp\/v2\/media\/15719"}],"wp:attachment":[{"href":"https:\/\/www.enerjigazetesi.ist\/en\/wp-json\/wp\/v2\/media?parent=15718"}],"wp:term":[{"taxonomy":"category","embeddable":true,"href":"https:\/\/www.enerjigazetesi.ist\/en\/wp-json\/wp\/v2\/categories?post=15718"},{"taxonomy":"post_tag","embeddable":true,"href":"https:\/\/www.enerjigazetesi.ist\/en\/wp-json\/wp\/v2\/tags?post=15718"}],"curies":[{"name":"wp","href":"https:\/\/api.w.org\/{rel}","templated":true}]}}