{"id":157140,"date":"2022-06-09T16:48:41","date_gmt":"2022-06-09T13:48:41","guid":{"rendered":"https:\/\/www.enerjigazetesi.ist\/?p=157140"},"modified":"2022-06-09T16:55:54","modified_gmt":"2022-06-09T13:55:54","slug":"izocam-tum-tesisleri-nde-temel-seviye-sifir-atik-belgesi-ni-aldi","status":"publish","type":"post","link":"https:\/\/www.enerjigazetesi.ist\/en\/izocam-tum-tesisleri-nde-temel-seviye-sifir-atik-belgesi-ni-aldi\/","title":{"rendered":"(Turkish) &#8217;\u0130zocam&#8217; T\u00fcm Tesislerinde Temel Seviye S\u0131f\u0131r At\u0131k Belgesi\u2019ni Ald\u0131"},"content":{"rendered":"<p class=\"qtranxs-available-languages-message qtranxs-available-languages-message-en\">Sorry, this entry is only available in <a href=\"https:\/\/www.enerjigazetesi.ist\/tr\/wp-json\/wp\/v2\/posts\/157140\" class=\"qtranxs-available-language-link qtranxs-available-language-link-tr\" title=\"Turkish\">Turkish<\/a>. For the sake of viewer convenience, the content is shown below in the alternative language. You may click the link to switch the active language.<\/p><p><\/p>\n<h2>\u0130zocam, pek \u00e7ok alanda oldu\u011fu gibi \u00fcretti\u011fi \u00fcr\u00fcnlerle birlikte \u00e7evresel modernizasyon projelerine yapt\u0131\u011f\u0131 yat\u0131r\u0131mlarla s\u00fcrd\u00fcr\u00fclebilirli\u011fe olan katk\u0131s\u0131n\u0131 \u00fcst seviyelere ta\u015f\u0131yor.<\/h2>\n<p>Yak\u0131n d\u00f6nemde \u00e7evre dostu tesis hedeflerine katk\u0131 yapan \u00f6nemli bir ad\u0131m att\u0131klar\u0131n\u0131 belirten <em>\u0130zocam Genel Direkt\u00f6r\u00fc<\/em> <strong>Murat Savc\u0131<\/strong>, t\u00fcm tesislerinde <strong>Temel Seviye S\u0131f\u0131r At\u0131k Belgesi<\/strong>\u2019ni almaya hak kazand\u0131klar\u0131n\u0131 a\u00e7\u0131klad\u0131. Bu belgeye ilk olarak 2021\u2019in Temmuz ay\u0131nda <strong>Tarsus Tesisleri&#8217;<\/strong>nin ald\u0131\u011f\u0131n\u0131 kaydeden Savc\u0131, <em>\u201cGe\u00e7en y\u0131l\u0131n sonuna kadar da t\u00fcm tesislerimiz bu belgeye sahip oldu. T.C. \u00c7evre ve <img loading=\"lazy\" class=\"alignright wp-image-157143\" src=\"https:\/\/www.enerjigazetesi.ist\/wp-content\/uploads\/2022\/06\/izocam-sifir-atik-hedefini-gerceklestirdi.jpg\" alt=\"\" width=\"300\" height=\"263\" srcset=\"https:\/\/www.enerjigazetesi.ist\/wp-content\/uploads\/2022\/06\/izocam-sifir-atik-hedefini-gerceklestirdi.jpg 550w, https:\/\/www.enerjigazetesi.ist\/wp-content\/uploads\/2022\/06\/izocam-sifir-atik-hedefini-gerceklestirdi-300x263.jpg 300w, https:\/\/www.enerjigazetesi.ist\/wp-content\/uploads\/2022\/06\/izocam-sifir-atik-hedefini-gerceklestirdi-456x400.jpg 456w, https:\/\/www.enerjigazetesi.ist\/wp-content\/uploads\/2022\/06\/izocam-sifir-atik-hedefini-gerceklestirdi-57x50.jpg 57w, https:\/\/www.enerjigazetesi.ist\/wp-content\/uploads\/2022\/06\/izocam-sifir-atik-hedefini-gerceklestirdi-500x438.jpg 500w\" sizes=\"(max-width: 300px) 100vw, 300px\" \/>\u015eehircilik Bakanl\u0131\u011f\u0131 taraf\u0131ndan verilen bu belge; tesisin, temel seviyede <strong>israf\u0131n \u00f6nlenmesini, kaynaklar\u0131n daha verimli kullan\u0131lmas\u0131n\u0131, at\u0131k olu\u015fum sebeplerinin<\/strong> g\u00f6zden ge\u00e7irilerek<strong> at\u0131k olu\u015fumunun engellenmesi<\/strong> veya <strong>minimize edilmesini, at\u0131\u011f\u0131n olu\u015fmas\u0131<\/strong> durumunda ise <strong>kayna\u011f\u0131nda ayr\u0131 toplanmas\u0131<\/strong> ve <strong>geri kazan\u0131m\u0131n\u0131n sa\u011flanmas\u0131n\u0131<\/strong> kapsayan bir dizi s\u00fcreci tamamlam\u0131\u015f oldu\u011funu ifade ediyor\u201d<\/em> diye konu\u015ftu.<\/p>\n<p><strong>\u2018S\u00fcrd\u00fcr\u00fclebilir yar\u0131nlar\u2019a<\/strong> ula\u015fma hedefiyle tesislerini <strong>\u00e7evresel ko\u015fullar<\/strong> ile uyumlu olacak \u015fekilde modernize etmeyi s\u00fcrd\u00fcrd\u00fcklerini vurgulayan Murat Savc\u0131, <em>\u201c\u0130zocam olarak, <strong>2050 y\u0131l\u0131na<\/strong> kadar <strong>karbon n\u00f6tr olma<\/strong> y\u00f6n\u00fcnde hedefler belirledik, bu kapsamda 2025 ve 2030 y\u0131llar\u0131 i\u00e7in yol haritalar\u0131m\u0131z\u0131 olu\u015fturduk. 2030 y\u0131l\u0131na kadar <strong>direkt<\/strong> ve <strong>indirekt sera gaz\u0131 emisyonlar\u0131n\u0131<\/strong> en az <strong>%33<\/strong> azaltmay\u0131 sa\u011flayacak yat\u0131r\u0131m planlar\u0131n\u0131 devre ald\u0131k. Yeni yat\u0131r\u0131mlar\u0131m\u0131z ile <strong>s\u00fcrd\u00fcrebilir bir d\u00fcnya<\/strong> i\u00e7in yapt\u0131\u011f\u0131m\u0131z katk\u0131y\u0131 bir \u00fcst seviyeye ta\u015f\u0131may\u0131 ama\u00e7l\u0131yoruz. Di\u011fer taraftan tesislerimizde<strong> enerji izleme sistemleri<\/strong> kurarak <strong>geri kazan\u0131m, verimlilik projeleri<\/strong> uygulad\u0131k. Ayd\u0131nlatma tiplerini <strong>\u00e7evreci uygulamalarla<\/strong> yeniledik.<strong> Sera gaz\u0131 emisyonlar\u0131m\u0131z\u0131n azalt\u0131lmas\u0131, su t\u00fcketimlerinin<\/strong> ve <strong>at\u0131k su olu\u015fumlar\u0131n\u0131n<\/strong> s\u0131n\u0131rland\u0131r\u0131lmas\u0131, alternatif hammadde kaynaklar\u0131n\u0131n \u00fcretim s\u00fcre\u00e7lerine adapte edilmesi ve d\u00f6ng\u00fcsel ekonomiye katk\u0131 sa\u011flayacak bir\u00e7ok proje \u00e7al\u0131\u015fmas\u0131 s\u00fcrd\u00fcr\u00fclebilirlik hedeflerimize uyum sa\u011flamak i\u00e7in <strong>detayl\u0131 programlar halinde<\/strong> ele al\u0131n\u0131yor\u201d<\/em> ifadelerini kulland\u0131.<\/p>\n<p>\u0130zocam\u2019\u0131n \u00e7evreye katk\u0131 sa\u011flayan bir di\u011fer \u00f6nemli \u00e7al\u0131\u015fmas\u0131n\u0131n ise <strong>ambalaj yenileme projesi<\/strong> oldu\u011funu kaydeden <em>\u0130zocam Genel Direkt\u00f6r\u00fc Murat Savc\u0131<\/em>, <em>\u201c<strong>Yar\u0131 \u015feffaf beyaz<\/strong> olan yeni ambalajlarda daha az boya kullan\u0131m\u0131na yer verilerek, <strong>ambalaj boylar\u0131<\/strong> ve <strong>kullan\u0131lan paketleme miktarlar\u0131<\/strong> yeniden d\u00fczenlendi. Bu sayede<strong> at\u0131k olu\u015fum miktar\u0131<\/strong> azalt\u0131ld\u0131 ve <strong>\u00e7evre dostu<\/strong> bir <strong>ambalajlama<\/strong> ile <strong>s\u00fcrd\u00fcr\u00fclebilirli\u011fe katk\u0131<\/strong> sa\u011fland\u0131\u201d<\/em> \u015feklinde konu\u015ftu.<\/p>\n<p><strong>S\u00fcrd\u00fcr\u00fclebilir<\/strong> ve <strong>sa\u011fl\u0131kl\u0131 yar\u0131nlar<\/strong> i\u00e7in fark\u0131ndal\u0131kla hareket eden \u0130zocam\u2019\u0131n \u00fcr\u00fcnlerinin di\u011fer bir \u00f6nemli \u00f6zelli\u011fi ise; Birle\u015fmi\u015f Milletler\u2019in <strong>k\u00fcresel iklim de\u011fi\u015fikli\u011fi ile m\u00fccadele<\/strong> kapsam\u0131nda geli\u015ftirdi\u011fi <strong>\u201cS\u00fcrd\u00fcr\u00fclebilir Kalk\u0131nma Ama\u00e7lar\u0131\u201d<\/strong>n\u0131n <strong>8\u2019ine de<\/strong> do\u011frudan katk\u0131da bulunmalar\u0131d\u0131r. \u0130zocam \u00fcr\u00fcnleri, sahip olduklar\u0131 \u00f6zellikler ve sunduklar\u0131 faydalar sayesinde;<em><strong> \u201cSa\u011fl\u0131k ve Kaliteli Ya\u015fam\u201d, \u201cEri\u015filebilir ve Temiz Enerji\u201d, \u201c\u0130nsana Yak\u0131\u015f\u0131r \u0130\u015f ve Ekonomik B\u00fcy\u00fcme\u201d, \u201cSanayi, Yenilik\u00e7ilik ve Altyap\u0131\u201d, \u201cS\u00fcrd\u00fcr\u00fclebilir \u015eehirler ve Topluluklar\u201d, \u201cSorumlu \u00dcretim ve T\u00fcketim\u201d, \u201c\u0130klim Eylemi\u201d ve \u201cAma\u00e7lar i\u00e7in Ortakl\u0131klar\u201d<\/strong> <\/em>gibi 2030 y\u0131l\u0131na kadar <strong>tamamlanmas\u0131 beklenen<\/strong> ve<strong> gelece\u011fimize yat\u0131r\u0131m<\/strong> yapan \u00f6nemli hedeflere ula\u015f\u0131lmas\u0131na destek oluyor.<\/p>","protected":false},"excerpt":{"rendered":"<p>Sorry, this entry is only available in Turkish. For the sake of viewer convenience, the content is shown below in the alternative language. You may click the link to switch the active language. \u0130zocam, pek \u00e7ok alanda oldu\u011fu gibi \u00fcretti\u011fi \u00fcr\u00fcnlerle birlikte \u00e7evresel modernizasyon projelerine yapt\u0131\u011f\u0131 yat\u0131r\u0131mlarla s\u00fcrd\u00fcr\u00fclebilirli\u011fe olan katk\u0131s\u0131n\u0131 \u00fcst seviyelere ta\u015f\u0131yor. Yak\u0131n d\u00f6nemde [&hellip;]<\/p>\n","protected":false},"author":1,"featured_media":157144,"comment_status":"open","ping_status":"open","sticky":false,"template":"","format":"standard","meta":[],"categories":[53,52],"tags":[84265,103882,103881,15555,3120,80451,77562,1001],"views":133,"_links":{"self":[{"href":"https:\/\/www.enerjigazetesi.ist\/en\/wp-json\/wp\/v2\/posts\/157140"}],"collection":[{"href":"https:\/\/www.enerjigazetesi.ist\/en\/wp-json\/wp\/v2\/posts"}],"about":[{"href":"https:\/\/www.enerjigazetesi.ist\/en\/wp-json\/wp\/v2\/types\/post"}],"author":[{"embeddable":true,"href":"https:\/\/www.enerjigazetesi.ist\/en\/wp-json\/wp\/v2\/users\/1"}],"replies":[{"embeddable":true,"href":"https:\/\/www.enerjigazetesi.ist\/en\/wp-json\/wp\/v2\/comments?post=157140"}],"version-history":[{"count":0,"href":"https:\/\/www.enerjigazetesi.ist\/en\/wp-json\/wp\/v2\/posts\/157140\/revisions"}],"wp:featuredmedia":[{"embeddable":true,"href":"https:\/\/www.enerjigazetesi.ist\/en\/wp-json\/wp\/v2\/media\/157144"}],"wp:attachment":[{"href":"https:\/\/www.enerjigazetesi.ist\/en\/wp-json\/wp\/v2\/media?parent=157140"}],"wp:term":[{"taxonomy":"category","embeddable":true,"href":"https:\/\/www.enerjigazetesi.ist\/en\/wp-json\/wp\/v2\/categories?post=157140"},{"taxonomy":"post_tag","embeddable":true,"href":"https:\/\/www.enerjigazetesi.ist\/en\/wp-json\/wp\/v2\/tags?post=157140"}],"curies":[{"name":"wp","href":"https:\/\/api.w.org\/{rel}","templated":true}]}}