{"id":157134,"date":"2022-06-09T15:32:44","date_gmt":"2022-06-09T12:32:44","guid":{"rendered":"https:\/\/www.enerjigazetesi.ist\/?p=157134"},"modified":"2022-06-09T15:32:44","modified_gmt":"2022-06-09T12:32:44","slug":"lisanssiz-gunes-yatirimlari-nda-yeni-esneklikler-gerekiyor","status":"publish","type":"post","link":"https:\/\/www.enerjigazetesi.ist\/en\/lisanssiz-gunes-yatirimlari-nda-yeni-esneklikler-gerekiyor\/","title":{"rendered":"(Turkish) Lisanss\u0131z G\u00fcne\u015f Yat\u0131r\u0131mlar\u0131&#8217;nda Yeni Esneklikler Gerekiyor"},"content":{"rendered":"<p class=\"qtranxs-available-languages-message qtranxs-available-languages-message-en\">Sorry, this entry is only available in <a href=\"https:\/\/www.enerjigazetesi.ist\/tr\/wp-json\/wp\/v2\/posts\/157134\" class=\"qtranxs-available-language-link qtranxs-available-language-link-tr\" title=\"Turkish\">Turkish<\/a>. For the sake of viewer convenience, the content is shown below in the alternative language. You may click the link to switch the active language.<\/p><p><\/p>\n<h2>G\u00fcne\u015f Enerjisi Sanayicileri ve End\u00fcstrisi Derne\u011fi (GENSED) Genel Sekreteri Hakan Erkan T\u00fcrk firmalar\u0131n\u0131n Avrupa pazar\u0131nda rekabet g\u00fc\u00e7lerini korumalar\u0131 i\u00e7in lisanss\u0131z elektrik \u00fcretim mevzuat\u0131nda yeni esneklikler sa\u011flanmas\u0131 gereklili\u011finin ortaya \u00e7\u0131kt\u0131\u011f\u0131n\u0131 s\u00f6yledi.<\/h2>\n<p>Erkan, GENSED taraf\u0131ndan yay\u0131nlanan bas\u0131n a\u00e7\u0131klamas\u0131ndaki de\u011ferlendirmesinde Avrupa Birli\u011fi\u2019nin Ye\u015fil Mutabakat kapsam\u0131nda <strong>S\u0131n\u0131rda Karbon Vergileri uygulamas\u0131<\/strong>n\u0131 hayata ge\u00e7irmeye haz\u0131rland\u0131\u011f\u0131n\u0131 hat\u0131rlat\u0131rken, bu nedenle T\u00fcrk sanayi kurulu\u015flar\u0131n\u0131n birlik \u00fclkelerinde rekabet\u00e7i konumu <img loading=\"lazy\" class=\"alignright wp-image-157136\" src=\"https:\/\/www.enerjigazetesi.ist\/wp-content\/uploads\/2022\/06\/lisanssiz-gunes-yatirimlari-nda-yeni-esneklikler-gerekiyor.jpg\" alt=\"\" width=\"320\" height=\"308\" srcset=\"https:\/\/www.enerjigazetesi.ist\/wp-content\/uploads\/2022\/06\/lisanssiz-gunes-yatirimlari-nda-yeni-esneklikler-gerekiyor.jpg 550w, https:\/\/www.enerjigazetesi.ist\/wp-content\/uploads\/2022\/06\/lisanssiz-gunes-yatirimlari-nda-yeni-esneklikler-gerekiyor-300x289.jpg 300w, https:\/\/www.enerjigazetesi.ist\/wp-content\/uploads\/2022\/06\/lisanssiz-gunes-yatirimlari-nda-yeni-esneklikler-gerekiyor-416x400.jpg 416w, https:\/\/www.enerjigazetesi.ist\/wp-content\/uploads\/2022\/06\/lisanssiz-gunes-yatirimlari-nda-yeni-esneklikler-gerekiyor-52x50.jpg 52w, https:\/\/www.enerjigazetesi.ist\/wp-content\/uploads\/2022\/06\/lisanssiz-gunes-yatirimlari-nda-yeni-esneklikler-gerekiyor-500x481.jpg 500w\" sizes=\"(max-width: 320px) 100vw, 320px\" \/>s\u00fcrd\u00fcrmek i\u00e7in <strong>karbon ayak izlerini<\/strong> h\u0131zla <strong>d\u00fc\u015f\u00fcrmek<\/strong> zorunda oldu\u011funun alt\u0131n\u0131 \u00e7izdi.<\/p>\n<p><strong>Lisanss\u0131z g\u00fcne\u015f enerjisi yat\u0131r\u0131mlar\u0131<\/strong>n\u0131n bu hedefe ula\u015fmada en h\u0131zl\u0131 ve etkin \u00e7\u00f6z\u00fcmlerin ba\u015f\u0131nda geldi\u011fini ve <strong>ilgili mevzuatta<\/strong> son d\u00f6nemde yap\u0131lan g\u00fcncellemelerin <strong>b\u00fcy\u00fck \u00f6l\u00e7ekli yat\u0131r\u0131mlar\u0131n<\/strong> \u00f6n\u00fcn\u00fc a\u00e7t\u0131\u011f\u0131n\u0131 kaydeden Erkan, buna kar\u015f\u0131n <strong>sanayi kurulu\u015flar\u0131n\u0131n mevzuat\u0131n<\/strong> da izin verdi\u011fi b\u00fcy\u00fckl\u00fcklerdeki <strong>lisanss\u0131z g\u00fcne\u015f enerjisi projeleri<\/strong> i\u00e7in<strong> uygun arazi bulmada<\/strong> \u00e7ok zorland\u0131\u011f\u0131n\u0131 kaydetti.<\/p>\n<p><strong>GENSED<\/strong> olarak bu sorunun \u00e7\u00f6z\u00fcm\u00fc i\u00e7in \u00f6nerilerini <strong>Enerji Piyasas\u0131 D\u00fczenleme Kurumu<\/strong>\u2019na ilettiklerini s\u00f6yleyen Erkan, kuruma<strong> 5.1.h kapsam\u0131nda<\/strong> <em>g\u00fcne\u015f enerjisi yat\u0131r\u0131mlar\u0131<\/em> i\u00e7in,<strong> hazine arazilerinin tahsisi imkanlar\u0131n\u0131n getirilmesi<\/strong> ve<strong> y\u00fcksek gerilimden (154kV) ba\u011fl\u0131 t\u00fcketim tesislerine<\/strong> ayn\u0131 da\u011f\u0131t\u0131m b\u00f6lgesi s\u0131n\u0131rlar\u0131 i\u00e7erisinde <strong>kalma k\u0131s\u0131t\u0131n\u0131n kald\u0131r\u0131lmas\u0131<\/strong> \u00f6nerisini sunduklar\u0131n\u0131 belirtti.<\/p>\n<p>Erkan, sanayi kurulu\u015flar\u0131n\u0131n <strong>GES yat\u0131r\u0131mlar\u0131n\u0131<\/strong> h\u0131zl\u0131 devreye almalar\u0131 ile <strong>karbon ayak izlerini<\/strong> ve <strong>\u00fcretim maliyetlerini d\u00fc\u015f\u00fcrece\u011fini<\/strong> ve bu durumun da, T\u00fcrk firmalar\u0131n\u0131n <strong>AB<\/strong> \u00fclkelerindeki rekabet g\u00fcc\u00fcn\u00fc korumas\u0131na <strong>\u00f6nemli katk\u0131 sa\u011flayaca\u011f\u0131na<\/strong> vurgu yapt\u0131.<\/p>\n<p>GENSED Genel Sekreteri Hakan Erkan s\u00f6zlerinin devam\u0131nda <span style=\"text-decoration: underline;\">\u015funlar\u0131 s\u00f6yledi;<\/span><\/p>\n<p><em>\u201c<strong>Lisanss\u0131z g\u00fcne\u015f enerjisi yat\u0131r\u0131mlar\u0131<\/strong> T\u00fcrkiye\u2019de <strong>g\u00fcne\u015f enerjisi yat\u0131r\u0131m k\u00fclt\u00fcr\u00fc<\/strong>n\u00fcn olu\u015fmas\u0131nda ve sekt\u00f6rel geli\u015fiminde adeta <strong>ana belirleyici<\/strong> oldu.<\/em><\/p>\n<p><em>Bu yat\u0131r\u0131m alan\u0131n\u0131n geli\u015fmesi i\u00e7in sa\u011flanan<strong> esneklik<\/strong> ve <strong>destekler<\/strong> yerli g\u00fcne\u015f enerjisi sanayisinin olu\u015fumundan, sekt\u00f6rde nitelikli i\u015f g\u00fcc\u00fc ile kurumsal hizmet sa\u011flay\u0131c\u0131lar\u0131n\u0131n artmas\u0131na kadar bir\u00e7ok alanda \u00fclkemize \u00f6nemli faydalar sa\u011flad\u0131.<\/em><\/p>\n<p><em>Sanayi kurulu\u015flar\u0131n\u0131n <strong>lisanss\u0131z yat\u0131r\u0131mlar\u0131<\/strong> i\u00e7in sa\u011flanabilecek \u00f6nerdi\u011fimiz yeni esneklikler de T\u00fcrk sanayicilerinin AB pazarlar\u0131nda uygulamaya girecek<strong> karbon vergilerine kar\u015f\u0131<\/strong> rekabet g\u00fc\u00e7lerini korumalar\u0131n\u0131 <strong>hatta art\u0131rmalar\u0131n\u0131<\/strong> sa\u011flayacakt\u0131r.<\/em><\/p>\n<p><em>Bu y\u00fczden sekt\u00f6r olarak beklentimiz <strong>GENSED g\u00f6r\u00fc\u015flerinin de<\/strong> yer ald\u0131\u011f\u0131 <strong>yeni d\u00fczenlemeleri<\/strong> kapsayan <strong>Lisanss\u0131z Elektrik \u00dcretim Y\u00f6netmeli\u011fi<\/strong>&#8216;nin bu ay i\u00e7inde yay\u0131nlanmas\u0131d\u0131r.\u201d<\/em><\/p>","protected":false},"excerpt":{"rendered":"<p>Sorry, this entry is only available in Turkish. For the sake of viewer convenience, the content is shown below in the alternative language. You may click the link to switch the active language. G\u00fcne\u015f Enerjisi Sanayicileri ve End\u00fcstrisi Derne\u011fi (GENSED) Genel Sekreteri Hakan Erkan T\u00fcrk firmalar\u0131n\u0131n Avrupa pazar\u0131nda rekabet g\u00fc\u00e7lerini korumalar\u0131 i\u00e7in lisanss\u0131z elektrik \u00fcretim [&hellip;]<\/p>\n","protected":false},"author":1,"featured_media":157137,"comment_status":"open","ping_status":"open","sticky":false,"template":"","format":"standard","meta":[],"categories":[51,53,49],"tags":[18,727,24571,2206,72949,4327,103879,103880,842],"views":159,"_links":{"self":[{"href":"https:\/\/www.enerjigazetesi.ist\/en\/wp-json\/wp\/v2\/posts\/157134"}],"collection":[{"href":"https:\/\/www.enerjigazetesi.ist\/en\/wp-json\/wp\/v2\/posts"}],"about":[{"href":"https:\/\/www.enerjigazetesi.ist\/en\/wp-json\/wp\/v2\/types\/post"}],"author":[{"embeddable":true,"href":"https:\/\/www.enerjigazetesi.ist\/en\/wp-json\/wp\/v2\/users\/1"}],"replies":[{"embeddable":true,"href":"https:\/\/www.enerjigazetesi.ist\/en\/wp-json\/wp\/v2\/comments?post=157134"}],"version-history":[{"count":0,"href":"https:\/\/www.enerjigazetesi.ist\/en\/wp-json\/wp\/v2\/posts\/157134\/revisions"}],"wp:featuredmedia":[{"embeddable":true,"href":"https:\/\/www.enerjigazetesi.ist\/en\/wp-json\/wp\/v2\/media\/157137"}],"wp:attachment":[{"href":"https:\/\/www.enerjigazetesi.ist\/en\/wp-json\/wp\/v2\/media?parent=157134"}],"wp:term":[{"taxonomy":"category","embeddable":true,"href":"https:\/\/www.enerjigazetesi.ist\/en\/wp-json\/wp\/v2\/categories?post=157134"},{"taxonomy":"post_tag","embeddable":true,"href":"https:\/\/www.enerjigazetesi.ist\/en\/wp-json\/wp\/v2\/tags?post=157134"}],"curies":[{"name":"wp","href":"https:\/\/api.w.org\/{rel}","templated":true}]}}