{"id":157106,"date":"2022-06-09T10:59:07","date_gmt":"2022-06-09T07:59:07","guid":{"rendered":"https:\/\/www.enerjigazetesi.ist\/?p=157106"},"modified":"2022-06-09T10:59:07","modified_gmt":"2022-06-09T07:59:07","slug":"oepsas-kivilcimlari-ndan-eskisehir-kocakir-mesire-ve-piknik-alaninda-temizlik","status":"publish","type":"post","link":"https:\/\/www.enerjigazetesi.ist\/en\/oepsas-kivilcimlari-ndan-eskisehir-kocakir-mesire-ve-piknik-alaninda-temizlik\/","title":{"rendered":"(Turkish) &#8217;OEPSA\u015e K\u0131v\u0131lc\u0131mlar\u0131&#8217;ndan Kocak\u0131r Mesire ve Piknik Alan\u0131\u2019nda Temizlik&#8230;"},"content":{"rendered":"<p class=\"qtranxs-available-languages-message qtranxs-available-languages-message-en\">Sorry, this entry is only available in <a href=\"https:\/\/www.enerjigazetesi.ist\/tr\/wp-json\/wp\/v2\/posts\/157106\" class=\"qtranxs-available-language-link qtranxs-available-language-link-tr\" title=\"Turkish\">Turkish<\/a>. For the sake of viewer convenience, the content is shown below in the alternative language. You may click the link to switch the active language.<\/p><p><\/p>\n<h2>Zorlu Enerji, i\u00e7inde ya\u015fad\u0131\u011f\u0131m\u0131z ekosistemi korumaya katk\u0131 hedefi do\u011frultusunda \u00e7al\u0131\u015fmalar\u0131n\u0131 h\u0131z kesmeden s\u00fcrd\u00fcr\u00fcyor.<\/h2>\n<p>Zorlu Enerji,<strong>\u00a02018 y\u0131l\u0131nda<\/strong> <em>Zorlu Holding \u0130nsan Kaynaklar\u0131 Grubu Ba\u015fkanl\u0131\u011f\u0131<\/em> taraf\u0131ndan geli\u015ftirilen <strong>kurumsal g\u00f6n\u00fcll\u00fcl\u00fck program\u0131<\/strong> <em>K\u0131v\u0131lc\u0131mlar Hareketi<\/em> kapsam\u0131nda \u201c<strong>Zorlu Enerji OEPSA\u015e K\u0131v\u0131lc\u0131mlar\u0131<\/strong>\u201d arac\u0131l\u0131\u011f\u0131yla<strong> s\u00fcrd\u00fcr\u00fclebilir bir d\u00fcnya<\/strong> vizyonuyla geni\u015f bir yelpazede <strong>farkl\u0131 <img loading=\"lazy\" class=\"alignright wp-image-157108\" src=\"https:\/\/www.enerjigazetesi.ist\/wp-content\/uploads\/2022\/06\/oepsas-kivilcimlari-ndan-kocakir-mesire-ve-piknik-alaninda-temizlik-2.jpg\" alt=\"\" width=\"320\" height=\"208\" srcset=\"https:\/\/www.enerjigazetesi.ist\/wp-content\/uploads\/2022\/06\/oepsas-kivilcimlari-ndan-kocakir-mesire-ve-piknik-alaninda-temizlik-2.jpg 550w, https:\/\/www.enerjigazetesi.ist\/wp-content\/uploads\/2022\/06\/oepsas-kivilcimlari-ndan-kocakir-mesire-ve-piknik-alaninda-temizlik-2-300x195.jpg 300w, https:\/\/www.enerjigazetesi.ist\/wp-content\/uploads\/2022\/06\/oepsas-kivilcimlari-ndan-kocakir-mesire-ve-piknik-alaninda-temizlik-2-500x325.jpg 500w, https:\/\/www.enerjigazetesi.ist\/wp-content\/uploads\/2022\/06\/oepsas-kivilcimlari-ndan-kocakir-mesire-ve-piknik-alaninda-temizlik-2-77x50.jpg 77w\" sizes=\"(max-width: 320px) 100vw, 320px\" \/>g\u00f6n\u00fcll\u00fcl\u00fck \u00e7al\u0131\u015fmalar\u0131na<\/strong> imza at\u0131yor.<\/p>\n<p>K\u0131v\u0131lc\u0131mlar Hareketi, <strong>05 Haziran D\u00fcnya \u00c7evre G\u00fcn\u00fc<\/strong>\u00a0kapsam\u0131nda <strong>Eski\u015fehir<\/strong>\u2019de\u00a0<strong>Zorlu Enerji\u00a0OEPSA\u015e\u00a0K\u0131v\u0131lc\u0131mlar\u0131n\u0131<\/strong>\u00a0bir araya getirdi. <strong>60\u2019\u0131n\u00a0\u00fczerinde<\/strong>\u00a0g\u00f6n\u00fcll\u00fc,\u00a0<strong>Eski\u015fehir Kocak\u0131r\u00a0Mesire ve Piknik Alan\u0131<\/strong>\u2019n\u0131 yang\u0131na neden olabilecek cam at\u0131klar ba\u015fta olmak \u00fczere t\u00fcm at\u0131klardan ar\u0131nd\u0131rd\u0131. Ge\u00e7en aylarda s\u0131ras\u0131yla<strong> Manisa<\/strong> ve <strong>Denizli\u2019de<\/strong> yer alan santrallerinin \u00e7evresindeki ormanl\u0131k ve mesire alanlar\u0131n temizli\u011fini ger\u00e7ekle\u015ftiren K\u0131v\u0131lc\u0131mlar, <em>\u201cEnerjimiz ormanlar\u0131m\u0131z\u0131 korumak i\u00e7in\u201d<\/em> slogan\u0131yla \u00e7\u0131kt\u0131klar\u0131 yolda, faaliyet alanlar\u0131n\u0131n bulundu\u011fu iller ba\u015fta olmak \u00fczere \u00fclkemizdeki orman yang\u0131nlar\u0131na kar\u015f\u0131 <strong>fark\u0131ndal\u0131k \u00e7al\u0131\u015fmalar\u0131n<\/strong>\u0131 art\u0131rarak s\u00fcrd\u00fcrmeyi planl\u0131yor.<\/p>\n<h3><strong>Zorlu Enerji, 1,2 milyon ton CO2 &#8216;in topra\u011fa geri d\u00f6nd\u00fcr\u00fclmesini sa\u011flamay\u0131 hedefliyor<\/strong><\/h3>\n<p>Faaliyetlerini,\u00a02050 y\u0131l\u0131na kadar <strong>net s\u0131f\u0131r karbon emisyonu<\/strong>na ula\u015fma hedefiyle\u00a0s\u00fcrd\u00fcren\u00a0<strong>Zorlu Enerji<\/strong>, k\u00fcresel \u00f6l\u00e7ekte <strong>1,5\u00a0<sup>o<\/sup>C\u00a0derece<\/strong> uyum hedefine endeksli olarak <strong>UN Global Compact<\/strong> taraf\u0131ndan uygulamas\u0131 k\u00fcresel \u00f6l\u00e7ekte ba\u015flat\u0131lan<strong> \u201cBilim Temelli Hedefler (SBTi)\u201d<\/strong>\u00a0do\u011frultusunda\u00a0\u00e7al\u0131\u015f\u0131yor. 2024 y\u0131l\u0131na kadar<strong> taahh\u00fct<\/strong> ve<strong> hedeflerine<\/strong> ula\u015fmay\u0131 planlayan Zorlu Enerji, <strong>2030\u2019a kadar<\/strong> her y\u0131l <strong>90.000<\/strong> fidan dikimi ger\u00e7ekle\u015ftirerek toplamda<strong> 1,2 milyon<\/strong> fidan dikmeyi ve 2075 y\u0131l\u0131na kadar<strong> 1,2 milyon ton CO2<\/strong>&#8216;nin <strong>topra\u011fa geri d\u00f6nd\u00fcr\u00fclmesini<\/strong> sa\u011flamay\u0131 ama\u00e7l\u0131yor.<\/p>","protected":false},"excerpt":{"rendered":"<p>Sorry, this entry is only available in Turkish. For the sake of viewer convenience, the content is shown below in the alternative language. You may click the link to switch the active language. Zorlu Enerji, i\u00e7inde ya\u015fad\u0131\u011f\u0131m\u0131z ekosistemi korumaya katk\u0131 hedefi do\u011frultusunda \u00e7al\u0131\u015fmalar\u0131n\u0131 h\u0131z kesmeden s\u00fcrd\u00fcr\u00fcyor. Zorlu Enerji,\u00a02018 y\u0131l\u0131nda Zorlu Holding \u0130nsan Kaynaklar\u0131 Grubu Ba\u015fkanl\u0131\u011f\u0131 [&hellip;]<\/p>\n","protected":false},"author":1,"featured_media":157110,"comment_status":"open","ping_status":"open","sticky":false,"template":"","format":"standard","meta":[],"categories":[51,53],"tags":[103871,97199,26353,99809,99812,73259,9751,50397,344],"views":103,"_links":{"self":[{"href":"https:\/\/www.enerjigazetesi.ist\/en\/wp-json\/wp\/v2\/posts\/157106"}],"collection":[{"href":"https:\/\/www.enerjigazetesi.ist\/en\/wp-json\/wp\/v2\/posts"}],"about":[{"href":"https:\/\/www.enerjigazetesi.ist\/en\/wp-json\/wp\/v2\/types\/post"}],"author":[{"embeddable":true,"href":"https:\/\/www.enerjigazetesi.ist\/en\/wp-json\/wp\/v2\/users\/1"}],"replies":[{"embeddable":true,"href":"https:\/\/www.enerjigazetesi.ist\/en\/wp-json\/wp\/v2\/comments?post=157106"}],"version-history":[{"count":0,"href":"https:\/\/www.enerjigazetesi.ist\/en\/wp-json\/wp\/v2\/posts\/157106\/revisions"}],"wp:featuredmedia":[{"embeddable":true,"href":"https:\/\/www.enerjigazetesi.ist\/en\/wp-json\/wp\/v2\/media\/157110"}],"wp:attachment":[{"href":"https:\/\/www.enerjigazetesi.ist\/en\/wp-json\/wp\/v2\/media?parent=157106"}],"wp:term":[{"taxonomy":"category","embeddable":true,"href":"https:\/\/www.enerjigazetesi.ist\/en\/wp-json\/wp\/v2\/categories?post=157106"},{"taxonomy":"post_tag","embeddable":true,"href":"https:\/\/www.enerjigazetesi.ist\/en\/wp-json\/wp\/v2\/tags?post=157106"}],"curies":[{"name":"wp","href":"https:\/\/api.w.org\/{rel}","templated":true}]}}