{"id":15707,"date":"2013-09-24T13:56:30","date_gmt":"2013-09-24T10:56:30","guid":{"rendered":"https:\/\/www.enerjigazetesi.ist\/?p=15707"},"modified":"2013-09-24T13:56:30","modified_gmt":"2013-09-24T10:56:30","slug":"turkiye-yenilenebilir-acisindan-cennet-bir-ulke","status":"publish","type":"post","link":"https:\/\/www.enerjigazetesi.ist\/en\/turkiye-yenilenebilir-acisindan-cennet-bir-ulke\/","title":{"rendered":"(Turkish) T\u00fcrkiye Yenilenebilir A\u00e7\u0131s\u0131ndan Cennet Bir \u00dclke!"},"content":{"rendered":"<p class=\"qtranxs-available-languages-message qtranxs-available-languages-message-en\">Sorry, this entry is only available in <a href=\"https:\/\/www.enerjigazetesi.ist\/tr\/wp-json\/wp\/v2\/posts\/15707\" class=\"qtranxs-available-language-link qtranxs-available-language-link-tr\" title=\"Turkish\">Turkish<\/a>. For the sake of viewer convenience, the content is shown below in the alternative language. You may click the link to switch the active language.<\/p><p><strong>T\u00fcrkiye&#8217;nin do\u011fru yat\u0131r\u0131mlar ile enerji ihtiyac\u0131n\u0131n y\u00fczde 80&#8217;ini yenilenebilir enerjiden kar\u015f\u0131layabilece\u011fi ifade ediliyor.<\/strong><\/p>\n<p>Yenilenebilir enerji a\u00e7\u0131s\u0131ndan &#8220;bir cennet&#8221; olarak nitelenen T\u00fcrkiye&#8217;nin &#8220;do\u011fru yat\u0131r\u0131m&#8221;la enerji ihtiyac\u0131n\u0131n y\u00fczde 70-80&#8217;\u0131n\u0131 yenilenebilir enerjiden kar\u015f\u0131layabilece\u011fi ifade edililiyor Yenilenebilir enerji a\u00e7\u0131s\u0131ndan T\u00fcrkiye, &#8220;bir cennet&#8221; olarak niteleniyor. T\u00fcrkiye&#8217;nin do\u011fru yat\u0131r\u0131mlar ile enerji ihtiyac\u0131n\u0131n y\u00fczde 70-80&#8217;\u0131n\u0131 yenilenebilir enerjiden kar\u015f\u0131layabilece\u011fi ifade edilirken T\u00fcrkiye&#8217;nin n\u00fckleer enerjiye a\u011f\u0131rl\u0131k vermesi ise ele\u015ftiriliyor.<\/p>\n<p>Deutsche Welle, yinelenebilir enerji alan\u0131nda yat\u0131r\u0131m yapan Alman enerji devlerinin ilgi oda\u011f\u0131ndaki \u00fclkelerin ba\u015f\u0131nda T\u00fcrkiye&#8217;nin bulundu\u011funu belirterek Almanya&#8217;daki uzmanlar\u0131n T\u00fcrkiye&#8217;nin olanaklar\u0131na ili\u015fkin g\u00f6r\u00fc\u015flerini de yans\u0131tt\u0131.<br \/>\nAlmanya&#8217;n\u0131n Aachen kentinde bulunan Solitem \u015eirketler Grubu&#8217;nun ba\u015fkan\u0131 ve bilim adam\u0131 Dr. Ahmet Lokurlu, T\u00fcrkiye&#8217;nin halihaz\u0131rda enerji ihtiyac\u0131n\u0131n y\u00fczde 30&#8217;nu yenilenebilir enerjilerden kar\u015f\u0131lad\u0131\u011f\u0131n\u0131 belirterek, do\u011fru yat\u0131r\u0131mla bunun y\u00fczde 70-80&#8217;lere kadar y\u00fckseltilebilece\u011fini ifade etti.<\/p>\n<p>Deutsche Welle&#8217;ye g\u00f6re, kendi icad\u0131 g\u00fcne\u015f enerjisini so\u011fuk havaya d\u00f6n\u00fc\u015ft\u00fcren sistemiyle pek \u00e7ok<a href=\"https:\/\/www.enerjigazetesi.ist\/wp-content\/uploads\/2013\/09\/turkiye-yenilenebilir-acisindan-cennet-bir-ulke.jpg\"><img loading=\"lazy\" class=\"alignright size-full wp-image-15708\" title=\"turkiye-yenilenebilir-acisindan-cennet-bir-ulke\" src=\"https:\/\/www.enerjigazetesi.ist\/wp-content\/uploads\/2013\/09\/turkiye-yenilenebilir-acisindan-cennet-bir-ulke.jpg\" alt=\"\" width=\"282\" height=\"209\" srcset=\"https:\/\/www.enerjigazetesi.ist\/wp-content\/uploads\/2013\/09\/turkiye-yenilenebilir-acisindan-cennet-bir-ulke.jpg 282w, https:\/\/www.enerjigazetesi.ist\/wp-content\/uploads\/2013\/09\/turkiye-yenilenebilir-acisindan-cennet-bir-ulke-67x50.jpg 67w\" sizes=\"(max-width: 282px) 100vw, 282px\" \/><\/a> uluslararas\u0131 \u00f6d\u00fcl kazan Dr. Lokurlu, T\u00fcrkiye&#8217;nin y\u00fczde 76 oran\u0131nda d\u0131\u015far\u0131ya ba\u011f\u0131ml\u0131 oldu\u011funu an\u0131msatarak \u00fclke ekonomisini rahatlatmak i\u00e7in T\u00fcrkiye&#8217;nin g\u00fcne\u015f ve r\u00fczgar potansiyelini kullanarak yenilenebilir enerjilere y\u00f6nelmesi gerekti\u011fini dile getirdi. Dr. Lokurlu \u015funlar\u0131 s\u00f6yledi :<br \/>\n&#8220;T\u00fcrkiye ge\u00e7en y\u0131l enerjiye 60,1 milyar dolar harcama yapm\u0131\u015f durumda.<\/p>\n<p>D\u0131\u015f al\u0131mla d\u0131\u015f sat\u0131m aras\u0131ndaki a\u00e7\u0131k ise 49,7 milyar dolar yani enerji sorunu olmasaym\u0131\u015f T\u00fcrkiye b\u00fct\u00e7e fazlas\u0131 verecekmi\u015f. Ayr\u0131ca biliyoruz ki T\u00fcrkiye, yenilenebilir enerjiler a\u00e7\u0131s\u0131ndan bir cennet. Bunun fark\u0131nda olmal\u0131, teknolojik yat\u0131r\u0131mlar\u0131 \u00fclkeye \u00e7ekmeli ve belli bir s\u00fcre i\u00e7inde Now-how sahibi olmal\u0131d\u0131r. Yani kendi ihtiya\u00e7lar\u0131n\u0131 kar\u015f\u0131larken, bu teknolojileri di\u011fer \u00fclkelere de satabilecek duruma gelmelidir .&#8221;<\/p>\n<p>Alman Enerji Ajans\u0131 (DENA) Y\u00f6netim Kurulu Ba\u015fkan\u0131 Stephan Kohler ise, T\u00fcrkiye&#8217;nin artan enerji ihtiyac\u0131n\u0131 kar\u015f\u0131lamak i\u00e7in y\u00fcr\u00fctt\u00fc\u011f\u00fc yenilenebilir enerji \u00e7al\u0131\u015fmalar\u0131n\u0131 desteklediklerini ancak n\u00fckleer enerji konusundaki giri\u015fimlerine ele\u015ftirel yakla\u015ft\u0131klar\u0131n\u0131 ifade etti. Kohler \u015fu g\u00f6r\u00fc\u015fleri dile getirdi :<\/p>\n<p>&#8220;T\u00fcrkiye&#8217;de yenilenebilir enerji kaynaklar\u0131n\u0131n kullan\u0131m\u0131 ve haz\u0131rl\u0131\u011f\u0131 konusunda olumlu i\u015faretler g\u00f6r\u00fcyoruz. \u00d6zellikle h\u00fck\u00fcmetin bu y\u00f6ndeki hantal kurumsal ko\u015fullar\u0131 kald\u0131rma \u00e7abas\u0131n\u0131 takdirle kar\u015f\u0131l\u0131yoruz. Ancak n\u00fckleer enerji hususunda ayn\u0131 \u015feyi s\u00f6yleyemeyiz. \u00c7\u00fcnk\u00fc T\u00fcrk h\u00fck\u00fcmeti, 2023 y\u0131l\u0131na kadar 23 tane n\u00fckleer santral kurmay\u0131 planl\u0131yor. Bu kadar k\u0131sa zamanda bu kadar masrafl\u0131 bir yat\u0131r\u0131m\u0131n alt\u0131ndan kolay kolay kalk\u0131lamaz. \u00c7\u00fcnk\u00fc bir santralin kurulmas\u0131 ve faaliyete ge\u00e7mesi en az sekiz, dokuz y\u0131l\u0131 al\u0131yor. Bu nedenle konuya iki farkl\u0131 a\u00e7\u0131dan yakla\u015f\u0131yoruz: Yenilenebilir enerjilere pozitif bak\u0131yoruz ama n\u00fckleer enerjiye gelince T\u00fcrk h\u00fck\u00fcmetinin iddial\u0131 program\u0131n\u0131 anlamakta zorlan\u0131yoruz .&#8221;<\/p>\n<p>Kohler, yenilenebilir enerji kaynaklar\u0131 ve enerji verimlili\u011fi alanlar\u0131nda T\u00fcrkiye ile Almanya aras\u0131nda ciddi bir i\u015fbirli\u011fi potansiyeli oldu\u011funu, zaten bir\u00e7ok Alman yat\u0131r\u0131mc\u0131n\u0131n da bunu g\u00f6rerek T\u00fcrkiye&#8217;ye y\u00f6neldi\u011fini kaydederken de &#8220;T\u00fcrkiye&#8217;deki yat\u0131r\u0131mc\u0131larla ortakl\u0131klar kurmak suretiyle yeni sat\u0131\u015f stratejileri ve pazarlar olu\u015fturuyorlar. Bu da tabii ki T\u00fcrkiye&#8217;nin \u00fclke ekonomisi i\u00e7in son derece ilgi \u00e7ekici&#8221; dedi.<\/p>\n<p>Kaynak: <a href=\"http:\/\/www.energyworld.com.tr\/root.vol?title=turkiye-yenilenebilir-acisindan-bir-cennet&amp;exec=page&amp;nid=575374\" target=\"_blank\">Energy World<\/a><\/p>","protected":false},"excerpt":{"rendered":"<p>Sorry, this entry is only available in Turkish. For the sake of viewer convenience, the content is shown below in the alternative language. You may click the link to switch the active language.T\u00fcrkiye&#8217;nin do\u011fru yat\u0131r\u0131mlar ile enerji ihtiyac\u0131n\u0131n y\u00fczde 80&#8217;ini yenilenebilir enerjiden kar\u015f\u0131layabilece\u011fi ifade ediliyor. Yenilenebilir enerji a\u00e7\u0131s\u0131ndan &#8220;bir cennet&#8221; olarak nitelenen T\u00fcrkiye&#8217;nin &#8220;do\u011fru yat\u0131r\u0131m&#8221;la [&hellip;]<\/p>\n","protected":false},"author":1,"featured_media":9404,"comment_status":"open","ping_status":"open","sticky":false,"template":"","format":"standard","meta":[],"categories":[51,53,49,50],"tags":[63,67,1009,93,165,227,8917,21,69,846,105,508],"views":767,"_links":{"self":[{"href":"https:\/\/www.enerjigazetesi.ist\/en\/wp-json\/wp\/v2\/posts\/15707"}],"collection":[{"href":"https:\/\/www.enerjigazetesi.ist\/en\/wp-json\/wp\/v2\/posts"}],"about":[{"href":"https:\/\/www.enerjigazetesi.ist\/en\/wp-json\/wp\/v2\/types\/post"}],"author":[{"embeddable":true,"href":"https:\/\/www.enerjigazetesi.ist\/en\/wp-json\/wp\/v2\/users\/1"}],"replies":[{"embeddable":true,"href":"https:\/\/www.enerjigazetesi.ist\/en\/wp-json\/wp\/v2\/comments?post=15707"}],"version-history":[{"count":1,"href":"https:\/\/www.enerjigazetesi.ist\/en\/wp-json\/wp\/v2\/posts\/15707\/revisions"}],"predecessor-version":[{"id":15709,"href":"https:\/\/www.enerjigazetesi.ist\/en\/wp-json\/wp\/v2\/posts\/15707\/revisions\/15709"}],"wp:featuredmedia":[{"embeddable":true,"href":"https:\/\/www.enerjigazetesi.ist\/en\/wp-json\/wp\/v2\/media\/9404"}],"wp:attachment":[{"href":"https:\/\/www.enerjigazetesi.ist\/en\/wp-json\/wp\/v2\/media?parent=15707"}],"wp:term":[{"taxonomy":"category","embeddable":true,"href":"https:\/\/www.enerjigazetesi.ist\/en\/wp-json\/wp\/v2\/categories?post=15707"},{"taxonomy":"post_tag","embeddable":true,"href":"https:\/\/www.enerjigazetesi.ist\/en\/wp-json\/wp\/v2\/tags?post=15707"}],"curies":[{"name":"wp","href":"https:\/\/api.w.org\/{rel}","templated":true}]}}