{"id":157063,"date":"2022-06-08T13:34:26","date_gmt":"2022-06-08T10:34:26","guid":{"rendered":"https:\/\/www.enerjigazetesi.ist\/?p=157063"},"modified":"2022-06-08T13:40:41","modified_gmt":"2022-06-08T10:40:41","slug":"yon-kur-uyeligi-mentorluk-ve-gelistirme-prog-ilkbahar22-kapanisi-15-haziran","status":"publish","type":"post","link":"https:\/\/www.enerjigazetesi.ist\/en\/yon-kur-uyeligi-mentorluk-ve-gelistirme-prog-ilkbahar22-kapanisi-15-haziran\/","title":{"rendered":"(Turkish) Y\u00f6n. Kur. \u00dcy. Mentorluk ve Geli\u015ftirme Prog. \u0130lkbahar\u201922 Kapan\u0131\u015f\u0131 15 Haziran&#8217;da"},"content":{"rendered":"<p class=\"qtranxs-available-languages-message qtranxs-available-languages-message-en\">Sorry, this entry is only available in <a href=\"https:\/\/www.enerjigazetesi.ist\/tr\/wp-json\/wp\/v2\/posts\/157063\" class=\"qtranxs-available-language-link qtranxs-available-language-link-tr\" title=\"Turkish\">Turkish<\/a>. For the sake of viewer convenience, the content is shown below in the alternative language. You may click the link to switch the active language.<\/p><p><\/p>\n<h2 style=\"margin: 0cm 0cm 0.0001pt; vertical-align: baseline; text-align: left;\" align=\"center\"><b><span style=\"color: black; background: white;\">T\u00fcrkiye Kurumsal Y\u00f6netim Derne\u011fi\u2019nin (TKYD)<\/span><span style=\"color: #1c2b28;\"> MY Executive i\u015f birli\u011fi ve Galatasaray \u00dcniversitesi deste\u011fi ile hayata ge\u00e7irdi\u011fi; i\u015f d\u00fcnyas\u0131n\u0131n, akademisyenlerin, sivil toplum kurulu\u015flar\u0131n\u0131n kat\u0131l\u0131mlar\u0131yla ger\u00e7ekle\u015ftirdi\u011fi Y\u00f6netim Kurulu \u00dcyeli\u011fi\u00a0Mentorluk\u00a0ve Geli\u015ftirme Program\u0131 \u0130lkbahar\u201922 D\u00f6nemi Kapan\u0131\u015f T\u00f6reni\u2019 15 Haziran 2022 \u00c7ar\u015famba g\u00fcn\u00fc Galatasaray \u00dcniversitesi\u2019nde d\u00fczenlenecek.<\/span><\/b><\/h2>\n<p>Kurumsal y\u00f6netim anlay\u0131\u015f\u0131n\u0131n <strong>T\u00fcrkiye\u2019de tan\u0131nmas\u0131, geli\u015fmesi<\/strong> ve <strong>en iyi uygulamalar\u0131yla<\/strong> hayata ge\u00e7irilmesi amac\u0131yla faaliyetlerini s\u00fcrd\u00fcren <strong>T\u00fcrkiye Kurumsal Y\u00f6netim Derne\u011fi\u2019nin (TKYD)<\/strong> <strong>MY Executive<\/strong> i\u015f birli\u011fi ve <strong>Galatasaray \u00dcniversitesi<\/strong> deste\u011fi ile 2 Mart\u2019ta ba\u015flatt\u0131\u011f\u0131 <strong>\u2018Y\u00f6netim Kurulu <img loading=\"lazy\" class=\"alignright wp-image-157070\" src=\"https:\/\/www.enerjigazetesi.ist\/wp-content\/uploads\/2022\/06\/yon-kur-uyeligi-mentorluk-ve-gelistirme-prog-ilkbahar22-kapanisi-15-haziran.jpg\" alt=\"\" width=\"320\" height=\"185\" srcset=\"https:\/\/www.enerjigazetesi.ist\/wp-content\/uploads\/2022\/06\/yon-kur-uyeligi-mentorluk-ve-gelistirme-prog-ilkbahar22-kapanisi-15-haziran.jpg 550w, https:\/\/www.enerjigazetesi.ist\/wp-content\/uploads\/2022\/06\/yon-kur-uyeligi-mentorluk-ve-gelistirme-prog-ilkbahar22-kapanisi-15-haziran-300x173.jpg 300w, https:\/\/www.enerjigazetesi.ist\/wp-content\/uploads\/2022\/06\/yon-kur-uyeligi-mentorluk-ve-gelistirme-prog-ilkbahar22-kapanisi-15-haziran-500x289.jpg 500w, https:\/\/www.enerjigazetesi.ist\/wp-content\/uploads\/2022\/06\/yon-kur-uyeligi-mentorluk-ve-gelistirme-prog-ilkbahar22-kapanisi-15-haziran-80x46.jpg 80w\" sizes=\"(max-width: 320px) 100vw, 320px\" \/>\u00dcyeli\u011fi Mentorluk ve Geli\u015ftirme Program\u0131<\/strong> <strong>\u0130lkbahar\u201922\u00a0D\u00f6nemi<\/strong> kapan\u0131\u015f t\u00f6reni <strong>15 Haziran 2022 \u00c7ar\u015famba<\/strong> g\u00fcn\u00fc <strong>Galatasaray \u00dcniversitesi<\/strong>\u2019nde ger\u00e7ekle\u015ftirilecek. D\u00fczenlenecek olan t\u00f6rende program\u0131n<strong> 2&#8217;inci d\u00f6nem mezunlar\u0131<\/strong> sertifikalar\u0131n\u0131 alacak.<\/p>\n<p>Y\u00f6netim kurulu \u00fcyelerinin, <strong>ba\u011f\u0131ms\u0131z \u00fcyelerin<\/strong> ve <strong>\u00fcye adaylar\u0131n\u0131n desteklenmesi, g\u00fc\u00e7lendirilmesi<\/strong> ve <strong>kurumlara sa\u011flad\u0131klar\u0131 katma de\u011ferin<\/strong> art\u0131r\u0131lmas\u0131n\u0131 hedefleyen program; <em>E\u011fitimler, Tecr\u00fcbe Payla\u015f\u0131m\u0131 Webinar\u2019lar\u0131,<\/em> <strong>Mentor-Menti G\u00f6r\u00fc\u015fmeleri<\/strong> ve <strong>2<\/strong> <strong>Y\u00f6netim Kurulu Sim\u00fclasyonu<\/strong> olmak \u00fczere toplam <strong>4 b\u00f6l\u00fcmden<\/strong> meydana geliyor.<\/p>\n<h3><strong>Dr. Tamer Saka: \u2018Kurumsal Y\u00f6netim \u0130lkeleri \u00c7er\u00e7evesinde Yenir Bir Strateji Ortaya Konulmas\u0131 \u015eart\u2019<\/strong><\/h3>\n<p><strong>Y\u00f6netim Kurulu \u00dcyeli\u011fi Mentorluk ve Geli\u015ftirme Program\u0131<\/strong>\u2019n\u0131n <strong>kapan\u0131\u015f t\u00f6reni<\/strong> hakk\u0131nda konu\u015fan\u00a0<strong>TKYD Y\u00f6netim Kurulu Ba\u015fkan\u0131 Dr. Tamer Saka<\/strong>; <em>&#8220;\u015eu anda <strong>\u00fclkelerin, kurumlar\u0131n, \u015firketlerin<\/strong>, de\u011fi\u015fen yap\u0131 i\u00e7erisinde <strong>nerede<\/strong> ve<strong> nas\u0131l<\/strong> rol alacaklar\u0131na <strong>dair bir tan\u0131mlama<\/strong> s\u00fcrecindeyiz. Bu nedenle yeni normale ge\u00e7erken, <strong>\u015firketlerin kurumsal y\u00f6netim ilkeleri<\/strong> \u00e7er\u00e7evesinde yeni bir strateji ortaya koymalar\u0131 gerekiyor. <strong>02 Mart 2022<\/strong> tarihinde ba\u015flatt\u0131\u011f\u0131m\u0131z \u2018Y\u00f6netim Kurulu \u00dcyeli\u011fi Mentorluk ve Geli\u015ftirme Program\u0131 <strong>\u0130lkbahar\u201922 D\u00f6nemi<\/strong> ile bir \u00f6nceki d\u00f6nemde oldu\u011fu gibi kat\u0131l\u0131mc\u0131lar\u0131m\u0131za ger\u00e7ek bir <strong>y\u00f6netim kurulu deneyimi<\/strong> kazand\u0131rmay\u0131 hedefledik. <strong>T\u00fcm kat\u0131l\u0131mc\u0131lar\u0131m\u0131z\u0131<\/strong> ve <strong>e\u011fitmenlerimizi<\/strong> \u015fimdiden tebrik ediyorum.\u201d <\/em>ifadelerini kulland\u0131.<\/p>\n<p><strong>Y\u00f6netim Kurulu \u00dcyeli\u011fi<\/strong> ve <strong>Mentorluk ve Geli\u015ftirme Program\u0131\u2019na<\/strong>\u00a0<a href=\"https:\/\/www.myboardmember.com.tr\/#ftr-forms\" target=\"_blank\" rel=\"nofollow noopener\">https:\/\/www.myboardmember.com.tr\/#ftr-forms<\/a> adresi \u00fczerinden ba\u015fvurabilmek m\u00fcmk\u00fcn.<\/p>","protected":false},"excerpt":{"rendered":"<p>Sorry, this entry is only available in Turkish. For the sake of viewer convenience, the content is shown below in the alternative language. You may click the link to switch the active language. T\u00fcrkiye Kurumsal Y\u00f6netim Derne\u011fi\u2019nin (TKYD) MY Executive i\u015f birli\u011fi ve Galatasaray \u00dcniversitesi deste\u011fi ile hayata ge\u00e7irdi\u011fi; i\u015f d\u00fcnyas\u0131n\u0131n, akademisyenlerin, sivil toplum kurulu\u015flar\u0131n\u0131n [&hellip;]<\/p>\n","protected":false},"author":1,"featured_media":157070,"comment_status":"open","ping_status":"open","sticky":false,"template":"","format":"standard","meta":[],"categories":[53],"tags":[103857,43433,103858,98543,100728,100729,103859],"views":46,"_links":{"self":[{"href":"https:\/\/www.enerjigazetesi.ist\/en\/wp-json\/wp\/v2\/posts\/157063"}],"collection":[{"href":"https:\/\/www.enerjigazetesi.ist\/en\/wp-json\/wp\/v2\/posts"}],"about":[{"href":"https:\/\/www.enerjigazetesi.ist\/en\/wp-json\/wp\/v2\/types\/post"}],"author":[{"embeddable":true,"href":"https:\/\/www.enerjigazetesi.ist\/en\/wp-json\/wp\/v2\/users\/1"}],"replies":[{"embeddable":true,"href":"https:\/\/www.enerjigazetesi.ist\/en\/wp-json\/wp\/v2\/comments?post=157063"}],"version-history":[{"count":0,"href":"https:\/\/www.enerjigazetesi.ist\/en\/wp-json\/wp\/v2\/posts\/157063\/revisions"}],"wp:featuredmedia":[{"embeddable":true,"href":"https:\/\/www.enerjigazetesi.ist\/en\/wp-json\/wp\/v2\/media\/157070"}],"wp:attachment":[{"href":"https:\/\/www.enerjigazetesi.ist\/en\/wp-json\/wp\/v2\/media?parent=157063"}],"wp:term":[{"taxonomy":"category","embeddable":true,"href":"https:\/\/www.enerjigazetesi.ist\/en\/wp-json\/wp\/v2\/categories?post=157063"},{"taxonomy":"post_tag","embeddable":true,"href":"https:\/\/www.enerjigazetesi.ist\/en\/wp-json\/wp\/v2\/tags?post=157063"}],"curies":[{"name":"wp","href":"https:\/\/api.w.org\/{rel}","templated":true}]}}