{"id":156998,"date":"2022-06-07T19:50:36","date_gmt":"2022-06-07T16:50:36","guid":{"rendered":"https:\/\/www.enerjigazetesi.ist\/?p=156998"},"modified":"2022-06-07T19:55:03","modified_gmt":"2022-06-07T16:55:03","slug":"uzman-isimler-iklim-degisikligi-ni-ve-afetlere-uyumu-konusacak","status":"publish","type":"post","link":"https:\/\/www.enerjigazetesi.ist\/en\/uzman-isimler-iklim-degisikligi-ni-ve-afetlere-uyumu-konusacak\/","title":{"rendered":"(Turkish) Uzman \u0130simler \u0130klim De\u011fi\u015fikli\u011fini ve Afetlere Uyumu Konu\u015facak"},"content":{"rendered":"<p class=\"qtranxs-available-languages-message qtranxs-available-languages-message-en\">Sorry, this entry is only available in <a href=\"https:\/\/www.enerjigazetesi.ist\/tr\/wp-json\/wp\/v2\/posts\/156998\" class=\"qtranxs-available-language-link qtranxs-available-language-link-tr\" title=\"Turkish\">Turkish<\/a>. For the sake of viewer convenience, the content is shown below in the alternative language. You may click the link to switch the active language.<\/p><p><\/p>\n<h2>S\u00fcrd\u00fcr\u00fclebilirlik Ad\u0131mlar\u0131 Derne\u011fi\u2019nin (SADE), UNDP T\u00fcrkiye \u00e7\u00f6z\u00fcm ortakl\u0131\u011f\u0131 ve Zorlu Holding deste\u011fiyle y\u00fcr\u00fctt\u00fc\u011f\u00fc Sorunlara \u00c7\u00f6z\u00fcmler Bulu\u015fmas\u0131, 14 Haziran 2022 Sal\u0131 g\u00fcn\u00fc 18.00 &#8211; 19.30 saatleri aras\u0131nda yap\u0131lacak. \u00c7evrimi\u00e7i olarak d\u00fczenlenecek Sorunlara \u00c7\u00f6z\u00fcmler Bulu\u015fmas\u0131\u2019nda, iklim de\u011fi\u015fikli\u011fine ba\u011fl\u0131 afetlere uyum konusu kurumlar\u0131n iyi uygulama \u00f6rnekleri \u00e7er\u00e7evesinden konu\u015fulacak.<\/h2>\n<p style=\"text-align: center;\"><img loading=\"lazy\" class=\"aligncenter wp-image-157000\" src=\"https:\/\/www.enerjigazetesi.ist\/wp-content\/uploads\/2022\/06\/uzman-isimler-iklim-degisikligini-ve-afetlere-uyumu-konusacak.jpg\" alt=\"\" width=\"500\" height=\"270\" srcset=\"https:\/\/www.enerjigazetesi.ist\/wp-content\/uploads\/2022\/06\/uzman-isimler-iklim-degisikligini-ve-afetlere-uyumu-konusacak.jpg 550w, https:\/\/www.enerjigazetesi.ist\/wp-content\/uploads\/2022\/06\/uzman-isimler-iklim-degisikligini-ve-afetlere-uyumu-konusacak-300x162.jpg 300w, https:\/\/www.enerjigazetesi.ist\/wp-content\/uploads\/2022\/06\/uzman-isimler-iklim-degisikligini-ve-afetlere-uyumu-konusacak-500x270.jpg 500w, https:\/\/www.enerjigazetesi.ist\/wp-content\/uploads\/2022\/06\/uzman-isimler-iklim-degisikligini-ve-afetlere-uyumu-konusacak-80x43.jpg 80w\" sizes=\"(max-width: 500px) 100vw, 500px\" \/><\/p>\n<p>S<strong>osyal giri\u015fimcileri, akademisyenleri, sivil toplum kurulu\u015flar\u0131n\u0131, \u00f6zel sekt\u00f6r\u00fc<\/strong> ve <strong>kamu kurumlar\u0131n\u0131<\/strong> bir araya getiren Sorunlara \u00c7\u00f6z\u00fcmler Bulu\u015fmas\u0131, <strong>\u201cAma\u00e7 13: \u0130klim Eylemi\u201d<\/strong> oda\u011f\u0131nda ger\u00e7ekle\u015fiyor. <strong>14 Haziran\u2019da<\/strong> yap\u0131lacak bulu\u015fmada; <em>\u00c7evre, \u015eehircilik ve \u0130klim De\u011fi\u015fikli\u011fi Bakanl\u0131\u011f\u0131 \u0130klim De\u011fi\u015fikli\u011fine Uyum ve Yerel Politikalar Dairesi Ba\u015fkan\u0131 Do\u00e7. Dr. \u00c7i\u011fdem Tu\u011fa\u00e7, Grundfos T\u00fcrkiye \u0130leti\u015fim M\u00fcd\u00fcr\u00fc Gonca Ba\u015far, Yerli Ye\u015fil Yeni Koordinat\u00f6r\u00fc ve Afyon Kocatepe \u00dcniversitesi \u00d6\u011fretim \u00dcyesi Do\u00e7. Dr. Murad Tiryakio\u011flu ile Ecording Kurumsal Partnerlikler ve Sat\u0131\u015f M\u00fcd\u00fcr\u00fc Zehra Solmaz<\/em> konu\u015fmac\u0131 olarak yer alacak. Panelin moderat\u00f6rl\u00fc\u011f\u00fcn\u00fc ise <strong>UNDP T\u00fcrkiye<\/strong> <em>&#8220;T\u00fcrkiye&#8217;de \u0130klim De\u011fi\u015fikli\u011fine Uyum Eyleminin G\u00fc\u00e7lendirilmesi Projesi&#8221;<\/em> \u0130leti\u015fim Asistan\u0131 <strong>Merve Elibirlik<\/strong> yapacak.<\/p>\n<p><strong>\u0130klim de\u011fi\u015fikli\u011fine<\/strong> ve<strong> afetlere uyum<\/strong> ba\u015fl\u0131\u011f\u0131 alt\u0131nda ger\u00e7ekle\u015fecek <strong>27&#8217;inci Sorunlara \u00c7\u00f6z\u00fcmler Bulu\u015fmas\u0131<\/strong>,<strong> \u00e7evre sorunlar\u0131na<\/strong> duyarl\u0131 olan herkes taraf\u0131ndan <strong>internet \u00fczerinden<\/strong> ve <strong>\u00fccretsiz<\/strong> olarak izlenebilecek.<\/p>\n<p><strong>Etkinli\u011fe kat\u0131lmak isteyenlerin <\/strong><a href=\"https:\/\/us06web.zoom.us\/meeting\/register\/tZIpcuqvpjorG9Wa-WFNIPUPyMx7X8iA-A91\" target=\"_blank\" rel=\"noopener\">https:\/\/us06web.zoom.us\/meeting\/register\/tZIpcuqvpjorG9Wa-WFNIPUPyMx7X8iA-A91<\/a>\u00a0adresi \u00fczerinden kay\u0131t yapt\u0131rmalar\u0131 gerekmektedir.<\/p>\n<p><strong>SADE Youtube kanal\u0131ndan ise yay\u0131n\u0131 <\/strong><a href=\"https:\/\/www.youtube.com\/watch?v=agwqcBnfkDw\" target=\"_blank\" rel=\"noopener\">https:\/\/www.youtube.com\/watch?v=agwqcBnfkDw <\/a>adresinden canl\u0131 olarak izleyebilmek m\u00fcmk\u00fcn.<\/p>","protected":false},"excerpt":{"rendered":"<p>Sorry, this entry is only available in Turkish. For the sake of viewer convenience, the content is shown below in the alternative language. You may click the link to switch the active language. S\u00fcrd\u00fcr\u00fclebilirlik Ad\u0131mlar\u0131 Derne\u011fi\u2019nin (SADE), UNDP T\u00fcrkiye \u00e7\u00f6z\u00fcm ortakl\u0131\u011f\u0131 ve Zorlu Holding deste\u011fiyle y\u00fcr\u00fctt\u00fc\u011f\u00fc Sorunlara \u00c7\u00f6z\u00fcmler Bulu\u015fmas\u0131, 14 Haziran 2022 Sal\u0131 g\u00fcn\u00fc 18.00 [&hellip;]<\/p>\n","protected":false},"author":1,"featured_media":157002,"comment_status":"open","ping_status":"open","sticky":false,"template":"","format":"standard","meta":[],"categories":[53],"tags":[103827,3812,1999,54280,102845,86467,54948,1305],"views":77,"_links":{"self":[{"href":"https:\/\/www.enerjigazetesi.ist\/en\/wp-json\/wp\/v2\/posts\/156998"}],"collection":[{"href":"https:\/\/www.enerjigazetesi.ist\/en\/wp-json\/wp\/v2\/posts"}],"about":[{"href":"https:\/\/www.enerjigazetesi.ist\/en\/wp-json\/wp\/v2\/types\/post"}],"author":[{"embeddable":true,"href":"https:\/\/www.enerjigazetesi.ist\/en\/wp-json\/wp\/v2\/users\/1"}],"replies":[{"embeddable":true,"href":"https:\/\/www.enerjigazetesi.ist\/en\/wp-json\/wp\/v2\/comments?post=156998"}],"version-history":[{"count":0,"href":"https:\/\/www.enerjigazetesi.ist\/en\/wp-json\/wp\/v2\/posts\/156998\/revisions"}],"wp:featuredmedia":[{"embeddable":true,"href":"https:\/\/www.enerjigazetesi.ist\/en\/wp-json\/wp\/v2\/media\/157002"}],"wp:attachment":[{"href":"https:\/\/www.enerjigazetesi.ist\/en\/wp-json\/wp\/v2\/media?parent=156998"}],"wp:term":[{"taxonomy":"category","embeddable":true,"href":"https:\/\/www.enerjigazetesi.ist\/en\/wp-json\/wp\/v2\/categories?post=156998"},{"taxonomy":"post_tag","embeddable":true,"href":"https:\/\/www.enerjigazetesi.ist\/en\/wp-json\/wp\/v2\/tags?post=156998"}],"curies":[{"name":"wp","href":"https:\/\/api.w.org\/{rel}","templated":true}]}}