{"id":156957,"date":"2022-06-06T20:17:25","date_gmt":"2022-06-06T17:17:25","guid":{"rendered":"https:\/\/www.enerjigazetesi.ist\/?p=156957"},"modified":"2022-06-06T20:17:25","modified_gmt":"2022-06-06T17:17:25","slug":"yesil-rapido-2022-konferansi-08-haziran-da-duzenleniyor","status":"publish","type":"post","link":"https:\/\/www.enerjigazetesi.ist\/en\/yesil-rapido-2022-konferansi-08-haziran-da-duzenleniyor\/","title":{"rendered":"(Turkish) &#8217;Ye\u015fil Rapido 2022 Konferans\u0131&#8217; 08 Haziran&#8217;da D\u00fczenleniyor"},"content":{"rendered":"<p class=\"qtranxs-available-languages-message qtranxs-available-languages-message-en\">Sorry, this entry is only available in <a href=\"https:\/\/www.enerjigazetesi.ist\/tr\/wp-json\/wp\/v2\/posts\/156957\" class=\"qtranxs-available-language-link qtranxs-available-language-link-tr\" title=\"Turkish\">Turkish<\/a>. For the sake of viewer convenience, the content is shown below in the alternative language. You may click the link to switch the active language.<\/p><p><\/p>\n<h3><strong>Bu y\u0131l 9. kez d\u00fczenlenecek olan Ye\u015fil Rapido 2022 Konferans\u0131; 8 Haziran 2022 tarihinde, D\u00fcnya \u00c7evre Haftas\u0131\u2019nda, MSGS\u00dc i\u015f birli\u011fi ile Mimar Sinan \u00dcniversitesi\u2019nin F\u0131nd\u0131kl\u0131 Yerle\u015fkesi Sedad Hakk\u0131 Eldem Oditoryumu\u2019nda \u2018\u0130klime Uyum, Eylem ve Binalarda Diren\u00e7lilik\u2019 temas\u0131yla ger\u00e7ekle\u015fecek.<\/strong><\/h3>\n<p>Kent \u00f6l\u00e7e\u011findeki politikalardan <strong>bina \u00f6l\u00e7e\u011findeki uygulamalara<\/strong> kadar <strong>iklime uyum<\/strong> ve <strong>diren\u00e7lilik<\/strong> konusunun masaya yat\u0131r\u0131laca\u011f\u0131, <strong>\u00f6rnekler<\/strong> ve <strong>\u00e7\u00f6z\u00fcm \u00f6nerilerinin<\/strong> payla\u015f\u0131laca\u011f\u0131 Ye\u015fil Rapido 2022, <strong>Ekoyap\u0131 ve Business World Global<\/strong> organizasyonunda <em>Mimar Sinan G\u00fczel Sanatlar \u00dcniversitesi i\u015f birli\u011fi<\/em> ile ger\u00e7ekle\u015fecek ve <strong>T\u00fcrkiye<\/strong>\u2019nin ekonomi kanal\u0131 <strong>Ekot\u00fcrk<\/strong>\u2019\u00fcn<strong> Medya Sponsorlu\u011fu<\/strong>\u2019nda yap\u0131 sekt\u00f6r\u00fcn\u00fcn t\u00fcm temsilcilerini bir araya getirecek.<\/p>\n<h3><strong>KONFERANSIN A\u00c7ILI\u015e KONU\u015eMASINI FATMA \u015eAH\u0130N YAPACAK<\/strong><\/h3>\n<p>T\u00fcm g\u00fcn s\u00fcrecek olan konferans program\u0131n\u0131n \u00a0a\u00e7\u0131l\u0131\u015f konu\u015fmas\u0131n\u0131 <em>Gaziantep B\u00fcy\u00fck\u015fehir Belediye <img loading=\"lazy\" class=\"alignright wp-image-156961\" src=\"https:\/\/www.enerjigazetesi.ist\/wp-content\/uploads\/2022\/06\/yesil-rapido-2022-konferansi-08-haziran-da-duzenleniyor-1.jpg\" alt=\"\" width=\"300\" height=\"223\" srcset=\"https:\/\/www.enerjigazetesi.ist\/wp-content\/uploads\/2022\/06\/yesil-rapido-2022-konferansi-08-haziran-da-duzenleniyor-1.jpg 550w, https:\/\/www.enerjigazetesi.ist\/wp-content\/uploads\/2022\/06\/yesil-rapido-2022-konferansi-08-haziran-da-duzenleniyor-1-300x223.jpg 300w, https:\/\/www.enerjigazetesi.ist\/wp-content\/uploads\/2022\/06\/yesil-rapido-2022-konferansi-08-haziran-da-duzenleniyor-1-500x371.jpg 500w, https:\/\/www.enerjigazetesi.ist\/wp-content\/uploads\/2022\/06\/yesil-rapido-2022-konferansi-08-haziran-da-duzenleniyor-1-67x50.jpg 67w\" sizes=\"(max-width: 300px) 100vw, 300px\" \/><\/em><em>Ba\u015fkan\u0131<\/em> ve <em>T\u00fcrkiye Belediyeler Birli\u011fi Ba\u015fkan\u0131<\/em> <strong>Fatma \u015eahin<\/strong> yapacak.<\/p>\n<p><strong>Gaziantep B\u00fcy\u00fck\u015fehir Belediyesi<\/strong> iklim de\u011fi\u015fikli\u011fiyle<strong> uyum<\/strong> ve <strong>diren\u00e7li altyap\u0131<\/strong> kapsam\u0131nda proje hayata ge\u00e7iren T\u00fcrkiye\u2019nin ilk belediyesi olma \u00f6zelli\u011fini ta\u015f\u0131yor. <strong>\u2018Gaziantep Ekolojik Kent Projesi\u2019<\/strong> d\u00fcnya\u2019n\u0131n temel sorunlar\u0131 aras\u0131nda ilk s\u0131ralarda yer alan <strong>k\u00fcresel \u0131s\u0131nmaya kar\u015f\u0131<\/strong> geli\u015ftirilen bir iyile\u015ftirme projesi. Uluslararas\u0131 bildiride yer bulan bu proje T\u00fcrkiye\u2019nin tek projesi olarak t\u00fcm d\u00fcnyaya model oldu. <strong>Fatma \u015eahin<\/strong> a\u00e7\u0131l\u0131\u015f konu\u015fmas\u0131nda bu model<strong> projenin detaylar\u0131n\u0131<\/strong> aktaracak.<\/p>\n<p><strong>\u2018\u0130KL\u0130ME UYUM S\u00dcREC\u0130NDE \u0130ZLENMES\u0130 GEREKEN YOLLAR\u2019 MASAYA YATIRILACAK<\/strong><\/p>\n<p>\u0130lk oturum\u00a0<strong>\u2018\u0130klime Uyum S\u00fcrecinde \u0130zlenmesi Gereken Yollar\u2019<\/strong>\u00a0ba\u015fl\u0131\u011f\u0131 alt\u0131nda ger\u00e7ekle\u015fecek. Moderat\u00f6rl\u00fc\u011f\u00fcn\u00fc <strong>Y\u00fcksek Mimar K\u0131van\u00e7 \u0130lhan<\/strong>\u2019\u0131n yapaca\u011f\u0131 oturumda \u00a0S\u0131f\u0131r Enerji ve Pasif Ev Derne\u011fi Genel Sekreteri <strong>Yasemin Somuncu<\/strong>, UNDP T\u00fcrkiye \u0130klim De\u011fi\u015fikli\u011fi ve \u00c7evre Portf\u00f6y Y\u00f6neticisi <strong>Nuri \u00d6zba\u011fdatl\u0131<\/strong> ve Altensis Kurucu Orta\u011f\u0131 <strong>Emre Il\u0131cal\u0131<\/strong> iklim de\u011fi\u015fimine uyum s\u00fcrecinde yap\u0131lmas\u0131 gerekenler konusunu tart\u0131\u015facak.<\/p>\n<h3><strong>GELECE\u011e\u0130N \u015eEH\u0130RLER\u0130N\u0130 TASARLAMAK \u0130\u00c7\u0130N \u00d6NC\u00dcL\u00dcK EDEN \u0130S\u0130M: CARLOS MORENO<\/strong><\/h3>\n<p>\u00c7a\u011fr\u0131l\u0131 konu\u015fmac\u0131lardan ilki olan <strong>Profes\u00f6r Carlos Moreno<\/strong>, <em>15 Dakikal\u0131k \u015eehir Modeli<\/em>\u2019nin sahibi, uluslararas\u0131 \u00fcne sahip bir bilim adam\u0131. <strong>\u015eubat 2015<\/strong>\u2019ten g\u00fcn\u00fcm\u00fcze, Paris Belediye Ba\u015fkan\u0131\u2019n\u0131n <strong>Ak\u0131ll\u0131 \u015eehirler \u00d6zel El\u00e7isi<\/strong> g\u00f6revini y\u00fcr\u00fcten Moreno, karma\u015f\u0131k sistemleri incelerken oda\u011f\u0131n\u0131 \u015fehirlere \u00e7evirmi\u015f ve \u00a0\u00e7al\u0131\u015fmalar\u0131n\u0131 <strong>Ak\u0131ll\u0131 \u015eehirler<\/strong> \u00fczerinden devam ettirmektedir. Moreno, \u015fu anda <strong>gelece\u011fin \u015fehirlerini tasarlamak<\/strong> i\u00e7in uluslararas\u0131 \u00e7abalara <strong>\u00f6nc\u00fcl\u00fck etmekte<\/strong> ve <strong>kentsel \u00e7evrelerin de\u011fi\u015fimini<\/strong> incelemek i\u00e7in d\u00fcnyan\u0131n d\u00f6rt bir yan\u0131ndan uzmanlar\u0131 bir araya getirerek uluslararas\u0131 konferanslar d\u00fczenlemektedir.<\/p>\n<h3><strong>S\u00dcRD\u00dcR\u00dcLEB\u0130L\u0130R KENTSEL YA\u015eAM \u0130\u00c7\u0130N FARKLI D\u00dc\u015e\u00dcNCE B\u0130\u00c7\u0130MLER\u0130<\/strong><\/h3>\n<p><strong>Ye\u015fil Rapido Konferans\u0131<\/strong>&#8216;n\u0131n 2. Oturumu \u2018<strong>Kentsel Kamusal Mek\u00e2n Kullan\u0131m\u0131n\u0131 G\u00fc\u00e7lendiren Yeni D\u00fc\u015f\u00fcnce Bi\u00e7imleri\u2019<\/strong> ba\u015fl\u0131\u011f\u0131 alt\u0131nda ger\u00e7ekle\u015fecek ve oturumda <strong>s\u00fcrd\u00fcr\u00fclebilir kentsel ya\u015fam<\/strong> i\u00e7in, kamusal mek\u00e2nlar\u0131 temel alan konvansiyonel yakla\u015f\u0131mlardan farkl\u0131 yeni d\u00fc\u015f\u00fcnce bi\u00e7imleri ele al\u0131nacak. Sa\u011fl\u0131kl\u0131 Sokaklar Projesi, TAK deneyimi, Col\u2022lectiu Punt 6 profesyonel kad\u0131nlar kooperatifi gibi \u00f6rnekler \u00fczerinden taktiksel \u015fehircilik ve kat\u0131l\u0131mc\u0131 planlama kavramlar\u0131 tart\u0131\u015f\u0131lacak.<\/p>\n<p>Moderat\u00f6rl\u00fc\u011f\u00fcn\u00fc<em> \u0130stanbul Bilgi \u00dcniversitesi<\/em>, <strong>Mimari Tasar\u0131m Yu\u0308ksek Lisans Program\u0131<\/strong> Direkt\u00f6ru\u0308 <strong>Dr.Banu Tomruk\u2019un<\/strong> yapaca\u011f\u0131 oturumun panelistleri; <em>\u0130stanbul B\u00fcy\u00fck\u015fehir Belediyesi&#8217;nde Ak\u0131ll\u0131 \u015eehirler K\u0131demli Dan\u0131\u015fman\u0131<\/em> <strong>Sibel B\u00fclay,<\/strong> Arup, Kentsel Tasar\u0131m ve Planlama Hizmetleri Lideri <strong>Serta\u00e7 Erten<\/strong>, Kentsel Strateji <strong>kurucusu Ali Faruk G\u00f6ksu.<\/strong><\/p>\n<h3><strong>M\u0130MARLIK SADECE B\u0130NA YAPMAK DE\u011e\u0130L<\/strong><\/h3>\n<p><strong>\u00c7a\u011fr\u0131l\u0131 konu\u015fmac\u0131lardan ikincisi,\u00a0<\/strong>sekt\u00f6rdeki deneyimi, k\u00fc\u00e7\u00fck \u00f6l\u00e7ekli konutlardan milyonlarca dolarl\u0131k ticari, kurumsal ve tarihi koruma projelerine kadar uzanan <strong>In.Site: Architecture Kurucu Orta\u011f\u0131 Y\u00fcksek Mimar Ali Yap\u0131c\u0131o\u011flu.\u00a0<\/strong>Yap\u0131c\u0131o\u011flu\u2019nun<strong>\u00a0<\/strong>tasar\u0131mda elini s\u00fcrekli olarak y\u00f6nlendiren parametreler<strong> s\u00fcrd\u00fcr\u00fclebilirlik<\/strong> ve <strong>ba\u011flama duyarl\u0131l\u0131k<\/strong>. <strong>Do\u011fal<\/strong> ve <strong>yerel malzeme kullan\u0131m\u0131<\/strong> ve <strong>binalarda enerji kontrol\u00fcn\u00fc<\/strong> tasar\u0131mlar\u0131na entegre eden ve <strong>mimarl\u0131\u011f\u0131<\/strong> sadece<strong> bina<\/strong> yaparak de\u011fil, ayn\u0131 zamanda <strong>felsefe<\/strong> ve<strong> sosyolojiyle<\/strong> ele al\u0131yor.<\/p>\n<h3><strong>AFETLER\u0130N EN AZ HASARLA ATLATILMASINDA YEN\u0130 TEKNOLOJ\u0130LER NELER?<\/strong><\/h3>\n<p>Afetler 10.000&#8217;lerce y\u0131ld\u0131r, <strong>binalar\u0131n<\/strong> ve<strong> \u015fehirlerin<\/strong> diren\u00e7lili\u011finin s\u0131nand\u0131\u011f\u0131 b\u00fcy\u00fck etkileri olu\u015fturdu. \u015eehirler, bu etkilere ancak b\u00fcy\u00fck kay\u0131plar sonras\u0131<strong> direnebilmi\u015f<\/strong> ve <strong>insanla a\u011f\u0131r bedeller \u00f6denmi\u015f<\/strong> bir bilgi birikimine kavu\u015ftu. 3. oturumda <strong>afetlerin<\/strong> kentlere etkisi ve iyile\u015fme s\u00fcreci, konusunda h\u00e2kim panelistler taraf\u0131ndan ele al\u0131n\u0131p, olas\u0131 afetlerde kadim ve yeni teknolojiler\/y\u00f6ntemler tart\u0131\u015f\u0131lacak.<\/p>\n<p>Ye\u015fil Rapido Konferans\u0131n\u0131n 3. Oturumu <strong>\u2018Diren\u00e7li Binalar \u0130\u00e7in Ge\u00e7mi\u015ften Dersler ve Gelecekte Beklenenler\u2019<\/strong> ba\u015fl\u0131\u011f\u0131 alt\u0131nda ger\u00e7ekle\u015fecek. Moderat\u00f6rl\u00fc\u011f\u00fcn\u00fc MSGS\u00dc Mimarl\u0131k Fak\u00fcltesi \u00f6\u011fretim \u00fcyesi <strong>Dr. Kurtulu\u015f Atasever<\/strong>\u2019in yapaca\u011f\u0131 oturumun panelistleri; \u0130stanbul Teknik \u00dcniversitesi&#8217;nde Yap\u0131sal ve Deprem M\u00fchendisli\u011fi Profes\u00f6r\u00fc <strong>O\u011fuz Cem \u00c7elik<\/strong>, afet risk y\u00f6netimi ve iklim de\u011fi\u015fikli\u011fi dayan\u0131kl\u0131l\u0131\u011f\u0131 uzman\u0131 <strong>Erdem Ergin<\/strong> ve UNESCO ICOMOS ISCEAH T\u00fcrkiye Bilimsel \u00dcyesi, <strong>Prof. Dr. Bilge I\u015f\u0131k.<\/strong><\/p>\n<h3><strong>S\u0130SM\u0130K TASARIMDA TECR\u00dcBE: PROF. DR. TORU TAKEUCHI<\/strong><\/h3>\n<p><strong>\u0130n\u015faat M\u00fchendisi<\/strong> olan <strong>Toru Takeuchi<\/strong> sekt\u00f6rdeki uzun deneyiminin ard\u0131ndan <strong>2009 y\u0131l\u0131nda<\/strong> Tokyo Teknoloji \u00dcniversitesi\u2019ne profes\u00f6r olarak g\u00f6reve ba\u015flam\u0131\u015f ve g\u00fcn\u00fcm\u00fczde tam zamanl\u0131 olarak <strong>mimarl\u0131k<\/strong> ve <strong>in\u015faat m\u00fchendisli\u011fi profes\u00f6r\u00fc<\/strong> olarak g\u00f6revini s\u00fcrd\u00fcrmekte. \u00c7al\u0131\u015fmalar\u0131yla bir\u00e7ok \u00f6d\u00fcle lay\u0131k g\u00f6r\u00fclen Profes\u00f6r Takeuchi\u2019nin ara\u015ft\u0131rma alanlar\u0131 aras\u0131nda; <em>yap\u0131sal tasar\u0131m, \u00e7elik yap\u0131lar, sismik yal\u0131t\u0131m\u0131 ve tepki kontrol\u00fc<\/em> gibi <strong>sismik tasar\u0131m<\/strong> gibi konular\u0131 yer al\u0131yor.<\/p>\n<h3><strong>H\u0130BR\u0130T KONFERANS \u0130LE B\u0130LG\u0130YE ULA\u015eIMDA FIRSAT E\u015e\u0130TL\u0130\u011e\u0130 SA\u011eLANACAK<\/strong><\/h3>\n<p><strong>9 y\u0131ld\u0131r<\/strong> daha <strong>ya\u015fanabilir kentler<\/strong> ve<strong> sa\u011fl\u0131kl\u0131 yap\u0131l\u0131 \u00e7evreler<\/strong> tasarlaman\u0131n \u00f6nemini s\u00fcrd\u00fcr\u00fclebilirlik \u00e7er\u00e7evesinde ele alan <strong>Ye\u015fil Rapido<\/strong>, bu y\u0131l <strong>\u201c\u0130klime Uyum, Eylem ve Binalarda Diren\u00e7lilik\u2019<\/strong> temas\u0131yla hibrit olarak hayata ge\u00e7iyor. Pandemi d\u00f6neminde hepimizin hayat\u0131n\u0131n par\u00e7as\u0131 haline gelen online g\u00f6r\u00fc\u015fmeler <strong>pandeminin sona ermesiyle<\/strong> birlikte yerini <strong>geleneksel organizasyonlara<\/strong> b\u0131rakmaya ba\u015flad\u0131. Ancak online bulu\u015fmalar\u0131n avantajlar\u0131 da yads\u0131namaz bir ger\u00e7ek. Kat\u0131l\u0131mc\u0131lar a\u00e7\u0131s\u0131ndan <strong>f\u0131rsat e\u015fitli\u011fi sa\u011flamas\u0131n\u0131n<\/strong> yan\u0131 s\u0131ra, <strong>zamandan<\/strong> ve <strong>maliyetten<\/strong> de<strong> tasarruf imkan\u0131<\/strong> sunan <strong>online kat\u0131l\u0131m<\/strong> ile hem konuyla ilgili <strong>daha fazla ki\u015fiye<\/strong> ula\u015f\u0131labiliyor, hem de <strong>\u00e7evre dostu<\/strong> bir yakla\u015f\u0131m ortaya konuluyor.<\/p>\n<h3><strong>\u00dcCRETS\u0130Z KAYIT \u0130MKANI<\/strong><\/h3>\n<p><strong>08 Haziran 2022<\/strong>&#8216;de, <strong>\u201c<\/strong><strong>\u0130klime Uyum, Eylem ve Binalarda Diren\u00e7lilik\u201d\u00a0<\/strong>temas\u0131 ile <em>MSGS\u00dc F\u0131nd\u0131kl\u0131 Yerle\u015fkesi, Sedad Hakk\u0131 Eldem Oditoryumu<\/em>&#8216;nda ger\u00e7ekle\u015ftirilecek olan<strong>\u00a0\u201cYe\u015fil Rapido<\/strong>\u201dya kat\u0131l\u0131m i\u00e7in <strong><a href=\"http:\/\/www.yesilrapido.com\" target=\"_blank\" rel=\"noopener\">www.yesilrapido.com<\/a><\/strong> web adresi \u00fczerinden <strong>kay\u0131t formunu doldurarak<\/strong> ba\u015fvuru yap\u0131lmaktad\u0131r.<\/p>","protected":false},"excerpt":{"rendered":"<p>Sorry, this entry is only available in Turkish. For the sake of viewer convenience, the content is shown below in the alternative language. You may click the link to switch the active language. Bu y\u0131l 9. kez d\u00fczenlenecek olan Ye\u015fil Rapido 2022 Konferans\u0131; 8 Haziran 2022 tarihinde, D\u00fcnya \u00c7evre Haftas\u0131\u2019nda, MSGS\u00dc i\u015f birli\u011fi ile Mimar [&hellip;]<\/p>\n","protected":false},"author":1,"featured_media":156961,"comment_status":"open","ping_status":"open","sticky":false,"template":"","format":"standard","meta":[],"categories":[51,53,52],"tags":[103816,4033,9264,103014,103815],"views":111,"_links":{"self":[{"href":"https:\/\/www.enerjigazetesi.ist\/en\/wp-json\/wp\/v2\/posts\/156957"}],"collection":[{"href":"https:\/\/www.enerjigazetesi.ist\/en\/wp-json\/wp\/v2\/posts"}],"about":[{"href":"https:\/\/www.enerjigazetesi.ist\/en\/wp-json\/wp\/v2\/types\/post"}],"author":[{"embeddable":true,"href":"https:\/\/www.enerjigazetesi.ist\/en\/wp-json\/wp\/v2\/users\/1"}],"replies":[{"embeddable":true,"href":"https:\/\/www.enerjigazetesi.ist\/en\/wp-json\/wp\/v2\/comments?post=156957"}],"version-history":[{"count":0,"href":"https:\/\/www.enerjigazetesi.ist\/en\/wp-json\/wp\/v2\/posts\/156957\/revisions"}],"wp:featuredmedia":[{"embeddable":true,"href":"https:\/\/www.enerjigazetesi.ist\/en\/wp-json\/wp\/v2\/media\/156961"}],"wp:attachment":[{"href":"https:\/\/www.enerjigazetesi.ist\/en\/wp-json\/wp\/v2\/media?parent=156957"}],"wp:term":[{"taxonomy":"category","embeddable":true,"href":"https:\/\/www.enerjigazetesi.ist\/en\/wp-json\/wp\/v2\/categories?post=156957"},{"taxonomy":"post_tag","embeddable":true,"href":"https:\/\/www.enerjigazetesi.ist\/en\/wp-json\/wp\/v2\/tags?post=156957"}],"curies":[{"name":"wp","href":"https:\/\/api.w.org\/{rel}","templated":true}]}}