{"id":156912,"date":"2022-06-05T16:50:51","date_gmt":"2022-06-05T13:50:51","guid":{"rendered":"https:\/\/www.enerjigazetesi.ist\/?p=156912"},"modified":"2022-06-05T16:50:51","modified_gmt":"2022-06-05T13:50:51","slug":"turkiye-imsad-insaat-atik-yonetiminde-kendimizi-gelistirmeliyiz","status":"publish","type":"post","link":"https:\/\/www.enerjigazetesi.ist\/en\/turkiye-imsad-insaat-atik-yonetiminde-kendimizi-gelistirmeliyiz\/","title":{"rendered":"(Turkish) T\u00fcrkiye \u0130MSAD: &#8220;\u0130n\u015faat At\u0131k Y\u00f6netimi&#8217;nde Kendimizi Geli\u015ftirmeliyiz&#8221;"},"content":{"rendered":"<p class=\"qtranxs-available-languages-message qtranxs-available-languages-message-en\">Sorry, this entry is only available in <a href=\"https:\/\/www.enerjigazetesi.ist\/tr\/wp-json\/wp\/v2\/posts\/156912\" class=\"qtranxs-available-language-link qtranxs-available-language-link-tr\" title=\"Turkish\">Turkish<\/a>. For the sake of viewer convenience, the content is shown below in the alternative language. You may click the link to switch the active language.<\/p><p><\/p>\n<h2><strong>T\u00fcrkiye \u0130MSAD (T\u00fcrkiye \u0130n\u015faat Malzemesi Sanayicileri Derne\u011fi) Y\u00f6netim Kurulu Ba\u015fkan\u0131 Tayfun K\u00fc\u00e7\u00fcko\u011flu,<\/strong>\u00a0<strong>her y\u0131l kutlanan D\u00fcnya \u00c7evre G\u00fcn\u00fc\u2019n\u00fcn, \u00c7evre, \u0130klim ve \u015eehircilik Bakanl\u0131\u011f\u0131 \u00f6nerisi ile\u00a0T\u00fcrkiye \u00c7evre Haftas\u0131\u2019<\/strong>\u00a0olarak\u00a0kapsam\u0131n\u0131n geni\u015fletildi\u011fini ve bu y\u0131l\u00a0<strong>\u2018S\u0131f\u0131r At\u0131k\u2019<\/strong>\u00a0temas\u0131yla kutland\u0131\u011f\u0131n\u0131 hat\u0131rlatt\u0131.<\/h2>\n<p><strong>\u00c7evrenin korunmas\u0131, s\u00fcrd\u00fcr\u00fclebilir ya\u015fam \u00e7evrelerinin olu\u015fturulmas\u0131, iklim de\u011fi\u015fikli\u011fi <img loading=\"lazy\" class=\"alignright wp-image-156916\" src=\"https:\/\/www.enerjigazetesi.ist\/wp-content\/uploads\/2022\/06\/turkiye-imsad-insaat-atik-yonetiminde-kendimizi-gelistirmeliyiz-2.jpg\" alt=\"\" width=\"320\" height=\"213\" srcset=\"https:\/\/www.enerjigazetesi.ist\/wp-content\/uploads\/2022\/06\/turkiye-imsad-insaat-atik-yonetiminde-kendimizi-gelistirmeliyiz-2.jpg 750w, https:\/\/www.enerjigazetesi.ist\/wp-content\/uploads\/2022\/06\/turkiye-imsad-insaat-atik-yonetiminde-kendimizi-gelistirmeliyiz-2-300x200.jpg 300w, https:\/\/www.enerjigazetesi.ist\/wp-content\/uploads\/2022\/06\/turkiye-imsad-insaat-atik-yonetiminde-kendimizi-gelistirmeliyiz-2-500x333.jpg 500w, https:\/\/www.enerjigazetesi.ist\/wp-content\/uploads\/2022\/06\/turkiye-imsad-insaat-atik-yonetiminde-kendimizi-gelistirmeliyiz-2-75x50.jpg 75w, https:\/\/www.enerjigazetesi.ist\/wp-content\/uploads\/2022\/06\/turkiye-imsad-insaat-atik-yonetiminde-kendimizi-gelistirmeliyiz-2-450x300.jpg 450w\" sizes=\"(max-width: 320px) 100vw, 320px\" \/>ile m\u00fccadele<\/strong> ve <strong>uyum konular\u0131nda<\/strong> Bakanl\u0131\u011f\u0131n y\u00fcr\u00fctt\u00fc\u011f\u00fc <strong>\u00e7al\u0131\u015fma<\/strong> ve <strong>y\u00f6nlendirmeleri<\/strong> yak\u0131ndan\u00a0takip ettiklerini belirten\u00a0<strong>Tayfun K\u00fc\u00e7\u00fcko\u011flu,\u00a0<\/strong><em>\u201c\u0130klim de\u011fi\u015fikli\u011fiyle m\u00fccadele, tek ba\u015f\u0131na bir m\u00fccadele olmad\u0131\u011f\u0131ndan t\u00fcm \u00fclkelerin kararl\u0131l\u0131kla \u00e7evre hassasiyetini g\u00f6zetmesini bekliyoruz. \u00dclkemizin <strong>Paris \u0130klim Anla\u015fmas\u0131<\/strong>&#8216;na kat\u0131l\u0131m\u0131 ve <strong>T\u00fcrkiye \u0130MSAD<\/strong> olarak bizim de yer ald\u0131\u011f\u0131m\u0131z <strong>\u0130klim \u015euras\u0131<\/strong>\u2019nda at\u0131lan ad\u0131mlar\u0131 yak\u0131ndan izliyor, \u00fcyelerimizin fark\u0131ndal\u0131klar\u0131n\u0131 art\u0131rmaya y\u00f6nelik \u00e7al\u0131\u015fmalar\u0131m\u0131z\u0131 aral\u0131ks\u0131z s\u00fcrd\u00fcr\u00fcyoruz\u201d<\/em> a\u00e7\u0131klamas\u0131n\u0131 yapt\u0131.<\/p>\n<p><strong>Tayfun K\u00fc\u00e7\u00fcko\u011flu\u00a0<\/strong>s\u00f6zlerini <span style=\"text-decoration: underline;\">\u015f\u00f6yle s\u00fcrd\u00fcrd\u00fc:<\/span><\/p>\n<p><em>\u201cYak\u0131n zamanda <strong>k\u00fcresel enerji arz dengesinde<\/strong> ya\u015fanan geli\u015fmeler her ge\u00e7en g\u00fcn artan enerji ihtiyac\u0131m\u0131z i\u00e7in <strong>yenilenebilir kaynaklara<\/strong> daha h\u0131zl\u0131 y\u00f6nelmemizi, mevcut enerjimizi de <strong>verimli kullanmam\u0131z\u0131<\/strong> i\u015faret ediyor. T\u00fcm d\u00fcnya sava\u015f\u0131n devam etti\u011fi \u015fu d\u00f6nemde bir taraftan <strong>y\u00fcksek maliyetler<\/strong> di\u011fer taraftan<strong> s\u00fcrd\u00fcr\u00fclebilirlik<\/strong> aras\u0131nda kald\u0131.<strong> Enerji krizi, g\u0131da krizi, su krizi<\/strong> kap\u0131m\u0131zda! S\u00fcrd\u00fcr\u00fclebilir ya\u015fam i\u00e7in yap\u0131lmas\u0131 gerekenleri,<strong> iklim de\u011fi\u015fikli\u011fi ile m\u00fccadeleyi<\/strong> d\u00fcnyam\u0131z\u0131n gelece\u011fi i\u00e7in bir kenara b\u0131rakmam\u0131z m\u00fcmk\u00fcn de\u011fil. \u00d6nceki y\u0131llarda vurgulad\u0131\u011f\u0131m\u0131z \u2018gelecekte<strong> enerji verimli, s\u00fcrd\u00fcr\u00fclebilir binalar<\/strong> \u00fclkelerin \u00f6nemli g\u00fcndemi olacak\u2019 tespitlerimiz bug\u00fcn kar\u015f\u0131l\u0131\u011f\u0131n\u0131 buluyor. Yakla\u015f\u0131k <strong>%<\/strong> <strong>70<\/strong>\u2019ini ithal yollardan elde etti\u011fimiz <strong>toplam enerjimizin<\/strong> yakla\u015f\u0131k <strong>% 31<\/strong> gibi b\u00fcy\u00fck bir k\u0131sm\u0131 binalarda kullan\u0131l\u0131yor. K\u00fcresel sera gaz\u0131 emisyon kaynaklar\u0131n\u0131n <strong>%<\/strong> <strong>75<\/strong>\u2019i sanayi, ula\u015f\u0131m, \u0131s\u0131tma-so\u011futma ve binalar nedeniyle olu\u015fuyor. <strong>Binalarda enerji verimlili\u011fini<\/strong> art\u0131r\u0131p, <strong>enerji ithalat\u0131n\u0131<\/strong> ve <strong>sera gaz\u0131 sal\u0131m\u0131n\u0131<\/strong> azaltarak, <strong>ekonomiye<\/strong> ve <strong>\u00e7evreye<\/strong> b\u00fcy\u00fck katk\u0131lar sa\u011flayabiliriz.\u201d<\/em><\/p>\n<h3><strong>\u201c\u00c7evreci, inovatif \u00fcr\u00fcnler geli\u015ftirmeliyiz\u201d<\/strong><\/h3>\n<p>Kaynaklar\u0131n <strong>ak\u0131lc\u0131<\/strong> ve <strong>etkin kullan\u0131lmas\u0131n\u0131n<\/strong> giderek daha fazla \u00f6nem kazand\u0131\u011f\u0131n\u0131 vurgulayan <strong>T\u00fcrkiye \u0130MSAD Y\u00f6netim Kurulu Ba\u015fkan\u0131 Tayfun K\u00fc\u00e7\u00fcko\u011flu,<\/strong><em> \u201cD\u00fcnyada sadece <strong>son 30 y\u0131lda<\/strong> ormanlar\u0131n <strong>5&#8217;te 1&#8217;i<\/strong> yok oldu. \u00c7evreyi korumaya y\u00f6nelik tedbirler, ekolojik dengeyi koruyarak s\u00fcrd\u00fcr\u00fclebilir bir gelecek in\u015fa etmemizde \u00f6nemli rol oynuyor. D\u00fcnyada <strong>ye\u015fil bina ve<\/strong> <strong>s\u00fcrd\u00fcr\u00fclebilir malzemelerin kullan\u0131m\u0131na<\/strong> y\u00f6nelik talep artarken, <strong>in\u015faat malzemesi<\/strong> sanayisinin sorumlulu\u011fu da art\u0131yor.\u00a0S\u00fcrd\u00fcr\u00fclebilir yap\u0131lara odaklanmal\u0131, bunun i\u00e7in de<strong> \u00e7evre dostu inovatif malzemeler<\/strong> geli\u015ftirmeye \u00f6ncelik vermeliyiz\u201d<\/em> dedi.<\/p>\n<p><strong>AB Ye\u015fil Mutabakata<\/strong> uyum s\u00fcrecinin devam etti\u011fini hat\u0131rlatan\u00a0<strong>Tayfun K\u00fc\u00e7\u00fcko\u011flu<\/strong>, \u201cT\u00fcrkiye\u2019yi \u00fcretim \u00fcss\u00fc olarak d\u00fc\u015f\u00fcn\u00fcrsek, bizim gibi<strong> enerji yo\u011fun sekt\u00f6rlerin<\/strong> a\u011f\u0131rl\u0131kl\u0131 oldu\u011fu bir \u00fclkede <strong>Ye\u015fil Mutabakat<\/strong> ve<strong> S\u0131n\u0131rda Karbon Vergisi<\/strong> konusunda gerekli d\u00f6n\u00fc\u015f\u00fcm\u00fc sa\u011flamam\u0131z ve bu s\u00fcreci iyi y\u00f6netmemiz gerekiyor\u201d\u00a0\u015feklinde konu\u015ftu.<\/p>\n<h3><strong>\u201c\u0130n\u015faat at\u0131k y\u00f6netiminde geri d\u00f6n\u00fc\u015f\u00fcme odaklan\u0131lmal\u0131\u201d<\/strong><\/h3>\n<p>\u0130n\u015faat yap\u0131m\u0131 s\u0131ras\u0131nda ortaya \u00e7\u0131kan <strong>molozlar\u0131n geri d\u00f6n\u00fc\u015f\u00fcm\u00fcn\u00fcn sa\u011flanmas\u0131<\/strong> gerekti\u011fine de dikkat \u00e7eken <strong>Tayfun K\u00fc\u00e7\u00fcko\u011flu,\u00a0<\/strong><em>\u201cBug\u00fcn baz\u0131 b\u00f6lgelerimizde d\u00f6k\u00fcm alanlar\u0131 art\u0131k <strong>\u2018hafriyat da\u011f\u0131\u2019<\/strong>na d\u00f6n\u00fc\u015fm\u00fc\u015f durumda. \u00d6zellikle <strong>kentsel d\u00f6n\u00fc\u015f\u00fcm<\/strong> s\u00fcrecinde <strong>moloz y\u00f6netimi<\/strong> ve <strong>geri d\u00f6n\u00fc\u015f\u00fcm<\/strong>le ilgili noktalar\u0131n \u00e7\u00f6z\u00fclerek hem<strong> g\u00f6r\u00fcnt\u00fc<\/strong> olarak hem de<strong> \u00e7evreye<\/strong> olan zararlar\u0131 bak\u0131m\u0131ndan etkileri<strong> en aza indirgenmeli<\/strong>. Bu alanlarda geli\u015fmemiz gerekiyor. Gelecek nesillere daha <strong>temiz<\/strong> ve <strong>sa\u011fl\u0131kl\u0131<\/strong> bir d\u00fcnya b\u0131rakmak ad\u0131na <strong>uzun vadeli stratejiyle<\/strong> hareket etmeliyiz\u201d<\/em>\u00a0de\u011ferlendirmesini yapt\u0131.<\/p>","protected":false},"excerpt":{"rendered":"<p>Sorry, this entry is only available in Turkish. For the sake of viewer convenience, the content is shown below in the alternative language. You may click the link to switch the active language. T\u00fcrkiye \u0130MSAD (T\u00fcrkiye \u0130n\u015faat Malzemesi Sanayicileri Derne\u011fi) Y\u00f6netim Kurulu Ba\u015fkan\u0131 Tayfun K\u00fc\u00e7\u00fcko\u011flu,\u00a0her y\u0131l kutlanan D\u00fcnya \u00c7evre G\u00fcn\u00fc\u2019n\u00fcn, \u00c7evre, \u0130klim ve \u015eehircilik Bakanl\u0131\u011f\u0131 [&hellip;]<\/p>\n","protected":false},"author":1,"featured_media":156915,"comment_status":"open","ping_status":"open","sticky":false,"template":"","format":"standard","meta":[],"categories":[53,52],"tags":[3119,103802,2529,4531,101054,103804,88541,103803,26122,4033,103726,25553],"views":153,"_links":{"self":[{"href":"https:\/\/www.enerjigazetesi.ist\/en\/wp-json\/wp\/v2\/posts\/156912"}],"collection":[{"href":"https:\/\/www.enerjigazetesi.ist\/en\/wp-json\/wp\/v2\/posts"}],"about":[{"href":"https:\/\/www.enerjigazetesi.ist\/en\/wp-json\/wp\/v2\/types\/post"}],"author":[{"embeddable":true,"href":"https:\/\/www.enerjigazetesi.ist\/en\/wp-json\/wp\/v2\/users\/1"}],"replies":[{"embeddable":true,"href":"https:\/\/www.enerjigazetesi.ist\/en\/wp-json\/wp\/v2\/comments?post=156912"}],"version-history":[{"count":0,"href":"https:\/\/www.enerjigazetesi.ist\/en\/wp-json\/wp\/v2\/posts\/156912\/revisions"}],"wp:featuredmedia":[{"embeddable":true,"href":"https:\/\/www.enerjigazetesi.ist\/en\/wp-json\/wp\/v2\/media\/156915"}],"wp:attachment":[{"href":"https:\/\/www.enerjigazetesi.ist\/en\/wp-json\/wp\/v2\/media?parent=156912"}],"wp:term":[{"taxonomy":"category","embeddable":true,"href":"https:\/\/www.enerjigazetesi.ist\/en\/wp-json\/wp\/v2\/categories?post=156912"},{"taxonomy":"post_tag","embeddable":true,"href":"https:\/\/www.enerjigazetesi.ist\/en\/wp-json\/wp\/v2\/tags?post=156912"}],"curies":[{"name":"wp","href":"https:\/\/api.w.org\/{rel}","templated":true}]}}