{"id":156830,"date":"2022-06-04T12:04:23","date_gmt":"2022-06-04T09:04:23","guid":{"rendered":"https:\/\/www.enerjigazetesi.ist\/?p=156830"},"modified":"2022-06-04T12:05:05","modified_gmt":"2022-06-04T09:05:05","slug":"izoder-cevremizi-yalitimla-korumaya-alalim","status":"publish","type":"post","link":"https:\/\/www.enerjigazetesi.ist\/en\/izoder-cevremizi-yalitimla-korumaya-alalim\/","title":{"rendered":"(Turkish) \u0130ZODER: &#8220;\u00c7evremizi Yal\u0131t\u0131mla Korumaya Alal\u0131m&#8221;"},"content":{"rendered":"<p class=\"qtranxs-available-languages-message qtranxs-available-languages-message-en\">Sorry, this entry is only available in <a href=\"https:\/\/www.enerjigazetesi.ist\/tr\/wp-json\/wp\/v2\/posts\/156830\" class=\"qtranxs-available-language-link qtranxs-available-language-link-tr\" title=\"Turkish\">Turkish<\/a>. For the sake of viewer convenience, the content is shown below in the alternative language. You may click the link to switch the active language.<\/p><p><\/p>\n<h2><strong>\u20185 Haziran D\u00fcnya \u00c7evre G\u00fcn\u00fc\u2019 dolay\u0131s\u0131yla bir a\u00e7\u0131klama yapan \u0130<\/strong><strong>ZODER Y\u00f6netim Kurulu Ba\u015fkan\u0131 Emrullah Eruslu, <\/strong>\u00fclkemizin iklim de\u011fi\u015fikli\u011fiyle m\u00fccadele kapsam\u0131nda Paris Anla\u015fmas\u0131\u2019na kat\u0131l\u0131m\u0131 ve T\u00fcrkiye \u0130klim \u015euras\u0131\u2019nda bir yol haritas\u0131 olu\u015fturmas\u0131yla h\u0131z kazanan \u00e7al\u0131\u015fmalar\u0131 yak\u0131ndan takip ettiklerine vurgu yapt\u0131.<\/h2>\n<p><strong>Emrullah Eruslu,\u00a0<\/strong><em>\u201cD\u00fcnya olarak bir yol ayr\u0131m\u0131na geldik. K\u00fcresel bir felakete kar\u015f\u0131 \u00fclkelerin tek ba\u015f\u0131na m\u00fccadele etmesi m\u00fcmk\u00fcn de\u011fil. Birlikte ald\u0131\u011f\u0131m\u0131z kararlar\u0131 birlikte uygulayabilirsek <img loading=\"lazy\" class=\"alignright wp-image-156832\" src=\"https:\/\/www.enerjigazetesi.ist\/wp-content\/uploads\/2022\/06\/izoder-cevremizi-yalitimla-korumaya-alalim.jpg\" alt=\"\" width=\"300\" height=\"268\" srcset=\"https:\/\/www.enerjigazetesi.ist\/wp-content\/uploads\/2022\/06\/izoder-cevremizi-yalitimla-korumaya-alalim.jpg 431w, https:\/\/www.enerjigazetesi.ist\/wp-content\/uploads\/2022\/06\/izoder-cevremizi-yalitimla-korumaya-alalim-300x268.jpg 300w, https:\/\/www.enerjigazetesi.ist\/wp-content\/uploads\/2022\/06\/izoder-cevremizi-yalitimla-korumaya-alalim-56x50.jpg 56w\" sizes=\"(max-width: 300px) 100vw, 300px\" \/>ya\u015fad\u0131\u011f\u0131m\u0131z bu gezegeni kurtarabiliriz. Bu anlamda \u00fclkemizde y\u00fcr\u00fct\u00fclen\u00a0<strong>sera gaz\u0131 azalt\u0131m\u0131, ye\u015fil finansman, karbon fiyatlama, iklim de\u011fi\u015fikli\u011fine uyum, yerel y\u00f6netimler, bilim ve teknoloji<\/strong> alan\u0131ndaki \u00e7al\u0131\u015fmalar\u0131, olu\u015fturulan yol haritalar\u0131n\u0131 izliyor, ilgili noktalarda katk\u0131 sunmaya \u00e7al\u0131\u015f\u0131yoruz. Bu d\u00f6nemde \u0130ZODER olarak <strong>binalarda enerji verimlili\u011fi<\/strong>ni art\u0131racak, daha az enerji t\u00fcketerek <strong>\u0131s\u0131tma-so\u011futma konforu<\/strong> sa\u011flayacak uygulamalar\u0131 geli\u015ftirme \u00e7abalar\u0131m\u0131za devam ediyoruz. <strong>Binalarda enerji verimlili\u011fi,<\/strong> <strong>\u00e7evresel sorunlar ile m\u00fccadelede<\/strong> en etkin uygulamad\u0131r. <strong>Ne kadar az fosil yak\u0131t t\u00fcketirsek<\/strong> hava kirlili\u011fini, dolay\u0131s\u0131yla <strong>karbon sal\u0131m\u0131n\u0131 azalt\u0131r<\/strong> ve<strong> k\u00fcresel \u0131s\u0131nmaya kar\u015f\u0131<\/strong> daha<strong> etkin m\u00fccadele<\/strong> vermi\u015f oluruz.\u201d<\/em> ifadelerini kulland\u0131.<\/p>\n<p>K\u00fcresel \u0131s\u0131nma nedeniyle \u00fclkemizde son y\u0131llarda sel ve orman yang\u0131nlar\u0131\u00a0gibi\u00a0ola\u011fan d\u0131\u015f\u0131,\u00a0s\u0131kl\u0131\u011f\u0131 ve \u015fiddeti giderek <strong>artan afetler ya\u015fand\u0131\u011f\u0131n\u0131<\/strong> vurgulayan <strong>Emrullah Eruslu<\/strong>;\u00a0<strong>uzmanlar\u0131n, afetlerin<\/strong>\u00a0<strong>% 83&#8217;\u00fcn\u00fcn<\/strong> <em>sel, f\u0131rt\u0131na ve s\u0131cak hava dalgalar\u0131<\/em> gibi hava ve <strong>iklim ba\u011flant\u0131l\u0131 olaylardan<\/strong> kaynakland\u0131\u011f\u0131n\u0131 s\u0131k s\u0131k hat\u0131rlatt\u0131klar\u0131n\u0131 s\u00f6yledi. <strong>Emrullah Eruslu<\/strong>, \u00e7evreci ve yenilenebilir enerji kaynaklar\u0131n\u0131 art\u0131r\u0131rken, enerji verimlili\u011fi sa\u011flayacak<strong> yal\u0131t\u0131m \u00e7\u00f6z\u00fcmlerini<\/strong> yayg\u0131nla\u015ft\u0131rman\u0131n, <strong>\u00e7evremizi korumak<\/strong> i\u00e7in hayata ge\u00e7irilebilecek en etkili ad\u0131mlar oldu\u011funun alt\u0131n\u0131 \u00e7izdi.<\/p>\n<p>T\u00fcm d\u00fcnyan\u0131n oldu\u011fu gibi<strong> T\u00fcrkiye\u2019nin enerji ihtiyac\u0131n\u0131n da<\/strong> her ge\u00e7en g\u00fcn artt\u0131\u011f\u0131n\u0131 belirten <strong>Emrullah Eruslu\u00a0<\/strong>s\u00f6zlerine <span style=\"text-decoration: underline;\">\u015f\u00f6yle devam etti:<\/span><strong>\u00a0<\/strong><em>\u201cKulland\u0131\u011f\u0131m\u0131z enerjinin kabaca <strong>% 70<\/strong>\u2019ini ithal ediyoruz. Enerji t\u00fcketimi incelendi\u011finde; <strong>% 32,7<\/strong>\u2019lik pay ile konut ve hizmet sekt\u00f6rlerinden olu\u015fan bina sekt\u00f6r\u00fc ve <strong>% 32,3<\/strong>\u2019l\u00fck pay ile sanayi sekt\u00f6r\u00fc \u00f6ne \u00e7\u0131k\u0131yor. Binalarda t\u00fcketilen enerjinin <strong>%<\/strong> <strong>80<\/strong>\u2019inin <strong>\u0131s\u0131tma<\/strong> ve <strong>so\u011futma<\/strong> ama\u00e7l\u0131 t\u00fcketiliyor. <strong>Enerji t\u00fcketimi artt\u0131k\u00e7a<\/strong> hem \u00e7evreye daha \u00e7ok zarar veriyor hem de \u00fclkemizin <strong>enerji ithalat\u0131 faturas\u0131<\/strong> y\u00fckseliyor. Milyarlarca dolar tutan <strong>enerji maliyetleri<\/strong>mize ra\u011fmen <strong>\u0131s\u0131nam\u0131yor<\/strong> ve<strong> verimli so\u011futma<\/strong> sa\u011flayam\u0131yoruz. Oysa do\u011fru <strong>yal\u0131t\u0131m uygulamalar\u0131yla<\/strong> hem fosil yak\u0131t t\u00fcketimini azaltarak d\u00fcnyay\u0131 daha az kirletmek hem de <strong>% 50<\/strong>\u2019ye varan oranda<strong> tasarruf<\/strong> elde etmek m\u00fcmk\u00fcn.\u201d<\/em><\/p>\n<h3><strong>Binalar\u0131m\u0131z \u00e7evre dostu olmal\u0131<\/strong><\/h3>\n<p>AB\u2019nin <strong>Ye\u015fil Mutabakat<\/strong> \u00e7er\u00e7evesinde kararl\u0131 ad\u0131mlar att\u0131\u011f\u0131n\u0131 ve yapt\u0131r\u0131mlarla t\u00fcm d\u00fcnyay\u0131 da buna ortak olmaya mecbur b\u0131rakt\u0131\u011f\u0131na i\u015faret eden <strong>Emrullah Eruslu<\/strong>, &#8220;Avrupa Komisyonu,<strong> AB<\/strong>\u2019nin Rusya\u2019dan fosil yak\u0131t ithalat\u0131n\u0131 azaltmak i\u00e7in <strong>yenilenebilir enerji kullan\u0131m\u0131<\/strong>n\u0131n ve <strong>enerji verimlili\u011finin art\u0131r\u0131lmas\u0131<\/strong> amac\u0131yla planlad\u0131\u011f\u0131 <strong>\u201cRePowerEU\u201d paketini<\/strong> k\u0131sa s\u00fcre \u00f6nce a\u00e7\u0131klad\u0131.<\/p>\n<p>Paket, <strong>Avrupa Ye\u015fil Mutabakat\u0131<\/strong> mevzuat\u0131n\u0131n <strong>\u2018Fit for 55\u2019<\/strong> (% 55 emisyon azalt\u0131m\u0131 politikas\u0131na uygunluk) hedefleri kapsam\u0131nda <strong>baz\u0131 yeni hedefler<\/strong> getiriyor. Bu ad\u0131mlar\u0131 yak\u0131ndan izliyoruz.<\/p>\n<p>Gerek <strong>enerji verimlili\u011fi<\/strong> gerekse<strong> k\u00fcresel \u0131s\u0131nma<\/strong> ve <strong>iklim de\u011fi\u015fikli\u011fi<\/strong> ile ilgili hedeflere ula\u015fmam\u0131z i\u00e7in daha kal\u0131n yal\u0131t\u0131m malzemesi kullanarak verimlilik sa\u011flamal\u0131y\u0131z. \u00dclkemizde tavsiye edilen <strong>U de\u011ferlerinin (\u0131s\u0131l ge\u00e7irgenlik de\u011feri) iyile\u015ftirilmesi<\/strong>ne acilen\u00a0ihtiya\u00e7 var. <strong>\u201cTek Yol U D\u00f6n\u00fc\u015f\u00fc\u201d<\/strong> kampanyam\u0131zla T\u00fcrkiye\u2019deki binalar\u0131n daha az enerji harcayan <strong>\u00e7evre dostu<\/strong> bir yap\u0131ya kavu\u015fmas\u0131 i\u00e7in <strong>\u00e7at\u0131, duvar<\/strong> ve <strong>d\u00f6\u015femelerimizdeki<\/strong> yal\u0131t\u0131m kal\u0131nl\u0131klar\u0131n\u0131 art\u0131rarak ve <strong>kaplamal\u0131 yal\u0131t\u0131m cam\u0131<\/strong> \u00fcniteleri kullanarak <strong>U<\/strong> <strong>de\u011ferlerimizin iyile\u015ftirilmesi<\/strong> gerekti\u011fini vurgulad\u0131k. Bu ba\u011flamda\u00a0\u00fclkemizdeki binalar\u0131n t\u00fcm\u00fcn\u00fcn, daha <strong>az enerji harcayan<\/strong>, <strong>\u00e7evre dostu olmas\u0131n\u0131n<\/strong> \u00f6ncelikli hedeflerimiz aras\u0131nda yer almas\u0131 gerekti\u011fini d\u00fc\u015f\u00fcn\u00fcyoruz.\u201d ifadelerini kulland\u0131.<\/p>","protected":false},"excerpt":{"rendered":"<p>Sorry, this entry is only available in Turkish. For the sake of viewer convenience, the content is shown below in the alternative language. You may click the link to switch the active language. \u20185 Haziran D\u00fcnya \u00c7evre G\u00fcn\u00fc\u2019 dolay\u0131s\u0131yla bir a\u00e7\u0131klama yapan \u0130ZODER Y\u00f6netim Kurulu Ba\u015fkan\u0131 Emrullah Eruslu, \u00fclkemizin iklim de\u011fi\u015fikli\u011fiyle m\u00fccadele kapsam\u0131nda Paris Anla\u015fmas\u0131\u2019na [&hellip;]<\/p>\n","protected":false},"author":1,"featured_media":156834,"comment_status":"open","ping_status":"open","sticky":false,"template":"","format":"standard","meta":[],"categories":[53,52],"tags":[92921,15555,60307,1999,10921,675,101185,1471,25763,12308,62953,103777,793,75838,98311,41077,11887],"views":259,"_links":{"self":[{"href":"https:\/\/www.enerjigazetesi.ist\/en\/wp-json\/wp\/v2\/posts\/156830"}],"collection":[{"href":"https:\/\/www.enerjigazetesi.ist\/en\/wp-json\/wp\/v2\/posts"}],"about":[{"href":"https:\/\/www.enerjigazetesi.ist\/en\/wp-json\/wp\/v2\/types\/post"}],"author":[{"embeddable":true,"href":"https:\/\/www.enerjigazetesi.ist\/en\/wp-json\/wp\/v2\/users\/1"}],"replies":[{"embeddable":true,"href":"https:\/\/www.enerjigazetesi.ist\/en\/wp-json\/wp\/v2\/comments?post=156830"}],"version-history":[{"count":0,"href":"https:\/\/www.enerjigazetesi.ist\/en\/wp-json\/wp\/v2\/posts\/156830\/revisions"}],"wp:featuredmedia":[{"embeddable":true,"href":"https:\/\/www.enerjigazetesi.ist\/en\/wp-json\/wp\/v2\/media\/156834"}],"wp:attachment":[{"href":"https:\/\/www.enerjigazetesi.ist\/en\/wp-json\/wp\/v2\/media?parent=156830"}],"wp:term":[{"taxonomy":"category","embeddable":true,"href":"https:\/\/www.enerjigazetesi.ist\/en\/wp-json\/wp\/v2\/categories?post=156830"},{"taxonomy":"post_tag","embeddable":true,"href":"https:\/\/www.enerjigazetesi.ist\/en\/wp-json\/wp\/v2\/tags?post=156830"}],"curies":[{"name":"wp","href":"https:\/\/api.w.org\/{rel}","templated":true}]}}