{"id":156794,"date":"2022-06-04T14:52:54","date_gmt":"2022-06-04T11:52:54","guid":{"rendered":"https:\/\/www.enerjigazetesi.ist\/?p=156794"},"modified":"2022-06-04T15:04:46","modified_gmt":"2022-06-04T12:04:46","slug":"enerji-verimliligi-nde-2021-yilinda-en-yuksek-yatirim-ve-verimlilik-elde-edildi","status":"publish","type":"post","link":"https:\/\/www.enerjigazetesi.ist\/en\/enerji-verimliligi-nde-2021-yilinda-en-yuksek-yatirim-ve-verimlilik-elde-edildi\/","title":{"rendered":"2021, enerji verimlili\u011finde en y\u00fcksek yat\u0131r\u0131m ve verimlili\u011fin sa\u011fland\u0131\u011f\u0131 y\u0131l ldu"},"content":{"rendered":"<p class=\"qtranxs-available-languages-message qtranxs-available-languages-message-en\">Sorry, this entry is only available in <a href=\"https:\/\/www.enerjigazetesi.ist\/tr\/wp-json\/wp\/v2\/posts\/156794\" class=\"qtranxs-available-language-link qtranxs-available-language-link-tr\" title=\"Turkish\">Turkish<\/a>. For the sake of viewer convenience, the content is shown below in the alternative language. You may click the link to switch the active language.<\/p><p><\/p>\n<h2>M\u00fcstakil Sanayici ve \u0130\u015f adamlar\u0131 Derne\u011fi&#8217;nce (M\u00dcS\u0130AD) d\u00fczenlenen, M\u00dcS\u0130AD Uluslararas\u0131 Enerji Zirvesi&#8217;nin a\u00e7\u0131l\u0131\u015f\u0131nda D\u00f6nmez konu\u015fmas\u0131nda enerji verimlili\u011fi ve tasarrufa odakl\u0131 a\u00e7\u0131klamalarda bulundu.<\/h2>\n<p>T\u00fcrkiye&#8217;nin <strong>Ulusal Enerji Verimlili\u011fi Eylem Plan\u0131<\/strong> kapsam\u0131nda<strong> 2021<\/strong>&#8216;de <strong>1,33 milyar dolar<\/strong> yat\u0131r\u0131m yapt\u0131\u011f\u0131n\u0131 ve kar\u015f\u0131l\u0131\u011f\u0131nda<strong> 372 milyon dolarl\u0131k tasarruf<\/strong> sa\u011flad\u0131\u011f\u0131n\u0131 belirten D\u00f6nmez, <em>&#8220;Bu y\u0131l<img loading=\"lazy\" class=\"size-medium wp-image-156804 alignright\" src=\"https:\/\/www.enerjigazetesi.ist\/wp-content\/uploads\/2022\/06\/dynupload_202205211011-300x197.jpg\" alt=\"\" width=\"300\" height=\"197\" srcset=\"https:\/\/www.enerjigazetesi.ist\/wp-content\/uploads\/2022\/06\/dynupload_202205211011-300x197.jpg 300w, https:\/\/www.enerjigazetesi.ist\/wp-content\/uploads\/2022\/06\/dynupload_202205211011-500x329.jpg 500w, https:\/\/www.enerjigazetesi.ist\/wp-content\/uploads\/2022\/06\/dynupload_202205211011-76x50.jpg 76w, https:\/\/www.enerjigazetesi.ist\/wp-content\/uploads\/2022\/06\/dynupload_202205211011.jpg 550w\" sizes=\"(max-width: 300px) 100vw, 300px\" \/> <strong>1,06 milyon ton e\u015fde\u011fer petrol (TEP)<\/strong> birincil<strong> enerji tasarrufu<\/strong>yla ilk defa<strong> 1 milyon TEP s\u0131n\u0131r\u0131n\u0131 <\/strong>a\u015ft\u0131k. 2021, <strong>enerji verimlili\u011fi<\/strong>nde en<strong> y\u00fcksek yat\u0131r\u0131m\u0131n<\/strong> ve en<strong> y\u00fcksek tasarrufun<\/strong> sa\u011fland\u0131\u011f\u0131 y\u0131l oldu. <\/em><\/p>\n<p><em>Yine ge\u00e7en y\u0131l <strong>enerji verimlili\u011fi uygulamalar\u0131<\/strong>yla <strong>15,61 milyon ton<\/strong> <strong>karbon emisyonu<\/strong>nu da\u00a0engellemi\u015f olduk. <strong>Son 5 y\u0131ll\u0131k d\u00f6neme<\/strong> bakt\u0131\u011f\u0131m\u0131zda <strong>enerji verimlili\u011fine<\/strong> toplam da<strong> 6,45 milyar dolar<\/strong> yat\u0131r\u0131m yapt\u0131k.<strong> Toplam da 1,56 milyar dolarl\u0131k<\/strong> bir tasarruf sa\u011flad\u0131k.&#8221;<\/em> bilgisini payla\u015f\u0131rken bu tasarruflarla T\u00fcrkiye&#8217;nin <strong>850 bin TEP ham petrol ve 5,4 milyar metrek\u00fcp gaz<\/strong> ithalat\u0131n\u0131 engelledi\u011fini ifade etti. Toplam da <strong>12.000<\/strong> yeni <strong>istihdam olu\u015fturuldu\u011funu<\/strong> dile getiren D\u00f6nmez, ayr\u0131ca: &#8220;<em><strong>Ekonomimize 3,91 milyar dolarl\u0131k br\u00fct katma de\u011fer<\/strong> sa\u011flad\u0131k. Belki daha da \u00f6nemlisi son <strong>5<\/strong> y\u0131lda <strong>43 milyon ton<\/strong> karbonun <strong>do\u011faya sal\u0131m\u0131n\u0131n\u0131<\/strong> engelledik.<\/em>&#8221; ifadelerini kulland\u0131.<\/p>\n<p><strong>Yay\u0131na Haz\u0131rlayan:<\/strong>\u00a0Muhammet Alperen ERTA\u015e\u00a0 \u2013\u00a0\u00a0<a href=\"mailto:alperen.ertas@enerjigazetesi.ist\" target=\"_blank\" rel=\"noopener\">alperen.ertas@enerjigazetesi.ist<\/a><\/p>","protected":false},"excerpt":{"rendered":"<p>Sorry, this entry is only available in Turkish. For the sake of viewer convenience, the content is shown below in the alternative language. You may click the link to switch the active language. M\u00fcstakil Sanayici ve \u0130\u015f adamlar\u0131 Derne\u011fi&#8217;nce (M\u00dcS\u0130AD) d\u00fczenlenen, M\u00dcS\u0130AD Uluslararas\u0131 Enerji Zirvesi&#8217;nin a\u00e7\u0131l\u0131\u015f\u0131nda D\u00f6nmez konu\u015fmas\u0131nda enerji verimlili\u011fi ve tasarrufa odakl\u0131 a\u00e7\u0131klamalarda bulundu. [&hellip;]<\/p>\n","protected":false},"author":19,"featured_media":156839,"comment_status":"open","ping_status":"open","sticky":false,"template":"","format":"standard","meta":[],"categories":[51,53,52],"tags":[67,1009,103,12,486,3344,1453,103778],"views":128,"_links":{"self":[{"href":"https:\/\/www.enerjigazetesi.ist\/en\/wp-json\/wp\/v2\/posts\/156794"}],"collection":[{"href":"https:\/\/www.enerjigazetesi.ist\/en\/wp-json\/wp\/v2\/posts"}],"about":[{"href":"https:\/\/www.enerjigazetesi.ist\/en\/wp-json\/wp\/v2\/types\/post"}],"author":[{"embeddable":true,"href":"https:\/\/www.enerjigazetesi.ist\/en\/wp-json\/wp\/v2\/users\/19"}],"replies":[{"embeddable":true,"href":"https:\/\/www.enerjigazetesi.ist\/en\/wp-json\/wp\/v2\/comments?post=156794"}],"version-history":[{"count":0,"href":"https:\/\/www.enerjigazetesi.ist\/en\/wp-json\/wp\/v2\/posts\/156794\/revisions"}],"wp:featuredmedia":[{"embeddable":true,"href":"https:\/\/www.enerjigazetesi.ist\/en\/wp-json\/wp\/v2\/media\/156839"}],"wp:attachment":[{"href":"https:\/\/www.enerjigazetesi.ist\/en\/wp-json\/wp\/v2\/media?parent=156794"}],"wp:term":[{"taxonomy":"category","embeddable":true,"href":"https:\/\/www.enerjigazetesi.ist\/en\/wp-json\/wp\/v2\/categories?post=156794"},{"taxonomy":"post_tag","embeddable":true,"href":"https:\/\/www.enerjigazetesi.ist\/en\/wp-json\/wp\/v2\/tags?post=156794"}],"curies":[{"name":"wp","href":"https:\/\/api.w.org\/{rel}","templated":true}]}}