{"id":156768,"date":"2022-06-03T11:26:59","date_gmt":"2022-06-03T08:26:59","guid":{"rendered":"https:\/\/www.enerjigazetesi.ist\/?p=156768"},"modified":"2022-06-03T11:34:28","modified_gmt":"2022-06-03T08:34:28","slug":"turkiye-gunes-te-yuzde-75-ruzgar-ve-biyokutlede-yuzde-65-yerli-teknoloji-uretiyor","status":"publish","type":"post","link":"https:\/\/www.enerjigazetesi.ist\/en\/turkiye-gunes-te-yuzde-75-ruzgar-ve-biyokutlede-yuzde-65-yerli-teknoloji-uretiyor\/","title":{"rendered":"(Turkish) T\u00fcrkiye G\u00fcne\u015f&#8217;te %75 R\u00fczgar ve Biyok\u00fctle&#8217;de %65 Yerli Teknoloji \u00dcretiyor"},"content":{"rendered":"<p class=\"qtranxs-available-languages-message qtranxs-available-languages-message-en\">Sorry, this entry is only available in <a href=\"https:\/\/www.enerjigazetesi.ist\/tr\/wp-json\/wp\/v2\/posts\/156768\" class=\"qtranxs-available-language-link qtranxs-available-language-link-tr\" title=\"Turkish\">Turkish<\/a>. For the sake of viewer convenience, the content is shown below in the alternative language. You may click the link to switch the active language.<\/p><p><\/p>\n<h2>Kocaeli&#8217;nin Gebze il\u00e7esindeki Bili\u015fim Vadisi&#8217;nde d\u00fczenlenen MMG-EURITECH Avrasya Ar-Ge, \u0130novasyon &amp; Teknoloji Zirve ve Sergisi&#8217;ne kat\u0131lan Bakan D\u00f6nmez, burada yapt\u0131\u011f\u0131 konu\u015fmada sekt\u00f6r temsilcileri ve \u00fcniversiteli gen\u00e7leri bir arada g\u00f6rmenin kendilerini mutlu etti\u011fini ifade etti.<\/h2>\n<p><strong>Ar-Ge \u00e7al\u0131\u015fmalar\u0131<\/strong>n\u0131n ilk d\u00f6nemlere g\u00f6re daha<strong> kurumsal niteli\u011fe b\u00fcr\u00fcnd\u00fc\u011f\u00fcne<\/strong> dikkati \u00e7eken\u00a0D\u00f6nmez, <em>&#8220;\u015eirketlerimiz Ar-Ge&#8217;nin kendilerine neler kataca\u011f\u0131n\u0131, i\u015flerine nas\u0131l bir katma de\u011fer<img loading=\"lazy\" class=\"alignright wp-image-156770\" src=\"https:\/\/www.enerjigazetesi.ist\/wp-content\/uploads\/2022\/06\/turkiye-gunes-te-yuzde-75-ruzgar-ve-biyokutlede-yuzde-65-yerli-teknoloji-uretiyor.jpg\" alt=\"\" width=\"320\" height=\"211\" srcset=\"https:\/\/www.enerjigazetesi.ist\/wp-content\/uploads\/2022\/06\/turkiye-gunes-te-yuzde-75-ruzgar-ve-biyokutlede-yuzde-65-yerli-teknoloji-uretiyor.jpg 550w, https:\/\/www.enerjigazetesi.ist\/wp-content\/uploads\/2022\/06\/turkiye-gunes-te-yuzde-75-ruzgar-ve-biyokutlede-yuzde-65-yerli-teknoloji-uretiyor-300x197.jpg 300w, https:\/\/www.enerjigazetesi.ist\/wp-content\/uploads\/2022\/06\/turkiye-gunes-te-yuzde-75-ruzgar-ve-biyokutlede-yuzde-65-yerli-teknoloji-uretiyor-500x329.jpg 500w, https:\/\/www.enerjigazetesi.ist\/wp-content\/uploads\/2022\/06\/turkiye-gunes-te-yuzde-75-ruzgar-ve-biyokutlede-yuzde-65-yerli-teknoloji-uretiyor-76x50.jpg 76w\" sizes=\"(max-width: 320px) 100vw, 320px\" \/> sa\u011flayaca\u011f\u0131n\u0131 anlad\u0131. En \u00f6nemlisi de<strong> Ar-Ge<\/strong>&#8216;ye harcanan paralar\u0131n<strong> l\u00fczumsuz<\/strong> ve <strong>israf olmaktan ziyade<\/strong> art\u0131k gereklilik, zorunluluk oldu\u011fu anla\u015f\u0131ld\u0131 \u00e7\u00fcnk\u00fc <strong>Ar-Ge<\/strong> sizi di\u011ferlerinden ay\u0131ran en \u00f6nemli unsur.&#8221;<\/em> a\u00e7\u0131klamalar\u0131nda bulundu.<\/p>\n<p>D\u00f6nmez, enerji sekt\u00f6r\u00fcne y\u00f6nelik ise <span style=\"text-decoration: underline;\">\u015funlar\u0131 ifade etti:<\/span><\/p>\n<p><em>&#8220;<strong>Yenilenebilir enerji<\/strong> son d\u00f6nemde<strong> enerji teknolojilerinin yerlile\u015ftirilmesi<\/strong> ad\u0131na en fazla ad\u0131m att\u0131\u011f\u0131m\u0131z sekt\u00f6rlerden biri oldu. Bug\u00fcn g\u00fcne\u015f enerjisinde <strong>% 75<\/strong>, r\u00fczgar ve biyok\u00fctle enerjisinde <strong>% 65<\/strong>, jeotermal enerjide ise <strong>% 55<\/strong> oran\u0131nda<strong> yerli teknoloji \u00fcretimine<\/strong> sahibiz. Avrupa ve Orta Do\u011fu&#8217;nun ilk ve tek entegre <strong>g\u00fcne\u015f fabrikas\u0131<\/strong> bug\u00fcn T\u00fcrkiye&#8217;de<strong> tam kapasite faaliyet<\/strong> g\u00f6steriyor. Organize sanayi b\u00f6lgelerimizde son y\u0131llarda g\u00fcne\u015f enerjisi paneli ve ekipmanlar\u0131n\u0131 \u00fcreten fabrikalar\u0131m\u0131z\u0131n say\u0131s\u0131 \u00e7o\u011fal\u0131yor. Bug\u00fcn,<strong> 7.960 megavatl\u0131k g\u00fcne\u015f paneli \u00fcretimiyle<\/strong> Avrupa&#8217;da <strong>1&#8217;inci<\/strong>, d\u00fcnyada <strong>4&#8217;\u00fcnc\u00fc<\/strong> s\u0131raday\u0131z. Hedefimiz d\u00fcnyada <strong>ilk 3&#8217;e<\/strong> girmek. Sekt\u00f6r\u00fcm\u00fcz\u00fcn <strong>altyap\u0131s\u0131, dinamizmi<\/strong> buna m\u00fcsait. \u0130n\u015fallah bu hedefimize de en k\u0131sa s\u00fcrede ula\u015faca\u011f\u0131z.&#8221;<\/em><\/p>\n<p><strong>G\u00fcne\u015f enerjisinde<\/strong> sadece teknoloji \u00fcretimi ger\u00e7ekle\u015ftirmediklerini dile getiren D\u00f6nmez, bir\u00e7ok \u015firketin <strong>yurt d\u0131\u015f\u0131na g\u00fcne\u015f enerjisi yat\u0131r\u0131mlar\u0131<\/strong>yla ilgili <strong>dan\u0131\u015fmanl\u0131k hizmeti<\/strong> verdi\u011fini an\u0131msatt\u0131.<\/p>\n<p>Bakan\u00a0D\u00f6nmez, bu geli\u015fmelerin<strong> 8 y\u0131l<\/strong> gibi k\u0131sa s\u00fcrede ger\u00e7ekle\u015fti\u011fini belirterek, <em>&#8220;Bir di\u011fer alan\u0131m\u0131z da r\u00fczgar enerjisi. <strong>R\u00fczgar enerjisi g\u00fcne\u015f enerjisine g\u00f6re<\/strong> daha <strong>sofistike<\/strong>, daha<strong> komplike<\/strong> bir <strong>teknolojiyi<\/strong> i\u00e7eriyor. R\u00fczgar enerjisinin kritik par\u00e7alar\u0131 olan <strong>rotor kanad\u0131, t\u00fcrbin kulesi, ba\u011flant\u0131 elemanlar\u0131<\/strong> ve<strong> jenerat\u00f6r par\u00e7alar\u0131<\/strong> gibi pek \u00e7ok ekipman bug\u00fcn yerli imkanlarla \u00fcretiliyor. Firmalar\u0131m\u0131z \u00fcretimlerinin \u00f6nemli bir k\u0131sm\u0131n\u0131 yurt d\u0131\u015f\u0131na ihra\u00e7 ediyor.&#8221;<\/em> ifadelerini kulland\u0131.<\/p>\n<p><strong>Jeotermal<\/strong> ve <strong>biyok\u00fctlede<\/strong> yerli teknoloji \u00fcretimi sayesinde bu t\u00fcr yat\u0131r\u0131mlar\u0131n daha fizib\u0131l hale geldi\u011fini kaydeden D\u00f6nmez,<strong> jeotermal enerji \u00fcretimi<\/strong> i\u00e7in gereken <strong>gaz t\u00fcrbinini<\/strong> olu\u015fturan <strong>egzoz, ya\u011flama, baz\u0131 kontrol sistemleri, buhar enjekt\u00f6r\u00fc, jenerat\u00f6r<\/strong> ve <strong>g\u00fc\u00e7 elektroni\u011fi<\/strong> aksam\u0131n\u0131n <strong>T\u00fcrkiye&#8217;de<\/strong> \u00fcretildi\u011fini bildirdi.<\/p>\n<p>Kaynak: <a href=\"https:\/\/enerji.gov.tr\/haber-detay?id=20983\" target=\"_blank\" rel=\"noopener\">ETKB<\/a><\/p>","protected":false},"excerpt":{"rendered":"<p>Sorry, this entry is only available in Turkish. For the sake of viewer convenience, the content is shown below in the alternative language. You may click the link to switch the active language. Kocaeli&#8217;nin Gebze il\u00e7esindeki Bili\u015fim Vadisi&#8217;nde d\u00fczenlenen MMG-EURITECH Avrasya Ar-Ge, \u0130novasyon &amp; Teknoloji Zirve ve Sergisi&#8217;ne kat\u0131lan Bakan D\u00f6nmez, burada yapt\u0131\u011f\u0131 konu\u015fmada sekt\u00f6r [&hellip;]<\/p>\n","protected":false},"author":1,"featured_media":156772,"comment_status":"open","ping_status":"open","sticky":false,"template":"","format":"standard","meta":[],"categories":[22893,51,53,49,48],"tags":[2059,11683,18,2206,103764,103763,5320,103762],"views":1197,"_links":{"self":[{"href":"https:\/\/www.enerjigazetesi.ist\/en\/wp-json\/wp\/v2\/posts\/156768"}],"collection":[{"href":"https:\/\/www.enerjigazetesi.ist\/en\/wp-json\/wp\/v2\/posts"}],"about":[{"href":"https:\/\/www.enerjigazetesi.ist\/en\/wp-json\/wp\/v2\/types\/post"}],"author":[{"embeddable":true,"href":"https:\/\/www.enerjigazetesi.ist\/en\/wp-json\/wp\/v2\/users\/1"}],"replies":[{"embeddable":true,"href":"https:\/\/www.enerjigazetesi.ist\/en\/wp-json\/wp\/v2\/comments?post=156768"}],"version-history":[{"count":0,"href":"https:\/\/www.enerjigazetesi.ist\/en\/wp-json\/wp\/v2\/posts\/156768\/revisions"}],"wp:featuredmedia":[{"embeddable":true,"href":"https:\/\/www.enerjigazetesi.ist\/en\/wp-json\/wp\/v2\/media\/156772"}],"wp:attachment":[{"href":"https:\/\/www.enerjigazetesi.ist\/en\/wp-json\/wp\/v2\/media?parent=156768"}],"wp:term":[{"taxonomy":"category","embeddable":true,"href":"https:\/\/www.enerjigazetesi.ist\/en\/wp-json\/wp\/v2\/categories?post=156768"},{"taxonomy":"post_tag","embeddable":true,"href":"https:\/\/www.enerjigazetesi.ist\/en\/wp-json\/wp\/v2\/tags?post=156768"}],"curies":[{"name":"wp","href":"https:\/\/api.w.org\/{rel}","templated":true}]}}