{"id":156751,"date":"2022-06-03T10:09:55","date_gmt":"2022-06-03T07:09:55","guid":{"rendered":"https:\/\/www.enerjigazetesi.ist\/?p=156751"},"modified":"2022-06-03T10:09:55","modified_gmt":"2022-06-03T07:09:55","slug":"anadolu-isuzu-enerji-ihtiyacinin-55ini-gunes-enerjisi-nden-karsilayacak","status":"publish","type":"post","link":"https:\/\/www.enerjigazetesi.ist\/en\/anadolu-isuzu-enerji-ihtiyacinin-55ini-gunes-enerjisi-nden-karsilayacak\/","title":{"rendered":"(Turkish) &#8217;Anadolu Isuzu&#8217; Enerji \u0130htiyac\u0131n\u0131n % 55\u2019ini G\u00fcne\u015f Enerjisi&#8217;nden Kar\u015f\u0131layacak"},"content":{"rendered":"<p class=\"qtranxs-available-languages-message qtranxs-available-languages-message-en\">Sorry, this entry is only available in <a href=\"https:\/\/www.enerjigazetesi.ist\/tr\/wp-json\/wp\/v2\/posts\/156751\" class=\"qtranxs-available-language-link qtranxs-available-language-link-tr\" title=\"Turkish\">Turkish<\/a>. For the sake of viewer convenience, the content is shown below in the alternative language. You may click the link to switch the active language.<\/p><p><\/p>\n<h2>Anadolu Isuzu, s\u00fcrd\u00fcr\u00fclebilirlik odakl\u0131 ad\u0131mlar\u0131na bir yenisini daha ekledi. Anadolu Isuzu\u2019nun \u00c7ay\u0131rova\u2019daki modern tesislerinin \u00e7at\u0131 \u00fcst\u00fcnde kurulumu s\u00fcren g\u00fcne\u015f enerjisi santrali (GES) ile kurulu\u015f toplam enerji ihtiyac\u0131n\u0131n % 55\u2019ini kar\u015f\u0131layacak.<\/h2>\n<p><strong>\u0130hale, ba\u015fvuru, onay s\u00fcre\u00e7leri<\/strong> ve <strong>\u00e7at\u0131 \u00fcst\u00fc mobilizasyon i\u015flemleri<\/strong> ba\u015far\u0131yla tamamlanan fotovoltaik g\u00fcne\u015f enerjisi santrali, <strong>panel montajlar\u0131n\u0131n da<\/strong> tamamlanmas\u0131 ile birlikte <strong>5.500 MWp<\/strong> kurulu kapasiteyle <em>modern midib\u00fcs, otob\u00fcs ve kamyon \u00fcretim tesislerinin<\/em> ihtiya\u00e7 duydu\u011fu ye\u015fil enerji elde edilecek.<\/p>\n<p><strong>Anadolu Isuzu Genel M\u00fcd\u00fcr\u00fc<\/strong> <em>Tu\u011frul Ar\u0131kan<\/em> <span style=\"text-decoration: underline;\">yapt\u0131\u011f\u0131 a\u00e7\u0131klamada:<\/span><\/p>\n<p><em>\u00a0\u201c<strong>Anadolu Isuzu<\/strong> olarak s\u00fcrd\u00fcr\u00fclebilirli\u011fi t\u00fcm faaliyetlerimizin odak noktas\u0131 olarak g\u00f6r\u00fcyoruz. Bu do\u011frultuda <strong>\u201cye\u015fil d\u00f6n\u00fc\u015f\u00fcm\u201d<\/strong> odakl\u0131 faaliyetlerimizi aral\u0131ks\u0131z s\u00fcrd\u00fcr\u00fcyoruz. Hem \u00fcretimini<span style=\"text-decoration: underline;\"><strong><img loading=\"lazy\" class=\"alignright wp-image-156753\" src=\"https:\/\/www.enerjigazetesi.ist\/wp-content\/uploads\/2022\/06\/anadolu-isuzu-enerji-ihtiyacinin-55ini-gunes-enerjisi-nden-karsilayacak.jpg\" alt=\"\" width=\"300\" height=\"188\" srcset=\"https:\/\/www.enerjigazetesi.ist\/wp-content\/uploads\/2022\/06\/anadolu-isuzu-enerji-ihtiyacinin-55ini-gunes-enerjisi-nden-karsilayacak.jpg 550w, https:\/\/www.enerjigazetesi.ist\/wp-content\/uploads\/2022\/06\/anadolu-isuzu-enerji-ihtiyacinin-55ini-gunes-enerjisi-nden-karsilayacak-300x188.jpg 300w, https:\/\/www.enerjigazetesi.ist\/wp-content\/uploads\/2022\/06\/anadolu-isuzu-enerji-ihtiyacinin-55ini-gunes-enerjisi-nden-karsilayacak-500x314.jpg 500w, https:\/\/www.enerjigazetesi.ist\/wp-content\/uploads\/2022\/06\/anadolu-isuzu-enerji-ihtiyacinin-55ini-gunes-enerjisi-nden-karsilayacak-80x50.jpg 80w\" sizes=\"(max-width: 300px) 100vw, 300px\" \/><\/strong><\/span> yapt\u0131\u011f\u0131m\u0131z ara\u00e7lar\u0131n, hem de t\u00fcm \u00fcretim ve faaliyet s\u00fcre\u00e7lerimizin \u00e7evreye etkilerini en aza indirmeyi ve b\u00f6ylece ye\u015fil d\u00f6n\u00fc\u015f\u00fcmde sekt\u00f6r\u00fcm\u00fcze \u00f6nc\u00fcl\u00fck etmeyi hedefliyoruz. Bu kapsamda <strong>\u00e7evreci, s\u0131f\u0131r emisyonlu ara\u00e7 \u00fcretimine<\/strong> her ge\u00e7en g\u00fcn daha fazla a\u011f\u0131rl\u0131k verirken, operasyonlar\u0131m\u0131zdan kaynaklanan <strong>emisyonlar\u0131 en aza indirmeye de<\/strong> b\u00fcy\u00fck \u00f6nem veriyoruz. A\u011fustos ay\u0131ndan itibaren toplam elektrik ihtiyac\u0131m\u0131z\u0131 <strong>% 55<\/strong> gibi y\u00fcksek bir oranda<strong> \u00c7ay\u0131rova<\/strong>\u2019daki \u00fcretim tesislerimizin \u00e7at\u0131lar\u0131nda kurulumuna ba\u015flad\u0131\u011f\u0131m\u0131z <strong>g\u00fcne\u015f enerji santrali<\/strong> ile kar\u015f\u0131layaca\u011f\u0131z. 2022 y\u0131l\u0131n\u0131n son \u00e7eyre\u011fi itibar\u0131 ile b\u00fcy\u00fck oranda <strong>ye\u015fil enerji kullan\u0131m<\/strong>\u0131na ge\u00e7mi\u015f olaca\u011f\u0131z. <strong>Paris Anla\u015fmas\u0131, Avrupa Ye\u015fil Mutabakat\u0131<\/strong> uyum \u00e7al\u0131\u015fmalar\u0131m\u0131z ve <strong>\u00e7evreye duyarl\u0131 \u00fcretim<\/strong> yakla\u015f\u0131m\u0131m\u0131z ile \u00f6n\u00fcm\u00fczdeki d\u00f6nemde enerji ihtiyac\u0131m\u0131z\u0131n t\u00fcm\u00fcn\u00fc <strong>yenilenebilir enerji kaynaklar\u0131ndan<\/strong> kar\u015f\u0131lamay\u0131 hedefliyoruz. <strong>S\u00fcrd\u00fcr\u00fclebilirlik<\/strong> ve <strong>ye\u015fil d\u00f6n\u00fc\u015f\u00fcm<\/strong> odakl\u0131 yat\u0131r\u0131mlar\u0131m\u0131z\u0131 kesintisiz s\u00fcrd\u00fcrece\u011fiz.&#8221;<\/em><\/p>\n<p>Nisan ay\u0131nda, <strong>iklim de\u011fi\u015fikli\u011fi<\/strong> ve <strong>k\u00fcresel \u0131s\u0131nman\u0131n<\/strong> olumsuz etkilerine kar\u015f\u0131 \u00e7abalar\u0131 destekleyen uluslararas\u0131 <strong>Bilim Temelli Hedefler Giri\u015fimi\u2019ne (SBTi)<\/strong> imza veren <strong>Anadolu Isuzu<\/strong> ticari ara\u00e7 sekt\u00f6r\u00fcnde <strong>2040 y\u0131l\u0131na kadar<\/strong> yeni kamyon ve otob\u00fcs sat\u0131\u015flar\u0131nda <strong>%100 s\u0131f\u0131r emisyon hedefi<\/strong>ni destekleyen <strong>\u201cDrive to Zero\u201d<\/strong> inisiyatifine de \u00fcye olarak destek veriyor.<\/p>","protected":false},"excerpt":{"rendered":"<p>Sorry, this entry is only available in Turkish. For the sake of viewer convenience, the content is shown below in the alternative language. You may click the link to switch the active language. Anadolu Isuzu, s\u00fcrd\u00fcr\u00fclebilirlik odakl\u0131 ad\u0131mlar\u0131na bir yenisini daha ekledi. Anadolu Isuzu\u2019nun \u00c7ay\u0131rova\u2019daki modern tesislerinin \u00e7at\u0131 \u00fcst\u00fcnde kurulumu s\u00fcren g\u00fcne\u015f enerjisi santrali (GES) [&hellip;]<\/p>\n","protected":false},"author":1,"featured_media":156753,"comment_status":"open","ping_status":"open","sticky":false,"template":"","format":"standard","meta":[],"categories":[51,53,49],"tags":[39283,88828,103136,18,2206,1999,1471,1296,34977,2482,103758],"views":123,"_links":{"self":[{"href":"https:\/\/www.enerjigazetesi.ist\/en\/wp-json\/wp\/v2\/posts\/156751"}],"collection":[{"href":"https:\/\/www.enerjigazetesi.ist\/en\/wp-json\/wp\/v2\/posts"}],"about":[{"href":"https:\/\/www.enerjigazetesi.ist\/en\/wp-json\/wp\/v2\/types\/post"}],"author":[{"embeddable":true,"href":"https:\/\/www.enerjigazetesi.ist\/en\/wp-json\/wp\/v2\/users\/1"}],"replies":[{"embeddable":true,"href":"https:\/\/www.enerjigazetesi.ist\/en\/wp-json\/wp\/v2\/comments?post=156751"}],"version-history":[{"count":0,"href":"https:\/\/www.enerjigazetesi.ist\/en\/wp-json\/wp\/v2\/posts\/156751\/revisions"}],"wp:featuredmedia":[{"embeddable":true,"href":"https:\/\/www.enerjigazetesi.ist\/en\/wp-json\/wp\/v2\/media\/156753"}],"wp:attachment":[{"href":"https:\/\/www.enerjigazetesi.ist\/en\/wp-json\/wp\/v2\/media?parent=156751"}],"wp:term":[{"taxonomy":"category","embeddable":true,"href":"https:\/\/www.enerjigazetesi.ist\/en\/wp-json\/wp\/v2\/categories?post=156751"},{"taxonomy":"post_tag","embeddable":true,"href":"https:\/\/www.enerjigazetesi.ist\/en\/wp-json\/wp\/v2\/tags?post=156751"}],"curies":[{"name":"wp","href":"https:\/\/api.w.org\/{rel}","templated":true}]}}