{"id":156730,"date":"2022-06-03T14:40:45","date_gmt":"2022-06-03T11:40:45","guid":{"rendered":"https:\/\/www.enerjigazetesi.ist\/?p=156730"},"modified":"2022-06-03T15:10:08","modified_gmt":"2022-06-03T12:10:08","slug":"yerli-ve-milli-jenerator-de-seri-uretime-gecilecek","status":"publish","type":"post","link":"https:\/\/www.enerjigazetesi.ist\/en\/yerli-ve-milli-jenerator-de-seri-uretime-gecilecek\/","title":{"rendered":"(Turkish) Yerli ve Milli Jenerat\u00f6rde Seri \u00dcretime Ge\u00e7ilecek"},"content":{"rendered":"<p class=\"qtranxs-available-languages-message qtranxs-available-languages-message-en\">Sorry, this entry is only available in <a href=\"https:\/\/www.enerjigazetesi.ist\/tr\/wp-json\/wp\/v2\/posts\/156730\" class=\"qtranxs-available-language-link qtranxs-available-language-link-tr\" title=\"Turkish\">Turkish<\/a>. For the sake of viewer convenience, the content is shown below in the alternative language. You may click the link to switch the active language.<\/p><p><\/p>\n<h2>Enerji ve Tabii Kaynaklar Bakan\u0131 Fatih D\u00f6nmez, milli enerji teknolojilerinin geli\u015ftirilmesi ad\u0131na \u00f6nemli Ar-Ge faaliyetleri yap\u0131ld\u0131\u011f\u0131n\u0131 belirterek, <em>&#8220;Yerli ve milli jenerat\u00f6r \u00fcretiminde art\u0131k seri \u00fcretime ge\u00e7iyoruz.&#8221;<\/em> dedi.<\/h2>\n<p><img loading=\"lazy\" class=\"alignright wp-image-156811\" src=\"https:\/\/www.enerjigazetesi.ist\/wp-content\/uploads\/2022\/06\/yerli-ve-milli-jeneratorde-seri-uretime-gecilecek.jpg\" alt=\"\" width=\"320\" height=\"211\" srcset=\"https:\/\/www.enerjigazetesi.ist\/wp-content\/uploads\/2022\/06\/yerli-ve-milli-jeneratorde-seri-uretime-gecilecek.jpg 550w, https:\/\/www.enerjigazetesi.ist\/wp-content\/uploads\/2022\/06\/yerli-ve-milli-jeneratorde-seri-uretime-gecilecek-300x197.jpg 300w, https:\/\/www.enerjigazetesi.ist\/wp-content\/uploads\/2022\/06\/yerli-ve-milli-jeneratorde-seri-uretime-gecilecek-500x329.jpg 500w, https:\/\/www.enerjigazetesi.ist\/wp-content\/uploads\/2022\/06\/yerli-ve-milli-jeneratorde-seri-uretime-gecilecek-76x50.jpg 76w\" sizes=\"(max-width: 320px) 100vw, 320px\" \/>Bakan D\u00f6nmez, <strong>Elektrik \u00dcretim A.\u015e&#8217;nin d\u00fczenledi\u011fi<\/strong> &#8220;<strong>Hedef 2053: Termik Santrallerin Gelece\u011fi \u00c7al\u0131\u015ftay\u0131&#8217;nda<\/strong> ger\u00e7ekle\u015ftirdi\u011fi konu\u015fmada, ge\u00e7en y\u0131l <strong>meteorolojik dengesizlikler<\/strong> ve <strong>enerji piyasalar\u0131<\/strong>ndaki <strong>sert dalgalanmalar\u0131n<\/strong> fosil yak\u0131tlara <strong>talebi art\u0131rd\u0131\u011f\u0131na<\/strong> i\u015faret ederek <strong>yenilenebilir enerji<\/strong>, <strong>enerji verimlili\u011fi<\/strong> ve<strong> n\u00fckleer enerji<\/strong> yat\u0131r\u0131mlar\u0131yla birlikte<strong> mevcut santrallerin<\/strong> daha az <strong>emisyonla \u00fcretim<\/strong> yapmas\u0131 i\u00e7in gereken <strong>temiz enerji yat\u0131r\u0131mlar\u0131n\u0131n<\/strong> devam etti\u011fini a\u00e7\u0131klad\u0131.<\/p>\n<h3>\u0130lk Yerli T\u00fcrbin \u00dcretimimiz de Yak\u0131nda<\/h3>\n<p><strong>Yerli<\/strong> ve <strong>milli<\/strong> <strong>enerji teknolojilerinin geli\u015ftirilmesi<\/strong> ad\u0131na<em><strong> E\u00dcA\u015e&#8217;\u0131n \u00f6nemli Ar-Ge faaliyetleri<\/strong><\/em> yapt\u0131\u011f\u0131na dikkati \u00e7eken D\u00f6nmez, \u015funlar\u0131 kaydetti: <em>&#8220;T\u00fcrkiye&#8217;nin ilk yerli ve milli jenerat\u00f6r \u00fcretiminin m\u00fcjdesini daha \u00f6nce kamuoyuyla payla\u015fm\u0131\u015ft\u0131k. Bug\u00fcn bu konuda bir m\u00fcjde daha payla\u015fmak istiyoruz. <strong>Yerli<\/strong> ve <strong>milli jenerat\u00f6r<\/strong> \u00fcretiminde <strong>art\u0131k seri \u00fcretime<\/strong> ge\u00e7iyoruz. Elektrik \u00fcretiminin di\u011fer iki \u00f6nemli aksam\u0131 <strong>t\u00fcrbin<\/strong> ve <strong>kontrol sistemlerinin yerlile\u015ftirilmesi<\/strong>nde de \u00f6nemli bir mesafe kat ettik. T\u00fcrbin tasar\u0131mlar\u0131m\u0131z\u0131 bitirdik. Yak\u0131nda <strong>ilk yerli t\u00fcrbin \u00fcretimine <\/strong>de ge\u00e7ece\u011fiz. \u0130lk yerli t\u00fcrbinimizi ve seri \u00fcretimden \u00e7\u0131karaca\u011f\u0131m\u0131z ilk yerli jenerat\u00f6r\u00fcm\u00fcz\u00fc <strong>Sakarya Nehri<\/strong> \u00fczerinde bulunan <strong>Hasan Polatkan Hidroelektrik Santralimizde<\/strong> kullanaca\u011f\u0131z. Santrallerimizin kontrol sistemlerini<strong> Elektrik Otomasyon Sistemi<\/strong> ad\u0131n\u0131 verdi\u011fimiz<strong> EOS projesiyle<\/strong> yerlile\u015ftirmi\u015ftik. 2022 i\u00e7erisinde in\u015fallah <strong>20 santralimizde<\/strong> uygulamas\u0131n\u0131 ger\u00e7ekle\u015ftirece\u011fiz. Hasan Polatkan HES de bunlardan biri olacak. \u015eu ana kadar <strong>8 santralimizdeki uygulamay\u0131<\/strong> tamamlad\u0131k. Kalan 12 santralimize de in\u015fallah y\u0131l sonuna kadar <strong>otomasyon sistemlerini<\/strong> yerle\u015ftirmi\u015f olaca\u011f\u0131z.&#8221; ifadelerini kulland\u0131.<\/em><\/p>\n<p><strong>Yay\u0131na Haz\u0131rlayan:<\/strong>\u00a0Muhammet Alperen ERTA\u015e\u00a0 \u2013\u00a0\u00a0<a href=\"mailto:alperen.ertas@enerjigazetesi.ist\" target=\"_blank\" rel=\"noopener\">alperen.ertas@enerjigazetesi.ist<\/a><\/p>\n<p>Kaynak: <a href=\"https:\/\/enerji.gov.tr\/haber-detay?id=20980\" target=\"_blank\" rel=\"noopener\">ETKB<\/a><\/p>","protected":false},"excerpt":{"rendered":"<p>Sorry, this entry is only available in Turkish. For the sake of viewer convenience, the content is shown below in the alternative language. You may click the link to switch the active language. Enerji ve Tabii Kaynaklar Bakan\u0131 Fatih D\u00f6nmez, milli enerji teknolojilerinin geli\u015ftirilmesi ad\u0131na \u00f6nemli Ar-Ge faaliyetleri yap\u0131ld\u0131\u011f\u0131n\u0131 belirterek, &#8220;Yerli ve milli jenerat\u00f6r \u00fcretiminde [&hellip;]<\/p>\n","protected":false},"author":19,"featured_media":156813,"comment_status":"open","ping_status":"open","sticky":false,"template":"","format":"standard","meta":[],"categories":[51,53,52,157],"tags":[25845,886,6966,19638,103775,69393,67,2698,12,1033,7137,21210,103772,2629,103748,105,103774],"views":150,"_links":{"self":[{"href":"https:\/\/www.enerjigazetesi.ist\/en\/wp-json\/wp\/v2\/posts\/156730"}],"collection":[{"href":"https:\/\/www.enerjigazetesi.ist\/en\/wp-json\/wp\/v2\/posts"}],"about":[{"href":"https:\/\/www.enerjigazetesi.ist\/en\/wp-json\/wp\/v2\/types\/post"}],"author":[{"embeddable":true,"href":"https:\/\/www.enerjigazetesi.ist\/en\/wp-json\/wp\/v2\/users\/19"}],"replies":[{"embeddable":true,"href":"https:\/\/www.enerjigazetesi.ist\/en\/wp-json\/wp\/v2\/comments?post=156730"}],"version-history":[{"count":0,"href":"https:\/\/www.enerjigazetesi.ist\/en\/wp-json\/wp\/v2\/posts\/156730\/revisions"}],"wp:featuredmedia":[{"embeddable":true,"href":"https:\/\/www.enerjigazetesi.ist\/en\/wp-json\/wp\/v2\/media\/156813"}],"wp:attachment":[{"href":"https:\/\/www.enerjigazetesi.ist\/en\/wp-json\/wp\/v2\/media?parent=156730"}],"wp:term":[{"taxonomy":"category","embeddable":true,"href":"https:\/\/www.enerjigazetesi.ist\/en\/wp-json\/wp\/v2\/categories?post=156730"},{"taxonomy":"post_tag","embeddable":true,"href":"https:\/\/www.enerjigazetesi.ist\/en\/wp-json\/wp\/v2\/tags?post=156730"}],"curies":[{"name":"wp","href":"https:\/\/api.w.org\/{rel}","templated":true}]}}